{"id":583567,"date":"2025-12-07T05:16:20","date_gmt":"2025-12-07T05:16:20","guid":{"rendered":"https:\/\/www.europesays.com\/fr\/583567\/"},"modified":"2025-12-07T05:16:20","modified_gmt":"2025-12-07T05:16:20","slug":"saint-etienne-on-prepare-ce-demenagement-depuis-un-an-la-charite-sera-bientot-quasiment-vide","status":"publish","type":"post","link":"https:\/\/www.europesays.com\/fr\/583567\/","title":{"rendered":"Saint-\u00c9tienne. \u00ab\u00a0On pr\u00e9pare ce d\u00e9m\u00e9nagement depuis un an\u00a0\u00bb\u00a0:\u00a0 la Charit\u00e9 sera bient\u00f4t quasiment vide"},"content":{"rendered":"<p>D\u2019ici une dizaine de jours, il ne restera plus aucun lit d\u2019hospitalisation \u00e0 la Charit\u00e9. Et seulement deux services\u00a0: la psychiatrie ambulatoire et le CeGIDD (centre de <a href=\"https:\/\/www.leprogres.fr\/sante\/2025\/12\/02\/sida-avec-le-recul-de-l-education-a-la-sexualite-les-professionnels-de-sante-redoutent-une-reprise-des-contaminations\" target=\"_blank\" rel=\"noopener\">d\u00e9pistage des infections du VIH et des IST<\/a> ). La trentaine de personnels qui y travaillent risque de se sentir bien seuls\u2026<\/p>\n<p>Le CHU, qui, dans une logique de rationalisation, souhaite regrouper l\u2019ensemble de ses activit\u00e9s sur deux sites (h\u00f4pital Nord et Bellevue), a en effet entrepris, voici d\u00e9j\u00e0 plusieurs ann\u00e9es maintenant, de quitter progressivement la Charit\u00e9. Ainsi, en 2018, <a href=\"https:\/\/www.leprogres.fr\/lifestyle\/2018\/12\/06\/la-nouvelle-unite-de-soins-longue-duree-du-chu-accueille-ses-premiers-residents\" target=\"_blank\" rel=\"noopener\">ce sont les soins longue dur\u00e9e qui avaient \u00e9t\u00e9 transf\u00e9r\u00e9s<\/a> dans le tout nouveau pavillon Yves-Delomier (160 lits), \u00e0 Bellevue.<\/p>\n<p>170 personnels et 22\u00a0000 patients annuels<\/p>\n<p>En cette fin 2025, de nouveaux services de g\u00e9riatrie vont \u00e0 leur tour prendre la direction de Bellevue. Cela concerne quatre unit\u00e9s d\u2019hospitalisation, trois h\u00f4pitaux de jour ainsi que les consultations et le service de radiologie. Ce qui repr\u00e9sente environ 170 personnels et quelque&#8230;<\/p>\n","protected":false},"excerpt":{"rendered":"D\u2019ici une dizaine de jours, il ne restera plus aucun lit d\u2019hospitalisation \u00e0 la Charit\u00e9. Et seulement deux&hellip;\n","protected":false},"author":2,"featured_media":583568,"comment_status":"","ping_status":"","sticky":false,"template":"","format":"standard","meta":{"footnotes":""},"categories":[9653],"tags":[1111,11,2430,7539,1777,674,1011,27,12,25,4001,7538,71],"class_list":{"0":"post-583567","1":"post","2":"type-post","3":"status-publish","4":"format-standard","5":"has-post-thumbnail","7":"category-saint-etienne","8":"tag-actu","9":"tag-actualites","10":"tag-auvergne-rhone-alpes","11":"tag-edition-loire-sud","12":"tag-eu","13":"tag-europe","14":"tag-fr","15":"tag-france","16":"tag-news","17":"tag-republique-francaise","18":"tag-saint-etienne","19":"tag-saint-etienne-ville","20":"tag-sante"},"share_on_mastodon":{"url":"https:\/\/pubeurope.com\/@fr\/115676589914685961","error":""},"_links":{"self":[{"href":"https:\/\/www.europesays.com\/fr\/wp-json\/wp\/v2\/posts\/583567","targetHints":{"allow":["GET"]}}],"collection":[{"href":"https:\/\/www.europesays.com\/fr\/wp-json\/wp\/v2\/posts"}],"about":[{"href":"https:\/\/www.europesays.com\/fr\/wp-json\/wp\/v2\/types\/post"}],"author":[{"embeddable":true,"href":"https:\/\/www.europesays.com\/fr\/wp-json\/wp\/v2\/users\/2"}],"replies":[{"embeddable":true,"href":"https:\/\/www.europesays.com\/fr\/wp-json\/wp\/v2\/comments?post=583567"}],"version-history":[{"count":0,"href":"https:\/\/www.europesays.com\/fr\/wp-json\/wp\/v2\/posts\/583567\/revisions"}],"wp:featuredmedia":[{"embeddable":true,"href":"https:\/\/www.europesays.com\/fr\/wp-json\/wp\/v2\/media\/583568"}],"wp:attachment":[{"href":"https:\/\/www.europesays.com\/fr\/wp-json\/wp\/v2\/media?parent=583567"}],"wp:term":[{"taxonomy":"category","embeddable":true,"href":"https:\/\/www.europesays.com\/fr\/wp-json\/wp\/v2\/categories?post=583567"},{"taxonomy":"post_tag","embeddable":true,"href":"https:\/\/www.europesays.com\/fr\/wp-json\/wp\/v2\/tags?post=583567"}],"curies":[{"name":"wp","href":"https:\/\/api.w.org\/{rel}","templated":true}]}}