{"id":583569,"date":"2025-12-07T05:17:14","date_gmt":"2025-12-07T05:17:14","guid":{"rendered":"https:\/\/www.europesays.com\/fr\/583569\/"},"modified":"2025-12-07T05:17:14","modified_gmt":"2025-12-07T05:17:14","slug":"cest-toute-ma-jeunesse-dominique-rocheteau-legende-de-lasse-en-dedicace-a-gueret","status":"publish","type":"post","link":"https:\/\/www.europesays.com\/fr\/583569\/","title":{"rendered":"\u00ab\u00a0C&rsquo;est toute ma jeunesse\u00a0\u00bb : Dominique Rocheteau, l\u00e9gende de l&rsquo;ASSE, en d\u00e9dicace \u00e0 Gu\u00e9ret"},"content":{"rendered":"<p>Dominique Rocheteau, joueur iconique de l&rsquo;ASSE, \u00e9tait ce samedi en d\u00e9dicace \u00e0 Gu\u00e9ret. Le club st\u00e9phanois f\u00eate les 50 ans de son \u00e9pop\u00e9e en Coupe d&rsquo;Europe en 76 ans. Les supporters et fans creusois \u00e9taient ravis.<\/p>\n<p>Une mar\u00e9e verte hier ce samedi au Leclerc de Gu\u00e9ret. Des dizaines de fan de l&rsquo;AS Saint Etienne avaient rendez vous avec une l\u00e9gende du club. <strong>Dominique Rocheteau<\/strong>, joueur phare des ann\u00e9es 70 la grande \u00e9poque de l&rsquo;ASSE. Pour les 50 ans de l&rsquo;\u00e9pop\u00e9e du club jusqu&rsquo;en coupe d&rsquo;Europe, il entame avec ses ex-co\u00e9quipiers une tourn\u00e9e anniversaire. La premi\u00e8re \u00e9tape \u00e9tait \u00e0 Gu\u00e9ret et les fans \u00e9taient au rendez-vous. Il y a eu jusqu&rsquo;\u00e0 <strong>deux heures d&rsquo;attente<\/strong>. Etaient pr\u00e9sents \u00e9galement Christian Sarramana, Alain Merchadier et Patrick Revelli.<\/p>\n<p>\u00ab\u00a0Ils ont fait r\u00eaver plein de gens\u00a0\u00bb<\/p>\n<p>Alain, maillot d&rsquo;\u00e9poque de l&rsquo;ASSE sur le dos ne pouvait manquer \u00e7a. \u00ab\u00a0Ce sont mes jeunes ann\u00e9es. C&rsquo;est donc tr\u00e8s important pour moi de venir aujourd&rsquo;hui. \u00c7a me fait quelque chose. C&rsquo;\u00e9tait un super joueur.\u00a0\u00bb Nathalie est venue de Limoges, elle supportrice depuis toute petite de Saint-Etienne, gr\u00e2ce \u00e0 son papa. \u00ab\u00a0C&rsquo;\u00e9tait un fana des Verts aussi, et moi je faisais les d\u00e9placements avec eux\u00a0\u00bb, se souvient-elle.\u00a0Comme eux, ils sont <strong>des dizaines \u00e0 \u00eatre venus rencontrer leur idole<\/strong>. \u00ab\u00a0C&rsquo;\u00e9tait mon joueur pr\u00e9f\u00e9r\u00e9, un num\u00e9ro 7 hors pair qui a fait r\u00eaver des tas de gens\u00a0\u00bb, rappelle Alain.<\/p>\n<p>Dominique Rocheteau, l&rsquo;ex-footballeur de Saint-Etienne, est d&rsquo;ailleurs <strong>touch\u00e9 par cette ferveur des d\u00e9cennies apr\u00e8s<\/strong> son passage par le club st\u00e9phanois. \u00ab\u00a0Il y a toujours un petit peu d&rsquo;\u00e9motion parce qu&rsquo;il y a des jours, des souvenirs. On discute et c&rsquo;est toujours sympa\u00a0\u00bb, sourit-il.<\/p>\n<p>\u00c0 lire aussi   <img decoding=\"async\" src=\"https:\/\/www.europesays.com\/fr\/wp-content\/uploads\/2025\/12\/1765084634_787_400x400\" alt=\"\" style=\"--_image-preview:url('data:image\/jpeg;base64,\/9j\/2wBDACgcHiMeGSgjISMtKygwPGRBPDc3PHtYXUlkkYCZlo+AjIqgtObDoKrarYqMyP\/L2u71\/\/\/\/m8H\/\/\/\/6\/+b9\/\/j\/2wBDASstLTw1PHZBQXb4pYyl+Pj4+Pj4+Pj4+Pj4+Pj4+Pj4+Pj4+Pj4+Pj4+Pj4+Pj4+Pj4+Pj4+Pj4+Pj4+Pj4+Pj\/wAARCAAXACoDASIAAhEBAxEB\/8QAFwABAQEBAAAAAAAAAAAAAAAAAAECA\/\/EABYQAQEBAAAAAAAAAAAAAAAAAAABEf\/EABYBAQEBAAAAAAAAAAAAAAAAAAEAAv\/EABURAQEAAAAAAAAAAAAAAAAAAAAB\/9oADAMBAAIRAxEAPwDKooQaJUoWpqVA064YBZRKCLNZAF\/\/2Q==');\" loading=\"lazy\" fetchpriority=\"low\" aria-hidden=\"true\" class=\"svelte-1cksh76 rounded\" onload=\"this.__e=event\" onerror=\"this.__e=event\"\/><\/p>\n","protected":false},"excerpt":{"rendered":"Dominique Rocheteau, joueur iconique de l&rsquo;ASSE, \u00e9tait ce samedi en d\u00e9dicace \u00e0 Gu\u00e9ret. Le club st\u00e9phanois f\u00eate les&hellip;\n","protected":false},"author":2,"featured_media":583570,"comment_status":"","ping_status":"","sticky":false,"template":"","format":"standard","meta":{"footnotes":""},"categories":[9653],"tags":[1111,11,2430,1777,674,1011,27,12,25,4001],"class_list":{"0":"post-583569","1":"post","2":"type-post","3":"status-publish","4":"format-standard","5":"has-post-thumbnail","7":"category-saint-etienne","8":"tag-actu","9":"tag-actualites","10":"tag-auvergne-rhone-alpes","11":"tag-eu","12":"tag-europe","13":"tag-fr","14":"tag-france","15":"tag-news","16":"tag-republique-francaise","17":"tag-saint-etienne"},"share_on_mastodon":{"url":"https:\/\/pubeurope.com\/@fr\/115676594436637556","error":""},"_links":{"self":[{"href":"https:\/\/www.europesays.com\/fr\/wp-json\/wp\/v2\/posts\/583569","targetHints":{"allow":["GET"]}}],"collection":[{"href":"https:\/\/www.europesays.com\/fr\/wp-json\/wp\/v2\/posts"}],"about":[{"href":"https:\/\/www.europesays.com\/fr\/wp-json\/wp\/v2\/types\/post"}],"author":[{"embeddable":true,"href":"https:\/\/www.europesays.com\/fr\/wp-json\/wp\/v2\/users\/2"}],"replies":[{"embeddable":true,"href":"https:\/\/www.europesays.com\/fr\/wp-json\/wp\/v2\/comments?post=583569"}],"version-history":[{"count":0,"href":"https:\/\/www.europesays.com\/fr\/wp-json\/wp\/v2\/posts\/583569\/revisions"}],"wp:featuredmedia":[{"embeddable":true,"href":"https:\/\/www.europesays.com\/fr\/wp-json\/wp\/v2\/media\/583570"}],"wp:attachment":[{"href":"https:\/\/www.europesays.com\/fr\/wp-json\/wp\/v2\/media?parent=583569"}],"wp:term":[{"taxonomy":"category","embeddable":true,"href":"https:\/\/www.europesays.com\/fr\/wp-json\/wp\/v2\/categories?post=583569"},{"taxonomy":"post_tag","embeddable":true,"href":"https:\/\/www.europesays.com\/fr\/wp-json\/wp\/v2\/tags?post=583569"}],"curies":[{"name":"wp","href":"https:\/\/api.w.org\/{rel}","templated":true}]}}