{"id":583575,"date":"2025-12-07T05:25:13","date_gmt":"2025-12-07T05:25:13","guid":{"rendered":"https:\/\/www.europesays.com\/fr\/583575\/"},"modified":"2025-12-07T05:25:13","modified_gmt":"2025-12-07T05:25:13","slug":"les-mozart-de-la-reussite-2025-mettent-a-lhonneur-les-femmes","status":"publish","type":"post","link":"https:\/\/www.europesays.com\/fr\/583575\/","title":{"rendered":"Les Mozart de la R\u00e9ussite 2025 mettent \u00e0 l\u2019honneur les femmes"},"content":{"rendered":"<p>Ce mardi 2 d\u00e9cembre, au Pasino de La Grande-Motte, Jean-Marc Maillot, pr\u00e9sident du Cercle Mozart, Andr\u00e9 Deljarry, pr\u00e9sident de la CCI H\u00e9rault et Denys Bedarride, directeur g\u00e9n\u00e9ral du m\u00e9dia Ecomnews ont orchestr\u00e9 la quatri\u00e8me \u00e9dition des Mozart de la R\u00e9ussite, une soir\u00e9e anim\u00e9e par Jean-Fran\u00e7ois Boyer. \u00c0 la cl\u00e9, huit troph\u00e9es pour r\u00e9compenser l\u2019engagement de femmes et d\u2019hommes acteurs du dynamisme r\u00e9gional, souvent m\u00e9connus.<\/p>\n<p><b>Cinq femmes r\u00e9compens\u00e9es<\/b><\/p>\n<p>La R\u00e9gion Occitanie, ce sont 6,2 millions d\u2019habitants dont 2,7 millions d\u2019actifs, 102 500 entreprises y ont \u00e9t\u00e9 cr\u00e9\u00e9es en 2024 dont 68 % de micro-entreprises. Le prix de la sant\u00e9 est remis \u00e0 Amel Hadri, PDG et fondatrice de INITS, soci\u00e9t\u00e9 sp\u00e9cialis\u00e9e dans l\u2019accompagnement des biotechnologies. Elle souligne : \u00ab\u00a0Notre action porte sur le d\u00e9veloppement des m\u00e9dicaments du futur pour traiter des indications th\u00e9rapeutiques pour lesquelles il n\u2019existe pas de r\u00e9ponse aujourd\u2019hui.\u00a0\u00bb<\/p>\n<p>Le prix de l\u2019innovation revient \u00e0 Anne-Lise et Fr\u00e9d\u00e9ric Melki, dirigeants du bureau d\u2019\u00e9tudes Biotope, pionnier international de l\u2019ing\u00e9nierie \u00e9cologique au service de la pr\u00e9servation de la biodiversit\u00e9. Le prix du tourisme est d\u00e9cern\u00e9 \u00e0 Guilhem et Arnaud de Grully, directeurs de la Grotte des Demoiselles. Le site naturel accueille environ 100 000 visiteurs par an. \u00ab\u00a0Nous avons diversifi\u00e9 nos activit\u00e9s avec l\u2019exploration \u00e0 la lanterne, le saut pendulaire\u00a0\u00bb, souligne le p\u00e8re Guilhem qui commence \u00e0 passer la main \u00e0 son fils Arnaud.<\/p>\n<p>Le prix des transitions est remis \u00e0 Franck Vila, dirigeant du groupe \u00e9ponyme, 3e g\u00e9n\u00e9ration d\u2019agriculteurs, qui \u00ab\u00a0conjugue performance, respect de l\u2019environnement et innovation\u00a0\u00bb.<\/p>\n<p>Le prix du sport revient \u00e0 Cindy Le Falher, nageuse de l\u2019extr\u00eame. Elle a travers\u00e9 la Manche en 18 heures, l\u2019\u00e9t\u00e9 dernier, sans combinaison ni assistance. \u00ab\u00a0Cette travers\u00e9e, c\u2019est l\u2019Everest de la natation en eaux libres\u00a0\u00bb, d\u00e9crit la championne au grand c\u0153ur. Cinquante mille euros ont ainsi \u00e9t\u00e9 r\u00e9colt\u00e9s au profit de l\u2019association Envie de sens ? qui lutte contre l\u2019isolement relationnel des personnes handicap\u00e9es.<\/p>\n<p>Le prix de l\u2019engagement social est pour Anne Fra\u00efsse, pr\u00e9sidente de l\u2019universit\u00e9 Paul-Val\u00e9ry, qui soutient \u00ab\u00a0l\u2019int\u00e9gration de tous les \u00e9tudiants en difficult\u00e9s financi\u00e8res ou de handicap\u00a0\u00bb. Le prix de l\u2019attractivit\u00e9 en r\u00e9gion est remis \u00e0 Youcef Kamira, PDG de AmiraTrans, acteur national du transport et de la logistique, fier que \u00ab\u00a035 % de ses camions roulent \u00e0 l\u2019Oleo100\u00a0\u00bb. Enfin, le prix coup de c\u0153ur revient \u00e0 Agn\u00e8s Praden, docteur en pharmacie fondatrice des pharmacies du m\u00eame nom et pionni\u00e8re de l\u2019officine connect\u00e9e.<\/p>\n<p>\u00ab\u00a0En hommage \u00e0 Mozart, les troph\u00e9es sont des violons imagin\u00e9s par l\u2019artiste s\u00e9tois Marc Duran, des \u0153uvres uniques repr\u00e9sentatives des laur\u00e9ats de cette soir\u00e9e\u00a0\u00bb, conclut Jean-Marc Maillot.<\/p>\n<p>Correspondante Midi Libre : 07 84 54 03 80<\/p>\n","protected":false},"excerpt":{"rendered":"Ce mardi 2 d\u00e9cembre, au Pasino de La Grande-Motte, Jean-Marc Maillot, pr\u00e9sident du Cercle Mozart, Andr\u00e9 Deljarry, pr\u00e9sident&hellip;\n","protected":false},"author":2,"featured_media":583576,"comment_status":"","ping_status":"","sticky":false,"template":"","format":"standard","meta":{"footnotes":""},"categories":[9599],"tags":[1111,11,33,257,1777,674,1011,27,7089,68896,2208,12,2680,25],"class_list":{"0":"post-583575","1":"post","2":"type-post","3":"status-publish","4":"format-standard","5":"has-post-thumbnail","7":"category-montpellier","8":"tag-actu","9":"tag-actualites","10":"tag-economie","11":"tag-entreprise","12":"tag-eu","13":"tag-europe","14":"tag-fr","15":"tag-france","16":"tag-herault","17":"tag-lagrandemotte","18":"tag-montpellier","19":"tag-news","20":"tag-occitanie","21":"tag-republique-francaise"},"share_on_mastodon":{"url":"https:\/\/pubeurope.com\/@fr\/115676625660976287","error":""},"_links":{"self":[{"href":"https:\/\/www.europesays.com\/fr\/wp-json\/wp\/v2\/posts\/583575","targetHints":{"allow":["GET"]}}],"collection":[{"href":"https:\/\/www.europesays.com\/fr\/wp-json\/wp\/v2\/posts"}],"about":[{"href":"https:\/\/www.europesays.com\/fr\/wp-json\/wp\/v2\/types\/post"}],"author":[{"embeddable":true,"href":"https:\/\/www.europesays.com\/fr\/wp-json\/wp\/v2\/users\/2"}],"replies":[{"embeddable":true,"href":"https:\/\/www.europesays.com\/fr\/wp-json\/wp\/v2\/comments?post=583575"}],"version-history":[{"count":0,"href":"https:\/\/www.europesays.com\/fr\/wp-json\/wp\/v2\/posts\/583575\/revisions"}],"wp:featuredmedia":[{"embeddable":true,"href":"https:\/\/www.europesays.com\/fr\/wp-json\/wp\/v2\/media\/583576"}],"wp:attachment":[{"href":"https:\/\/www.europesays.com\/fr\/wp-json\/wp\/v2\/media?parent=583575"}],"wp:term":[{"taxonomy":"category","embeddable":true,"href":"https:\/\/www.europesays.com\/fr\/wp-json\/wp\/v2\/categories?post=583575"},{"taxonomy":"post_tag","embeddable":true,"href":"https:\/\/www.europesays.com\/fr\/wp-json\/wp\/v2\/tags?post=583575"}],"curies":[{"name":"wp","href":"https:\/\/api.w.org\/{rel}","templated":true}]}}