{"id":583577,"date":"2025-12-07T05:26:25","date_gmt":"2025-12-07T05:26:25","guid":{"rendered":"https:\/\/www.europesays.com\/fr\/583577\/"},"modified":"2025-12-07T05:26:25","modified_gmt":"2025-12-07T05:26:25","slug":"football-regional-1-fc-montceau-oublier-montpellier-et-se-recentrer-sur-saint-apollinaire","status":"publish","type":"post","link":"https:\/\/www.europesays.com\/fr\/583577\/","title":{"rendered":"Football R\u00e9gional 1 &#8211; FC Montceau : oublier Montpellier et se recentrer sur Saint-Apollinaire"},"content":{"rendered":"<p>\t\t\t\t\t\t<a href=\"https:\/\/www.europesays.com\/fr\/wp-content\/uploads\/2025\/12\/EX1A6686.jpg\"><img fetchpriority=\"high\" decoding=\"async\" aria-describedby=\"caption-attachment-206682\" data-attachment-id=\"206682\" data-permalink=\"https:\/\/linformateurdebourgogne.com\/football-regional-1-fc-montceau-oublier-montpellier-et-se-recentrer-sur-saint-apollinaire\/ex1a6686-2\/\" data-orig-file=\"https:\/\/www.europesays.com\/fr\/wp-content\/uploads\/2025\/12\/EX1A6686.jpg\" data-orig-size=\"800,533\" data-comments-opened=\"0\" data-image-meta=\"{&quot;aperture&quot;:&quot;0&quot;,&quot;credit&quot;:&quot;&quot;,&quot;camera&quot;:&quot;&quot;,&quot;caption&quot;:&quot;&quot;,&quot;created_timestamp&quot;:&quot;0&quot;,&quot;copyright&quot;:&quot;&quot;,&quot;focal_length&quot;:&quot;0&quot;,&quot;iso&quot;:&quot;0&quot;,&quot;shutter_speed&quot;:&quot;0&quot;,&quot;title&quot;:&quot;&quot;,&quot;orientation&quot;:&quot;0&quot;}\" data-image-title=\"EX1A6686\" data-image-description=\"\" data-image-caption=\"\" data-medium-file=\"https:\/\/linformateurdebourgogne.com\/wp-content\/uploads\/2025\/12\/EX1A6686-300x200.jpg\" data-large-file=\"https:\/\/www.europesays.com\/fr\/wp-content\/uploads\/2025\/12\/EX1A6686.jpg\" class=\"wp-image-206682 size-full\" src=\"https:\/\/www.europesays.com\/fr\/wp-content\/uploads\/2025\/12\/EX1A6686.jpg\" alt=\"\" width=\"800\" height=\"533\"  \/><\/a><\/p>\n<p id=\"caption-attachment-206682\" class=\"wp-caption-text\">Tourner la page Montpellier et revenir au championnat R1, la mission des joueurs du FCMB contre Saint-Apollinaire cet apr\u00e8s-midi.<\/p>\n<p><a href=\"https:\/\/www.europesays.com\/fr\/wp-content\/uploads\/2025\/12\/EX1A6694.jpg\"><img loading=\"lazy\" decoding=\"async\" data-attachment-id=\"206683\" data-permalink=\"https:\/\/linformateurdebourgogne.com\/football-regional-1-fc-montceau-oublier-montpellier-et-se-recentrer-sur-saint-apollinaire\/ex1a6694-2\/\" data-orig-file=\"https:\/\/www.europesays.com\/fr\/wp-content\/uploads\/2025\/12\/EX1A6694.jpg\" data-orig-size=\"800,533\" data-comments-opened=\"0\" data-image-meta=\"{&quot;aperture&quot;:&quot;0&quot;,&quot;credit&quot;:&quot;&quot;,&quot;camera&quot;:&quot;&quot;,&quot;caption&quot;:&quot;&quot;,&quot;created_timestamp&quot;:&quot;0&quot;,&quot;copyright&quot;:&quot;&quot;,&quot;focal_length&quot;:&quot;0&quot;,&quot;iso&quot;:&quot;0&quot;,&quot;shutter_speed&quot;:&quot;0&quot;,&quot;title&quot;:&quot;&quot;,&quot;orientation&quot;:&quot;0&quot;}\" data-image-title=\"EX1A6694\" data-image-description=\"\" data-image-caption=\"\" data-medium-file=\"https:\/\/linformateurdebourgogne.com\/wp-content\/uploads\/2025\/12\/EX1A6694-300x200.jpg\" data-large-file=\"https:\/\/www.europesays.com\/fr\/wp-content\/uploads\/2025\/12\/EX1A6694.jpg\" class=\"alignnone wp-image-206683 size-full\" src=\"https:\/\/www.europesays.com\/fr\/wp-content\/uploads\/2025\/12\/EX1A6694.jpg\" alt=\"\" width=\"800\" height=\"533\"  \/><\/a> <a href=\"https:\/\/www.europesays.com\/fr\/wp-content\/uploads\/2025\/12\/EX1A6729.jpg\"><img loading=\"lazy\" decoding=\"async\" data-attachment-id=\"206684\" data-permalink=\"https:\/\/linformateurdebourgogne.com\/football-regional-1-fc-montceau-oublier-montpellier-et-se-recentrer-sur-saint-apollinaire\/ex1a6729-2\/\" data-orig-file=\"https:\/\/www.europesays.com\/fr\/wp-content\/uploads\/2025\/12\/EX1A6729.jpg\" data-orig-size=\"800,533\" data-comments-opened=\"0\" data-image-meta=\"{&quot;aperture&quot;:&quot;0&quot;,&quot;credit&quot;:&quot;&quot;,&quot;camera&quot;:&quot;&quot;,&quot;caption&quot;:&quot;&quot;,&quot;created_timestamp&quot;:&quot;0&quot;,&quot;copyright&quot;:&quot;&quot;,&quot;focal_length&quot;:&quot;0&quot;,&quot;iso&quot;:&quot;0&quot;,&quot;shutter_speed&quot;:&quot;0&quot;,&quot;title&quot;:&quot;&quot;,&quot;orientation&quot;:&quot;0&quot;}\" data-image-title=\"EX1A6729\" data-image-description=\"\" data-image-caption=\"\" data-medium-file=\"https:\/\/linformateurdebourgogne.com\/wp-content\/uploads\/2025\/12\/EX1A6729-300x200.jpg\" data-large-file=\"https:\/\/www.europesays.com\/fr\/wp-content\/uploads\/2025\/12\/EX1A6729.jpg\" class=\"alignnone wp-image-206684 size-full\" src=\"https:\/\/www.europesays.com\/fr\/wp-content\/uploads\/2025\/12\/EX1A6729.jpg\" alt=\"\" width=\"800\" height=\"533\"  \/><\/a><\/p>\n<p><img loading=\"lazy\" decoding=\"async\" data-attachment-id=\"206676\" data-permalink=\"https:\/\/linformateurdebourgogne.com\/rugby-f3-une-charniere-montcellienne-inedite-a-bellegarde\/vide-143\/\" data-orig-file=\"https:\/\/linformateurdebourgogne.com\/wp-content\/uploads\/2025\/12\/vide-2.png\" data-orig-size=\"455,37\" data-comments-opened=\"0\" data-image-meta=\"{&quot;aperture&quot;:&quot;0&quot;,&quot;credit&quot;:&quot;&quot;,&quot;camera&quot;:&quot;&quot;,&quot;caption&quot;:&quot;&quot;,&quot;created_timestamp&quot;:&quot;0&quot;,&quot;copyright&quot;:&quot;&quot;,&quot;focal_length&quot;:&quot;0&quot;,&quot;iso&quot;:&quot;0&quot;,&quot;shutter_speed&quot;:&quot;0&quot;,&quot;title&quot;:&quot;&quot;,&quot;orientation&quot;:&quot;0&quot;}\" data-image-title=\"vide\" data-image-description=\"\" data-image-caption=\"\" data-medium-file=\"https:\/\/www.europesays.com\/fr\/wp-content\/uploads\/2025\/12\/vide-2-300x24.png\" data-large-file=\"https:\/\/linformateurdebourgogne.com\/wp-content\/uploads\/2025\/12\/vide-2.png\" class=\"alignnone size-medium wp-image-206676\" src=\"https:\/\/www.europesays.com\/fr\/wp-content\/uploads\/2025\/12\/vide-2-300x24.png\" alt=\"\" width=\"300\" height=\"24\"  \/><\/p>\n<p><strong>9e journ\u00e9e de championnat de R\u00e9gional 1 (poule A), FC Montceau re\u00e7oit dimanche aux Alouettes Saint-Apollinaire \u00e0 14h30.<\/strong><\/p>\n<p><img loading=\"lazy\" decoding=\"async\" data-attachment-id=\"206676\" data-permalink=\"https:\/\/linformateurdebourgogne.com\/rugby-f3-une-charniere-montcellienne-inedite-a-bellegarde\/vide-143\/\" data-orig-file=\"https:\/\/linformateurdebourgogne.com\/wp-content\/uploads\/2025\/12\/vide-2.png\" data-orig-size=\"455,37\" data-comments-opened=\"0\" data-image-meta=\"{&quot;aperture&quot;:&quot;0&quot;,&quot;credit&quot;:&quot;&quot;,&quot;camera&quot;:&quot;&quot;,&quot;caption&quot;:&quot;&quot;,&quot;created_timestamp&quot;:&quot;0&quot;,&quot;copyright&quot;:&quot;&quot;,&quot;focal_length&quot;:&quot;0&quot;,&quot;iso&quot;:&quot;0&quot;,&quot;shutter_speed&quot;:&quot;0&quot;,&quot;title&quot;:&quot;&quot;,&quot;orientation&quot;:&quot;0&quot;}\" data-image-title=\"vide\" data-image-description=\"\" data-image-caption=\"\" data-medium-file=\"https:\/\/www.europesays.com\/fr\/wp-content\/uploads\/2025\/12\/vide-2-300x24.png\" data-large-file=\"https:\/\/linformateurdebourgogne.com\/wp-content\/uploads\/2025\/12\/vide-2.png\" class=\"alignnone size-medium wp-image-206676\" src=\"https:\/\/www.europesays.com\/fr\/wp-content\/uploads\/2025\/12\/vide-2-300x24.png\" alt=\"\" width=\"300\" height=\"24\"  \/><\/p>\n<p>Dans les t\u00eates, forc\u00e9ment, les images sont encore bien pr\u00e9sentes. On n\u2019oublie pas aussi facilement une rencontre de Coupe de France contre Montpellier (Ligue 2) devant pr\u00e8s de 3000 spectateurs malgr\u00e9 une \u00e9limination 2 \u00e0 0.<\/p>\n<p>\u00ab\u00a0C\u2019\u00e9tait un moment \u00e0 vivre, nous l\u2019avons bien v\u00e9cu mais nous sommes tous lucides, il a \u00e9t\u00e9 \u00e9ph\u00e9m\u00e8re. Il a fallu quand m\u00eame le dig\u00e9rer\u00a0\u00bb atteste Lionel Large.<\/p>\n<p>D\u00e8s dimanche dernier, les joueurs du FCMB ont d\u00fb tourner la page et reprendre le chemin de l\u2019entra\u00eenement qui conduit sur la route du championnat de r\u00e9gional 1. Le quotidien \u00e9tait de retour d\u2019o\u00f9 toute la finesse du coach pour faire en sorte de ne pas \u00eatre blas\u00e9s du niveau r\u00e9gional, rapidement se recentrer sur le sujet et rejeter la peur de ne pas retrouver la motivation n\u00e9cessaire.<\/p>\n<p>\u00ab\u00a0A la base, nous sommes programm\u00e9s pour jouer en R1,alors\u00a0 il faut vite tourner la page\u00a0\u00bb, souligne Lionel Large. C\u2019est en somme, reprendre go\u00fbt au championnat pour y vivre des \u00e9motions et faire preuve d\u2019exigences et de s\u00e9rieux pour les atteindre.<\/p>\n<p>Ce match, dimanche apr\u00e8s-midi aux Alouettes contre Saint-Apollinaire se pr\u00e9sente comme le match pi\u00e8ge par excellence. \u00ab\u00a0C\u2019est m\u00eame une rencontre charni\u00e8re\u00a0\u00bb se permet de commenter le coach car \u00ab\u00a0attention au contrecoup, nous allons passer de 3000 personnes \u00e0 400\u00a0\u00bb. A signaler que l\u2019entr\u00e9e sera gratuite pour l\u2019occasion.<\/p>\n<p>Aux joueurs montcelliens de reprendre sur une bonne dynamique et gagner ce match contre Saint-Apollinaire. \u00ab\u00a0Nous ne pouvons pas nous permettre de perdre des points d\u2019ici la fin de l\u2019ann\u00e9e\u00a0\u00bb pr\u00e9vient il.<\/p>\n<p>Pour cette rencontre, Lionel Large dispose de tout son effectif et du retour en milieu de terrain de St\u00e9phane Tchangod\u00e9i et Victor Mpindi. Mais comme il n\u2019a droit qu\u2019\u00e0 quatorze joueurs sur la feuille de match, Mathis Jowiak, Lucas Olivier, Medhi Soufi et Cl\u00e9ment Vaudiot devraient \u00e9voluer avec la r\u00e9serve, dimanche \u00e0 15h sur le synth\u00e9tique.<\/p>\n<p><img loading=\"lazy\" decoding=\"async\" data-attachment-id=\"206676\" data-permalink=\"https:\/\/linformateurdebourgogne.com\/rugby-f3-une-charniere-montcellienne-inedite-a-bellegarde\/vide-143\/\" data-orig-file=\"https:\/\/linformateurdebourgogne.com\/wp-content\/uploads\/2025\/12\/vide-2.png\" data-orig-size=\"455,37\" data-comments-opened=\"0\" data-image-meta=\"{&quot;aperture&quot;:&quot;0&quot;,&quot;credit&quot;:&quot;&quot;,&quot;camera&quot;:&quot;&quot;,&quot;caption&quot;:&quot;&quot;,&quot;created_timestamp&quot;:&quot;0&quot;,&quot;copyright&quot;:&quot;&quot;,&quot;focal_length&quot;:&quot;0&quot;,&quot;iso&quot;:&quot;0&quot;,&quot;shutter_speed&quot;:&quot;0&quot;,&quot;title&quot;:&quot;&quot;,&quot;orientation&quot;:&quot;0&quot;}\" data-image-title=\"vide\" data-image-description=\"\" data-image-caption=\"\" data-medium-file=\"https:\/\/www.europesays.com\/fr\/wp-content\/uploads\/2025\/12\/vide-2-300x24.png\" data-large-file=\"https:\/\/linformateurdebourgogne.com\/wp-content\/uploads\/2025\/12\/vide-2.png\" class=\"alignnone size-medium wp-image-206676\" src=\"https:\/\/www.europesays.com\/fr\/wp-content\/uploads\/2025\/12\/vide-2-300x24.png\" alt=\"\" width=\"300\" height=\"24\"  \/><\/p>\n<p>J.B.<\/p>\n<p><img loading=\"lazy\" decoding=\"async\" data-attachment-id=\"206676\" data-permalink=\"https:\/\/linformateurdebourgogne.com\/rugby-f3-une-charniere-montcellienne-inedite-a-bellegarde\/vide-143\/\" data-orig-file=\"https:\/\/linformateurdebourgogne.com\/wp-content\/uploads\/2025\/12\/vide-2.png\" data-orig-size=\"455,37\" data-comments-opened=\"0\" data-image-meta=\"{&quot;aperture&quot;:&quot;0&quot;,&quot;credit&quot;:&quot;&quot;,&quot;camera&quot;:&quot;&quot;,&quot;caption&quot;:&quot;&quot;,&quot;created_timestamp&quot;:&quot;0&quot;,&quot;copyright&quot;:&quot;&quot;,&quot;focal_length&quot;:&quot;0&quot;,&quot;iso&quot;:&quot;0&quot;,&quot;shutter_speed&quot;:&quot;0&quot;,&quot;title&quot;:&quot;&quot;,&quot;orientation&quot;:&quot;0&quot;}\" data-image-title=\"vide\" data-image-description=\"\" data-image-caption=\"\" data-medium-file=\"https:\/\/www.europesays.com\/fr\/wp-content\/uploads\/2025\/12\/vide-2-300x24.png\" data-large-file=\"https:\/\/linformateurdebourgogne.com\/wp-content\/uploads\/2025\/12\/vide-2.png\" class=\"alignnone size-medium wp-image-206676\" src=\"https:\/\/www.europesays.com\/fr\/wp-content\/uploads\/2025\/12\/vide-2-300x24.png\" alt=\"\" width=\"300\" height=\"24\"  \/><\/p>\n<p><strong>Le groupe (sous r\u00e9serve)<\/strong> :\u00a0Kenny Philippe, Morad Merabi, Robin Legris,\u00a0 Hugo Large, Thomas Chotard, Ahmeth Diagne, Pierre-Yves Letienne, St\u00e9phane Tchangod\u00e9i, Victor Mpindi, Cheikh Ba, Ti\u00e9moko Konat\u00e9, Pierre Cl\u00e9ment, Grace Laye,\u00a0 Yanis Beaucaire.<\/p>\n<p><img loading=\"lazy\" decoding=\"async\" data-attachment-id=\"206676\" data-permalink=\"https:\/\/linformateurdebourgogne.com\/rugby-f3-une-charniere-montcellienne-inedite-a-bellegarde\/vide-143\/\" data-orig-file=\"https:\/\/linformateurdebourgogne.com\/wp-content\/uploads\/2025\/12\/vide-2.png\" data-orig-size=\"455,37\" data-comments-opened=\"0\" data-image-meta=\"{&quot;aperture&quot;:&quot;0&quot;,&quot;credit&quot;:&quot;&quot;,&quot;camera&quot;:&quot;&quot;,&quot;caption&quot;:&quot;&quot;,&quot;created_timestamp&quot;:&quot;0&quot;,&quot;copyright&quot;:&quot;&quot;,&quot;focal_length&quot;:&quot;0&quot;,&quot;iso&quot;:&quot;0&quot;,&quot;shutter_speed&quot;:&quot;0&quot;,&quot;title&quot;:&quot;&quot;,&quot;orientation&quot;:&quot;0&quot;}\" data-image-title=\"vide\" data-image-description=\"\" data-image-caption=\"\" data-medium-file=\"https:\/\/www.europesays.com\/fr\/wp-content\/uploads\/2025\/12\/vide-2-300x24.png\" data-large-file=\"https:\/\/linformateurdebourgogne.com\/wp-content\/uploads\/2025\/12\/vide-2.png\" class=\"alignnone size-medium wp-image-206676\" src=\"https:\/\/www.europesays.com\/fr\/wp-content\/uploads\/2025\/12\/vide-2-300x24.png\" alt=\"\" width=\"300\" height=\"24\"  \/><\/p>\n<p>\u00a0<\/p>\n<p><strong>9e journ\u00e9e<\/strong><\/p>\n<p>\u00a0<\/p>\n<p><img loading=\"lazy\" decoding=\"async\" data-attachment-id=\"206679\" data-permalink=\"https:\/\/linformateurdebourgogne.com\/football-regional-1-fc-montceau-oublier-montpellier-et-se-recentrer-sur-saint-apollinaire\/cheminots-3\/\" data-orig-file=\"https:\/\/www.europesays.com\/fr\/wp-content\/uploads\/2025\/12\/cheminots-3.jpg\" data-orig-size=\"666,261\" data-comments-opened=\"0\" data-image-meta=\"{&quot;aperture&quot;:&quot;0&quot;,&quot;credit&quot;:&quot;&quot;,&quot;camera&quot;:&quot;&quot;,&quot;caption&quot;:&quot;&quot;,&quot;created_timestamp&quot;:&quot;0&quot;,&quot;copyright&quot;:&quot;&quot;,&quot;focal_length&quot;:&quot;0&quot;,&quot;iso&quot;:&quot;0&quot;,&quot;shutter_speed&quot;:&quot;0&quot;,&quot;title&quot;:&quot;&quot;,&quot;orientation&quot;:&quot;0&quot;}\" data-image-title=\"cheminots 3\" data-image-description=\"\" data-image-caption=\"\" data-medium-file=\"https:\/\/linformateurdebourgogne.com\/wp-content\/uploads\/2025\/12\/cheminots-3-300x118.jpg\" data-large-file=\"https:\/\/www.europesays.com\/fr\/wp-content\/uploads\/2025\/12\/cheminots-3.jpg\" class=\"wp-image-206679 size-full aligncenter\" src=\"https:\/\/www.europesays.com\/fr\/wp-content\/uploads\/2025\/12\/cheminots-3.jpg\" alt=\"\" width=\"666\" height=\"261\"  \/> <img loading=\"lazy\" decoding=\"async\" data-attachment-id=\"206680\" data-permalink=\"https:\/\/linformateurdebourgogne.com\/football-regional-1-fc-montceau-oublier-montpellier-et-se-recentrer-sur-saint-apollinaire\/aj-auxerre-3\/\" data-orig-file=\"https:\/\/www.europesays.com\/fr\/wp-content\/uploads\/2025\/12\/aj-auxerre.jpg\" data-orig-size=\"669,474\" data-comments-opened=\"0\" data-image-meta=\"{&quot;aperture&quot;:&quot;0&quot;,&quot;credit&quot;:&quot;&quot;,&quot;camera&quot;:&quot;&quot;,&quot;caption&quot;:&quot;&quot;,&quot;created_timestamp&quot;:&quot;0&quot;,&quot;copyright&quot;:&quot;&quot;,&quot;focal_length&quot;:&quot;0&quot;,&quot;iso&quot;:&quot;0&quot;,&quot;shutter_speed&quot;:&quot;0&quot;,&quot;title&quot;:&quot;&quot;,&quot;orientation&quot;:&quot;0&quot;}\" data-image-title=\"aj auxerre\" data-image-description=\"\" data-image-caption=\"\" data-medium-file=\"https:\/\/linformateurdebourgogne.com\/wp-content\/uploads\/2025\/12\/aj-auxerre-300x213.jpg\" data-large-file=\"https:\/\/www.europesays.com\/fr\/wp-content\/uploads\/2025\/12\/aj-auxerre.jpg\" class=\"wp-image-206680 size-full aligncenter\" src=\"https:\/\/www.europesays.com\/fr\/wp-content\/uploads\/2025\/12\/aj-auxerre.jpg\" alt=\"\" width=\"669\" height=\"474\"  \/><\/p>\n<p>\u00a0<\/p>\n<p>\u00a0<\/p>\n<p><strong>Classement<\/strong> (il ne prend pas en compte les r\u00e9sultats des deux rencontres disput\u00e9es samedi soir, sachant aussi que le FCMB compte un match de retard \u00e0 Vauzelles qui aura lieu dimanche 1er f\u00e9vrier 2026)<\/p>\n<p>\u00a0<\/p>\n<p><img loading=\"lazy\" decoding=\"async\" data-attachment-id=\"206681\" data-permalink=\"https:\/\/linformateurdebourgogne.com\/football-regional-1-fc-montceau-oublier-montpellier-et-se-recentrer-sur-saint-apollinaire\/classement-6-decembre-2\/\" data-orig-file=\"https:\/\/www.europesays.com\/fr\/wp-content\/uploads\/2025\/12\/classement-6-decembre.png\" data-orig-size=\"652,451\" data-comments-opened=\"0\" data-image-meta=\"{&quot;aperture&quot;:&quot;0&quot;,&quot;credit&quot;:&quot;&quot;,&quot;camera&quot;:&quot;&quot;,&quot;caption&quot;:&quot;&quot;,&quot;created_timestamp&quot;:&quot;0&quot;,&quot;copyright&quot;:&quot;&quot;,&quot;focal_length&quot;:&quot;0&quot;,&quot;iso&quot;:&quot;0&quot;,&quot;shutter_speed&quot;:&quot;0&quot;,&quot;title&quot;:&quot;&quot;,&quot;orientation&quot;:&quot;0&quot;}\" data-image-title=\"classement 6 d\u00e9cembre\" data-image-description=\"\" data-image-caption=\"\" data-medium-file=\"https:\/\/linformateurdebourgogne.com\/wp-content\/uploads\/2025\/12\/classement-6-decembre-300x208.png\" data-large-file=\"https:\/\/www.europesays.com\/fr\/wp-content\/uploads\/2025\/12\/classement-6-decembre.png\" class=\"wp-image-206681 size-full aligncenter\" src=\"https:\/\/www.europesays.com\/fr\/wp-content\/uploads\/2025\/12\/classement-6-decembre.png\" alt=\"\" width=\"652\" height=\"451\"  \/><\/p>\n<p>J\u2019aime \u00e7a\u00a0:<\/p>\n<p>J\u2019aime chargement\u2026<\/p>\n<p><a class=\"sd-link-color\"\/><\/p>\n<p>\n\tArticles similaires<\/p>\n","protected":false},"excerpt":{"rendered":"Tourner la page Montpellier et revenir au championnat R1, la mission des joueurs du FCMB contre Saint-Apollinaire cet&hellip;\n","protected":false},"author":2,"featured_media":583578,"comment_status":"","ping_status":"","sticky":false,"template":"","format":"standard","meta":{"footnotes":""},"categories":[9599],"tags":[1111,11,1777,674,1011,27,2208,12,2680,25],"class_list":{"0":"post-583577","1":"post","2":"type-post","3":"status-publish","4":"format-standard","5":"has-post-thumbnail","7":"category-montpellier","8":"tag-actu","9":"tag-actualites","10":"tag-eu","11":"tag-europe","12":"tag-fr","13":"tag-france","14":"tag-montpellier","15":"tag-news","16":"tag-occitanie","17":"tag-republique-francaise"},"share_on_mastodon":{"url":"https:\/\/pubeurope.com\/@fr\/115676630981507001","error":""},"_links":{"self":[{"href":"https:\/\/www.europesays.com\/fr\/wp-json\/wp\/v2\/posts\/583577","targetHints":{"allow":["GET"]}}],"collection":[{"href":"https:\/\/www.europesays.com\/fr\/wp-json\/wp\/v2\/posts"}],"about":[{"href":"https:\/\/www.europesays.com\/fr\/wp-json\/wp\/v2\/types\/post"}],"author":[{"embeddable":true,"href":"https:\/\/www.europesays.com\/fr\/wp-json\/wp\/v2\/users\/2"}],"replies":[{"embeddable":true,"href":"https:\/\/www.europesays.com\/fr\/wp-json\/wp\/v2\/comments?post=583577"}],"version-history":[{"count":0,"href":"https:\/\/www.europesays.com\/fr\/wp-json\/wp\/v2\/posts\/583577\/revisions"}],"wp:featuredmedia":[{"embeddable":true,"href":"https:\/\/www.europesays.com\/fr\/wp-json\/wp\/v2\/media\/583578"}],"wp:attachment":[{"href":"https:\/\/www.europesays.com\/fr\/wp-json\/wp\/v2\/media?parent=583577"}],"wp:term":[{"taxonomy":"category","embeddable":true,"href":"https:\/\/www.europesays.com\/fr\/wp-json\/wp\/v2\/categories?post=583577"},{"taxonomy":"post_tag","embeddable":true,"href":"https:\/\/www.europesays.com\/fr\/wp-json\/wp\/v2\/tags?post=583577"}],"curies":[{"name":"wp","href":"https:\/\/api.w.org\/{rel}","templated":true}]}}