{"id":583580,"date":"2025-12-07T05:30:20","date_gmt":"2025-12-07T05:30:20","guid":{"rendered":"https:\/\/www.europesays.com\/fr\/583580\/"},"modified":"2025-12-07T05:30:20","modified_gmt":"2025-12-07T05:30:20","slug":"metropole-de-grenoble-un-jeune-homme-de-22-ans-grievement-blesse-par-balles-a-echirolles","status":"publish","type":"post","link":"https:\/\/www.europesays.com\/fr\/583580\/","title":{"rendered":"M\u00e9tropole de Grenoble. Un jeune homme de 22 ans gri\u00e8vement bless\u00e9 par balles \u00e0 \u00c9chirolles"},"content":{"rendered":"<p>Les sapeurs-pompiers et une \u00e9quipe du Samu 38 sont intervenus vers 23h30, ce samedi 6 d\u00e9cembre, pour porter secours \u00e0 un jeune homme touch\u00e9 par des tirs d&rsquo;arme \u00e0 feu sur l&rsquo;avenue du 8 mai 1945 dans le centre d&rsquo;\u00c9chirolles.<\/p>\n<p>En arr\u00eat cardio respiratoire \u00e0 l&rsquo;arriv\u00e9e des secours, la victime, \u00e2g\u00e9e de 22 ans, a retrouv\u00e9 une activit\u00e9 cardiaque apr\u00e8s r\u00e9animation.<\/p>\n<p>Ce contenu est bloqu\u00e9 car vous n&rsquo;avez pas accept\u00e9 les cookies et autres traceurs.<\/p>\n<p>En cliquant sur \u00ab J\u2019accepte \u00bb, les cookies et autres traceurs seront d\u00e9pos\u00e9s et vous pourrez visualiser les contenus  (<a href=\"\" class=\"consentModule_policy\" target=\"_blank\" title=\"Consulter la politique de protection des donn\u00e9es du fournisseur\">plus d&rsquo;informations<\/a>).<\/p>\n<p>En cliquant sur \u00ab J\u2019accepte tous les cookies \u00bb, vous autorisez des d\u00e9p\u00f4ts de cookies et autres traceurs pour le stockage de vos donn\u00e9es sur nos sites et applications \u00e0 des fins de personnalisation et de ciblage publicitaire.<\/p>\n<p class=\"consentModule_secondaryText\">Vous gardez la possibilit\u00e9 de retirer votre consentement \u00e0 tout moment en consultant notre <a href=\"https:\/\/www.ledauphine.com\/protection-des-donnees\" target=\"_blank\" title=\"Consulter notre politique de protection des donn\u00e9es\" rel=\"noopener\">politique de protection des donn\u00e9es<\/a>. <br \/>&#13;<br \/>\n            <a href=\"https:\/\/www.ledauphine.com\/faits-divers-justice\/2025\/12\/07\/javascript:Didomi.notice.show()\" class=\"consentModule_cmp\" target=\"_blank\" rel=\"noopener\">G\u00e9rer mes choix<\/a>&#13;\n        <\/p>\n<p>&#13;<br \/>\n                        J&rsquo;accepte&#13;<br \/>\n            J&rsquo;accepte tous les cookies&#13;\n        <\/p>\n<p>Class\u00e9e en urgence absolue, elle a \u00e9t\u00e9 conduite au CHU Grenoble Alpes o\u00f9 elle a \u00e9t\u00e9 admise au service de d\u00e9cocage.<\/p>\n<p>\u00c9galement sur place, les policiers grenoblois ont proc\u00e9d\u00e9 aux constatations et ouvert une enqu\u00eate.<\/p>\n","protected":false},"excerpt":{"rendered":"Les sapeurs-pompiers et une \u00e9quipe du Samu 38 sont intervenus vers 23h30, ce samedi 6 d\u00e9cembre, pour porter&hellip;\n","protected":false},"author":2,"featured_media":583581,"comment_status":"","ping_status":"","sticky":false,"template":"","format":"standard","meta":{"footnotes":""},"categories":[9566],"tags":[1111,11,2430,271,272,9852,9853,112,1777,674,274,107,1011,27,2731,2732,108,12,25],"class_list":{"0":"post-583580","1":"post","2":"type-post","3":"status-publish","4":"format-standard","5":"has-post-thumbnail","7":"category-grenoble","8":"tag-actu","9":"tag-actualites","10":"tag-auvergne-rhone-alpes","11":"tag-crime","12":"tag-delit-et-contravention","13":"tag-echirolles","14":"tag-echirolles-bassin","15":"tag-edition-grenoble-agglomeration","16":"tag-eu","17":"tag-europe","18":"tag-faits-divers-justice","19":"tag-fil-info","20":"tag-fr","21":"tag-france","22":"tag-grenoble","23":"tag-grenoble-bassin","24":"tag-isere","25":"tag-news","26":"tag-republique-francaise"},"share_on_mastodon":{"url":"https:\/\/pubeurope.com\/@fr\/115676644847163864","error":""},"_links":{"self":[{"href":"https:\/\/www.europesays.com\/fr\/wp-json\/wp\/v2\/posts\/583580","targetHints":{"allow":["GET"]}}],"collection":[{"href":"https:\/\/www.europesays.com\/fr\/wp-json\/wp\/v2\/posts"}],"about":[{"href":"https:\/\/www.europesays.com\/fr\/wp-json\/wp\/v2\/types\/post"}],"author":[{"embeddable":true,"href":"https:\/\/www.europesays.com\/fr\/wp-json\/wp\/v2\/users\/2"}],"replies":[{"embeddable":true,"href":"https:\/\/www.europesays.com\/fr\/wp-json\/wp\/v2\/comments?post=583580"}],"version-history":[{"count":0,"href":"https:\/\/www.europesays.com\/fr\/wp-json\/wp\/v2\/posts\/583580\/revisions"}],"wp:featuredmedia":[{"embeddable":true,"href":"https:\/\/www.europesays.com\/fr\/wp-json\/wp\/v2\/media\/583581"}],"wp:attachment":[{"href":"https:\/\/www.europesays.com\/fr\/wp-json\/wp\/v2\/media?parent=583580"}],"wp:term":[{"taxonomy":"category","embeddable":true,"href":"https:\/\/www.europesays.com\/fr\/wp-json\/wp\/v2\/categories?post=583580"},{"taxonomy":"post_tag","embeddable":true,"href":"https:\/\/www.europesays.com\/fr\/wp-json\/wp\/v2\/tags?post=583580"}],"curies":[{"name":"wp","href":"https:\/\/api.w.org\/{rel}","templated":true}]}}