{"id":583582,"date":"2025-12-07T05:32:19","date_gmt":"2025-12-07T05:32:19","guid":{"rendered":"https:\/\/www.europesays.com\/fr\/583582\/"},"modified":"2025-12-07T05:32:19","modified_gmt":"2025-12-07T05:32:19","slug":"hockey-sur-glace-bagarres-durant-grenoble","status":"publish","type":"post","link":"https:\/\/www.europesays.com\/fr\/583582\/","title":{"rendered":"Hockey sur glace . Bagarres durant Grenoble"},"content":{"rendered":"<p>  Les deux joueurs priv\u00e9s de JO\u00a0?\u00a0<\/p>\n<p>La F\u00e9d\u00e9ration va \u00e9galement rencontrer les deux joueurs grenoblois dans les prochains jours. Les discussions avec Pierre Crinon vont \u00e9voquer son futur avec l&rsquo;\u00e9quipe de France de hockey, \u00e0 deux mois des Jeux olympiques de Milan-Cortina. \u00ab\u00a0Ce sera l\u2019occasion d\u2019aborder avec lui son avenir en \u00e9quipe de France (\u2026) Il est totalement exclu que de tels agissements se produisent alors qu\u2019un joueur porte le maillot de l\u2019\u00e9quipe nationale\u00a0\u00bb, pr\u00e9vient la FFHG. Elle pourrait aller plus loin en suspendant le joueur \u00e0 titre conservatoire.\u00a0<\/p>\n<p>Valentin Grosset\u00eate sera lui aussi rappel\u00e9 \u00e0 l\u2019ordre par la F\u00e9d\u00e9ration, alors qu&rsquo;il est appel\u00e9 cette semaine par les Bleus pour la Coupe d&rsquo;Europe des nations en Hongrie (10-14 d\u00e9cembre) : \u00ab\u00a0Ce sera l\u2019occasion de lui rappeler ses responsabilit\u00e9s en tant que joueur de l\u2019\u00e9quipe de France et les cons\u00e9quences \u00e9ventuelles s\u2019il venait \u00e0 r\u00e9cidiver\u00a0\u00bb, conclut la F\u00e9d\u00e9ration. Ces entretiens se tiendront en pr\u00e9sence du pr\u00e9sident et du directeur technique national.\u00a0<\/p>\n<p>Dans les suites de cette affaire, il faut aussi pr\u00e9ciser que Pierre Crinon, d\u00e9fenseur international depuis 2017, est vis\u00e9 <a href=\"https:\/\/www.ledauphine.com\/sport\/2025\/12\/04\/bdl-une-plainte-deposee-contre-pierre-crinon-vers-une-suite-judiciaire-apres-la-bagarre-generale-contre-angers\" target=\"_blank\" rel=\"noopener\">par une plainte d\u00e9pos\u00e9e<\/a> par le gardien angevin Matthew O\u2019Connor, s\u00e9rieusement touch\u00e9 \u00e0 l\u2019arcade sourcili\u00e8re et victime d\u2019une commotion. Treize points de suture ont \u00e9t\u00e9 n\u00e9cessaires. Vendredi soir, le pr\u00e9sident du club d&rsquo;Angers Rodolphe Intsaby, a pris la parole en conf\u00e9rence de presse apr\u00e8s le match contre Brian\u00e7on, <a href=\"https:\/\/www.ledauphine.com\/sport\/2025\/12\/06\/la-cirj-vient-de-donner-la-permission-de-tuer-un-joueur-le-president-d-angers-reagit-aux-sanctions-apres-la-bagarre-a-grenoble\" target=\"_blank\" rel=\"noopener\">o\u00f9 il a fortement critiqu\u00e9 la l\u00e9g\u00e8ret\u00e9 des sanctions.<\/a>\u00a0Enfin, le pr\u00e9sident d&rsquo;Angers et Jonathan Zwickel, manager de Marseille, \u00e9taient absents de la r\u00e9union du comit\u00e9 directeur de ce samedi, \u00e9tant juges et partie.\u00a0<\/p>\n","protected":false},"excerpt":{"rendered":"Les deux joueurs priv\u00e9s de JO\u00a0?\u00a0 La F\u00e9d\u00e9ration va \u00e9galement rencontrer les deux joueurs grenoblois dans les prochains&hellip;\n","protected":false},"author":2,"featured_media":583583,"comment_status":"","ping_status":"","sticky":false,"template":"","format":"standard","meta":{"footnotes":""},"categories":[9566],"tags":[1111,11,2430,112,1777,674,1701,1011,27,2731,2732,4133,10145,108,10146,12,25,517],"class_list":{"0":"post-583582","1":"post","2":"type-post","3":"status-publish","4":"format-standard","5":"has-post-thumbnail","7":"category-grenoble","8":"tag-actu","9":"tag-actualites","10":"tag-auvergne-rhone-alpes","11":"tag-edition-grenoble-agglomeration","12":"tag-eu","13":"tag-europe","14":"tag-fil-info-sport","15":"tag-fr","16":"tag-france","17":"tag-grenoble","18":"tag-grenoble-bassin","19":"tag-hockey-sur-glace","20":"tag-hockey-sur-glace-grenoble","21":"tag-isere","22":"tag-ligue-magnus-hockey-sur-glace","23":"tag-news","24":"tag-republique-francaise","25":"tag-sport"},"share_on_mastodon":{"url":"https:\/\/pubeurope.com\/@fr\/115676652840215659","error":""},"_links":{"self":[{"href":"https:\/\/www.europesays.com\/fr\/wp-json\/wp\/v2\/posts\/583582","targetHints":{"allow":["GET"]}}],"collection":[{"href":"https:\/\/www.europesays.com\/fr\/wp-json\/wp\/v2\/posts"}],"about":[{"href":"https:\/\/www.europesays.com\/fr\/wp-json\/wp\/v2\/types\/post"}],"author":[{"embeddable":true,"href":"https:\/\/www.europesays.com\/fr\/wp-json\/wp\/v2\/users\/2"}],"replies":[{"embeddable":true,"href":"https:\/\/www.europesays.com\/fr\/wp-json\/wp\/v2\/comments?post=583582"}],"version-history":[{"count":0,"href":"https:\/\/www.europesays.com\/fr\/wp-json\/wp\/v2\/posts\/583582\/revisions"}],"wp:featuredmedia":[{"embeddable":true,"href":"https:\/\/www.europesays.com\/fr\/wp-json\/wp\/v2\/media\/583583"}],"wp:attachment":[{"href":"https:\/\/www.europesays.com\/fr\/wp-json\/wp\/v2\/media?parent=583582"}],"wp:term":[{"taxonomy":"category","embeddable":true,"href":"https:\/\/www.europesays.com\/fr\/wp-json\/wp\/v2\/categories?post=583582"},{"taxonomy":"post_tag","embeddable":true,"href":"https:\/\/www.europesays.com\/fr\/wp-json\/wp\/v2\/tags?post=583582"}],"curies":[{"name":"wp","href":"https:\/\/api.w.org\/{rel}","templated":true}]}}