{"id":583584,"date":"2025-12-07T05:33:11","date_gmt":"2025-12-07T05:33:11","guid":{"rendered":"https:\/\/www.europesays.com\/fr\/583584\/"},"modified":"2025-12-07T05:33:11","modified_gmt":"2025-12-07T05:33:11","slug":"requisition-du-mama-shelter-defense-des-etudiants-qui-est-cette-candidate-surprise-aux-municipales-a-rennes","status":"publish","type":"post","link":"https:\/\/www.europesays.com\/fr\/583584\/","title":{"rendered":"R\u00e9quisition du Mama Shelter, d\u00e9fense des \u00e9tudiants&#8230;\u00a0: qui est cette candidate surprise aux municipales \u00e0 Rennes\u00a0?"},"content":{"rendered":"<p><a href=\"https:\/\/www.letelegramme.fr\/ille-et-vilaine\/rennes-35000\/municipales-2026-a-rennes-tout-savoir-sur-le-casting-de-ces-elections-6941156.php\" target=\"_blank\" rel=\"noopener\">Une nouvelle candidature, \u00e0 gauche, se place dans la course aux \u00e9lections municipales \u00e0 Rennes<\/a> : Erell Duclos, 26 ans et \u00e9tudiante en master \u00e0 l\u2019universit\u00e9 Rennes 2, sera t\u00eate de liste sous l\u2019\u00e9tiquette R\u00e9volution Permanente. La candidate surprise se pr\u00e9sente pour \u00ab porter une voix qui n\u2019existe pas dans le champ politique, qui est celle des gens qui travaillent ici, qui vivent ici et qui \u00e9tudient ici, mais qui n\u2019ont pas voix au chapitre dans les d\u00e9cisions politiques de la ville. \u00bb<\/p>\n<p>R\u00e9volution Permanente sera pour la premi\u00e8re fois repr\u00e9sent\u00e9 lors d\u2019une \u00e9lection dans la capitale bretonne. \u00ab Nous serons \u00e9galement pr\u00e9sents dans huit autres villes de France. \u00bb<\/p>\n<p>R\u00e9solument le social<\/p>\n<p>L\u2019\u00e9tudiante en sociologie, \u00e9galement surveillante dans un internat \u00e0 Br\u00e9quigny, arrive avec un programme fortement tourn\u00e9 vers le social. Elle veut se pr\u00e9senter notamment comme porte-parole des jeunes, des \u00e9tudiants et des travailleurs. \u00ab Pour nous, les jeunes d\u2019aujourd\u2019hui ont encore plus d\u2019exp\u00e9rience de vie concr\u00e8te que la majeure partie des politiciens. Je consid\u00e8re que le candidat de la droite qui est courtier conna\u00eet beaucoup moins la vie des habitants que la jeunesse qui a des difficult\u00e9s pour se nourrir, qui vit dans des logements trop chers et insalubres. \u00bb<\/p>\n<p>Pour la candidate, l\u2019ins\u00e9curit\u00e9 ne sera pas un th\u00e8me de campagne : \u00ab La premi\u00e8re ins\u00e9curit\u00e9 des Rennais, c\u2019est le social. \u00bb Elle se dit favorable au d\u00e9sarmement de la police municipale, mais aussi \u00ab de la dissolution de corps de la police comme la BAC et les CRS \u00bb.<\/p>\n<p>Contre la gentrification<\/p>\n<p>Erell Duclos souhaite se placer comme une alternative \u00e0 gauche. Notamment \u00e0 la maire sortante Nathalie App\u00e9r\u00e9. Elle r\u00e9sume le mandat de cette derni\u00e8re par \u00ab s\u00e9curit\u00e9 et gentrification \u00bb. Elle d\u00e9plore que Rennes devienne une ville qui \u00ab exclut les classes populaires \u00bb en citant l\u2019exemple de la plaine de Baud, mais aussi \u00ab les personnes exil\u00e9es qui se font balader de gymnases en gymnases alors qu\u2019il y a des logements disponibles. \u00bb<\/p>\n<p>Cette d\u00e9marcation aboutit notamment sur deux mesures fortes sur le logement : la r\u00e9quisition de l\u2019h\u00f4tel de luxe Mama Shelter implant\u00e9 dans le centre-ville et du couvent des Jacobins. \u00ab Nous voulons aussi la r\u00e9quisition de tous les logements vides pour qu\u2019ils soient mis \u00e0 disposition des femmes qui sont victimes de violences, des \u00e9tudiants pr\u00e9caires et des travailleurs en CDD qui n\u2019arrivent pas \u00e0 se loger. \u00bb<\/p>\n<p>De la gratuit\u00e9<\/p>\n<p>Transports gratuits, cr\u00e8ches et cantines gratuites, repas gratuit pour les \u00e9tudiants, s\u2019ajoutent aux diff\u00e9rentes mesures. \u00ab La logique de notre programme est nos revendications qu\u2019on d\u00e9fend, on ne va pas pouvoir les obtenir dans des n\u00e9gociations dans un conseil municipal. C\u2019est un programme de lutte. On consid\u00e8re que par exemple pour exproprier le Mama Shelter ou r\u00e9quisitionner le Couvent des jacobins, \u00e7a va demander un rapport de force qui peut se construire par nos mobilisations. \u00bb<\/p>\n<p>Erell Duclos a d\u00e9j\u00e0 lanc\u00e9 sa campagne. Pour l\u2019instant, plusieurs colistiers ont \u00e9t\u00e9 d\u00e9finis. \u00abIl nous reste encore une dizaine de noms \u00e0 trouver pour notre liste. \u00bb<\/p>\n","protected":false},"excerpt":{"rendered":"Une nouvelle candidature, \u00e0 gauche, se place dans la course aux \u00e9lections municipales \u00e0 Rennes : Erell Duclos,&hellip;\n","protected":false},"author":2,"featured_media":583585,"comment_status":"","ping_status":"","sticky":false,"template":"","format":"standard","meta":{"footnotes":""},"categories":[2821],"tags":[1111,11,829,1777,674,1011,27,848,4555,12,584,25],"class_list":{"0":"post-583584","1":"post","2":"type-post","3":"status-publish","4":"format-standard","5":"has-post-thumbnail","7":"category-rennes","8":"tag-actu","9":"tag-actualites","10":"tag-bretagne","11":"tag-eu","12":"tag-europe","13":"tag-fr","14":"tag-france","15":"tag-ille-et-vilaine","16":"tag-local","17":"tag-news","18":"tag-rennes","19":"tag-republique-francaise"},"share_on_mastodon":{"url":"https:\/\/pubeurope.com\/@fr\/115676656787633989","error":""},"_links":{"self":[{"href":"https:\/\/www.europesays.com\/fr\/wp-json\/wp\/v2\/posts\/583584","targetHints":{"allow":["GET"]}}],"collection":[{"href":"https:\/\/www.europesays.com\/fr\/wp-json\/wp\/v2\/posts"}],"about":[{"href":"https:\/\/www.europesays.com\/fr\/wp-json\/wp\/v2\/types\/post"}],"author":[{"embeddable":true,"href":"https:\/\/www.europesays.com\/fr\/wp-json\/wp\/v2\/users\/2"}],"replies":[{"embeddable":true,"href":"https:\/\/www.europesays.com\/fr\/wp-json\/wp\/v2\/comments?post=583584"}],"version-history":[{"count":0,"href":"https:\/\/www.europesays.com\/fr\/wp-json\/wp\/v2\/posts\/583584\/revisions"}],"wp:featuredmedia":[{"embeddable":true,"href":"https:\/\/www.europesays.com\/fr\/wp-json\/wp\/v2\/media\/583585"}],"wp:attachment":[{"href":"https:\/\/www.europesays.com\/fr\/wp-json\/wp\/v2\/media?parent=583584"}],"wp:term":[{"taxonomy":"category","embeddable":true,"href":"https:\/\/www.europesays.com\/fr\/wp-json\/wp\/v2\/categories?post=583584"},{"taxonomy":"post_tag","embeddable":true,"href":"https:\/\/www.europesays.com\/fr\/wp-json\/wp\/v2\/tags?post=583584"}],"curies":[{"name":"wp","href":"https:\/\/api.w.org\/{rel}","templated":true}]}}