{"id":583586,"date":"2025-12-07T05:34:13","date_gmt":"2025-12-07T05:34:13","guid":{"rendered":"https:\/\/www.europesays.com\/fr\/583586\/"},"modified":"2025-12-07T05:34:13","modified_gmt":"2025-12-07T05:34:13","slug":"plus-dune-centaine-dexposants-bientot-reunis-pour-un-marche-de-noel-de-createurs-locaux","status":"publish","type":"post","link":"https:\/\/www.europesays.com\/fr\/583586\/","title":{"rendered":"plus d&rsquo;une centaine d&rsquo;exposants bient\u00f4t r\u00e9unis pour un march\u00e9 de No\u00ebl, de cr\u00e9ateurs locaux"},"content":{"rendered":"<p>                    Par<br \/>\n        <strong><br \/>\n            <a href=\"https:\/\/actu.fr\/auteur\/clemence-pays02-actu-fr\" title=\"Consulter tous les articles de Cl\u00e9mence Pays\" target=\"_blank\" rel=\"noopener\">Cl\u00e9mence Pays<\/a><br \/>\n                    <\/strong><\/p>\n<p>        Publi\u00e9 le<\/p>\n<p>            7 d\u00e9c. 2025 \u00e0 6h32        <\/p>\n<p><strong>Artchivers<\/strong> est de retour, version <a href=\"https:\/\/actu.fr\/tag\/noel-a-rennes\" target=\"_blank\" rel=\"noopener\">No\u00ebl<\/a> cette fois-ci. L\u2019\u00e9v\u00e9nement cr\u00e9\u00e9 par Ga\u00ebl Simon \u2013 <a href=\"https:\/\/actu.fr\/bretagne\/rennes_35238\/rennes-plus-de-50-createurs-locaux-reunis-pour-participer-a-un-nouvel-evenement-gratuit_62596164.html\" target=\"_blank\" rel=\"noopener\">dont la premi\u00e8re \u00e9dition s\u2019\u00e9tait d\u00e9roul\u00e9e en mai\u00a02025<\/a> \u2013 rassemble en un m\u00eame lieu des cr\u00e9ateurs (ices) de Rennes et de Bretagne. Apr\u00e8s le succ\u00e8s du premier rendez-vous, avec 92\u00a0exposants et 3\u2009000\u00a0visiteurs en une journ\u00e9e, Artchivers revient donc \u00e0 la halle Martenot de la place des Lices <strong>dimanche 21\u00a0d\u00e9cembre 2025.<\/strong><\/p>\n<p>\u00ab\u2009On ne s\u2019attendait pas \u00e0 autant, aussi vite\u2009\u00bb<\/p>\n<p class=\" wall-content\">\u00ab\u2009On a eu la sensation d\u2019avoir beaucoup de monde, en mai. Et on a eu <strong>des retours positifs<\/strong> des exposants et des visiteurs\u2009\u00bb, retrace Ga\u00ebl Simon. Des cr\u00e9ateurs ont m\u00eame demand\u00e9 si une autre \u00e9dition \u00e9tait pr\u00e9vue. En novembre, il est d\u2019ailleurs sollicit\u00e9 par le Grand Huit pour organiser un petit march\u00e9 sur deux jours.<\/p>\n<p class=\" wall-content\">Une belle r\u00e9ussite pour le fondateur d\u2019Artchivers qui souhaitait <strong>\u00ab\u2009aller plus loin et r\u00e9ussir \u00e0 s\u2019installer dans la dur\u00e9e\u2009\u00bb.<\/strong><\/p>\n<p class=\" wall-content\">Mais pour cette \u00e9dition hivernale, Ga\u00ebl Simon veut aussi <strong>proposer \u00ab\u2009plus de choses\u2009\u00bb.<\/strong> Retour donc halle Martenot pour b\u00e9n\u00e9ficier d\u2019un vaste espace o\u00f9 pourront s\u2019installer les <strong>114\u00a0exposants<\/strong> d\u00e9j\u00e0 inscrits. \u00ab\u2009En moins de deux semaines, on a eu 150 candidatures. On ne s\u2019attendait pas \u00e0 autant, aussi vite\u2009!\u2009\u00bb<\/p>\n<p>Des nouveaut\u00e9s et une tombola<\/p>\n<p class=\" wall-content\">Pour ce cru de No\u00ebl, quelques cr\u00e9ateurs d\u00e9j\u00e0 pr\u00e9sents en mai seront de retour, mais <strong>la grande majorit\u00e9 exposera pour la premi\u00e8re fois \u00e0 Artchivers.<\/strong> \u00ab\u2009Il y en a beaucoup qui viennent de Rennes, sinon d\u2019Ille-et-Vilaine et quelques-uns d\u2019autres d\u00e9partements bretons\u2009\u00bb, annonce Ga\u00ebl Simon.<\/p>\n<p class=\" wall-content\"><a href=\"https:\/\/www.instagram.com\/p\/DRppYuvDcbj\/embed\" title=\"Ouvrir le lien sur Instagram\" target=\"_blank\" rel=\"noopener\">Visualiser le contenu sur Instagram<\/a><\/p>\n<p class=\" wall-content\"><strong>Au programme,<\/strong> des bijoux, de l\u2019illustration, du textile et de la mode, de la c\u00e9ramique, du tatouage, de la papeterie, de la peinture, de la linogravure ou encore du pain d\u2019\u00e9pices.<\/p>\n<p>Votre r\u00e9gion, votre actu !<\/p>\n<p>Recevez chaque jour les infos qui comptent pour vous.<\/p>\n<p>\t<a href=\"https:\/\/actu.fr\/newsletter\" class=\"ac-btn ac-btn--corner ac-btn--medium ac-btn--blue800\" target=\"_blank\" rel=\"noopener\">S&rsquo;incrire<\/a><\/p>\n<p class=\" wall-content\">\u00ab\u2009En nouveaut\u00e9, on va avoir <strong>de l\u2019artisanat<\/strong> avec de la cr\u00e9ation en verre et m\u00e9tal, de la sculpture en bois, des vitraux, des savons, du strass dentaire ou encore des cosm\u00e9tiques\u2009\u00bb, cite par exemple l\u2019organisateur.<\/p>\n<p class=\" wall-content\"><strong>Des lots pourront aussi \u00eatre gagn\u00e9s<\/strong> pour les plus chanceux puisqu\u2019une tombola est organis\u00e9e par une association d\u2019infirmi\u00e8re, afin de financer un voyage humanitaire.<\/p>\n<p>Des animations et ateliers<\/p>\n<p class=\" wall-content\">En plus des stands, certains exposants proposeront des <strong>animations<\/strong> et des <strong>ateliers<\/strong> (sur inscription). Les visiteurs pourront s\u2019essayer \u00e0 la carterie ou encore \u00e0 la personnalisation de porte-cl\u00e9s. Une <strong>d\u00e9monstration<\/strong> de crochet, une sensibilisation \u00e0 la mode durable et une d\u00e9monstration de henn\u00e9 et jagua sont \u00e9galement au menu.<\/p>\n<p class=\" wall-content\">Pour compl\u00e9ter le tout, un<strong> espace restauration<\/strong> est pr\u00e9vu avec des boissons chaudes, comme \u00ab\u2009du vin chaud avec et sans alcool\u2009\u00bb ou encore des tartines de fromage et des g\u00e2teaux.<\/p>\n<p><strong>Infos pratiques\u2009:<\/strong><br \/>Artchivers, march\u00e9 de No\u00ebl, dimanche 21\u00a0d\u00e9cembre 2025, de 10h \u00e0 22h, halle Martenot, place des Lices \u00e0 Rennes. Entr\u00e9e gratuite.<\/p>\n<p class=\" wall-content\">Personnalisez votre actualit\u00e9 en ajoutant vos villes et m\u00e9dias en favori avec <a href=\"https:\/\/moncompte.actu.fr\" title=\"D\u00e9couvez Mon Actu\" rel=\"nofollow noopener\" data-trk=\"{&quot;cta&quot;:{&quot;action&quot;:&quot;https:\\\/\\\/moncompte.actu.fr&quot;,&quot;category&quot;:&quot;mon compte&quot;,&quot;from&quot;:&quot;article footer&quot;,&quot;name&quot;:&quot;Mon actu&quot;,&quot;type&quot;:&quot;cta&quot;}}\" target=\"_blank\">Mon Actu<\/a>.<\/p>\n<p>                    <script async src=\"\/\/www.instagram.com\/embed.js\"><\/script><\/p>\n","protected":false},"excerpt":{"rendered":"Par Cl\u00e9mence Pays Publi\u00e9 le 7 d\u00e9c. 2025 \u00e0 6h32 Artchivers est de retour, version No\u00ebl cette fois-ci.&hellip;\n","protected":false},"author":2,"featured_media":583587,"comment_status":"","ping_status":"","sticky":false,"template":"","format":"standard","meta":{"footnotes":""},"categories":[2821],"tags":[1111,11,1477,829,1777,674,1011,27,1305,2089,12,57084,584,25],"class_list":{"0":"post-583586","1":"post","2":"type-post","3":"status-publish","4":"format-standard","5":"has-post-thumbnail","7":"category-rennes","8":"tag-actu","9":"tag-actualites","10":"tag-artisanat","11":"tag-bretagne","12":"tag-eu","13":"tag-europe","14":"tag-fr","15":"tag-france","16":"tag-lifestyle","17":"tag-marche","18":"tag-news","19":"tag-noel-a-rennes","20":"tag-rennes","21":"tag-republique-francaise"},"share_on_mastodon":{"url":"https:\/\/pubeurope.com\/@fr\/115676660692914470","error":""},"_links":{"self":[{"href":"https:\/\/www.europesays.com\/fr\/wp-json\/wp\/v2\/posts\/583586","targetHints":{"allow":["GET"]}}],"collection":[{"href":"https:\/\/www.europesays.com\/fr\/wp-json\/wp\/v2\/posts"}],"about":[{"href":"https:\/\/www.europesays.com\/fr\/wp-json\/wp\/v2\/types\/post"}],"author":[{"embeddable":true,"href":"https:\/\/www.europesays.com\/fr\/wp-json\/wp\/v2\/users\/2"}],"replies":[{"embeddable":true,"href":"https:\/\/www.europesays.com\/fr\/wp-json\/wp\/v2\/comments?post=583586"}],"version-history":[{"count":0,"href":"https:\/\/www.europesays.com\/fr\/wp-json\/wp\/v2\/posts\/583586\/revisions"}],"wp:featuredmedia":[{"embeddable":true,"href":"https:\/\/www.europesays.com\/fr\/wp-json\/wp\/v2\/media\/583587"}],"wp:attachment":[{"href":"https:\/\/www.europesays.com\/fr\/wp-json\/wp\/v2\/media?parent=583586"}],"wp:term":[{"taxonomy":"category","embeddable":true,"href":"https:\/\/www.europesays.com\/fr\/wp-json\/wp\/v2\/categories?post=583586"},{"taxonomy":"post_tag","embeddable":true,"href":"https:\/\/www.europesays.com\/fr\/wp-json\/wp\/v2\/tags?post=583586"}],"curies":[{"name":"wp","href":"https:\/\/api.w.org\/{rel}","templated":true}]}}