{"id":583588,"date":"2025-12-07T05:36:16","date_gmt":"2025-12-07T05:36:16","guid":{"rendered":"https:\/\/www.europesays.com\/fr\/583588\/"},"modified":"2025-12-07T05:36:16","modified_gmt":"2025-12-07T05:36:16","slug":"a-schiltigheim-10-personnes-relogees-et-une-route-toujours-fermee","status":"publish","type":"post","link":"https:\/\/www.europesays.com\/fr\/583588\/","title":{"rendered":"\u00e0 Schiltigheim, 10 personnes relog\u00e9es et une route toujours ferm\u00e9e"},"content":{"rendered":"<p><strong>Le samedi 29 novembre au soir, une partie de la fa\u00e7ade d\u2019un immeuble s\u2019est effondr\u00e9e \u00e0 Schiltigheim. Depuis, les habitant(e)s concern\u00e9(e)s ont d\u00fb \u00e9vacuer les lieux et la circulation est toujours bloqu\u00e9e sur la route du G\u00e9n\u00e9ral-de-Gaulle. Quelles sont les prochaines \u00e9tapes dans ce dossier ? On fait le point.<\/strong><\/p>\n<p>Ce samedi 29 novembre, peu avant 21h, <strong>des sapeurs-pompiers sont intervenu(e)s pour \u00e9vacuer les habitant(e)s<\/strong> d\u2019un immeuble situ\u00e9 au 11 route du G\u00e9n\u00e9ral-de-Gaulle. Pour cause, des pans entiers de la fa\u00e7ade se d\u00e9tachaient et s\u2019\u00e9crasaient au sol. Heureusement, <strong>cet incident n\u2019a fait aucun(e) bless\u00e9(e).<\/strong><\/p>\n<p>Sur place, une analyse de la stabilit\u00e9 du b\u00e2timent a ensuite \u00e9t\u00e9 r\u00e9alis\u00e9e, concluant qu\u2019il existait bien un risque pour les occupant(e)s. \u00ab Quand les pompiers sont intervenus,<strong> ils pouvaient passer leur main dans le bois<\/strong>\u00a0tellement il \u00e9tait pourri \u00bb, d\u00e9plore Patrick Maciejewski, premier adjoint de Schiltigheim et pr\u00e9sident de la CTS.<\/p>\n<p>                <img width=\"375\" height=\"500\" src=\"https:\/\/www.europesays.com\/fr\/wp-content\/uploads\/2025\/12\/img-0673-375x500.jpg\" class=\"attachment-gallery size-gallery\" alt=\"Immeuble effondr\u00e9 Schiltigheim\" data-full-url=\"https:\/\/pokaa.fr\/wp-content\/uploads\/2025\/12\/05\/img-0673-1500x2000.jpg\" decoding=\"async\" loading=\"lazy\"  \/>            <\/p>\n<p>                <img width=\"375\" height=\"500\" src=\"https:\/\/www.europesays.com\/fr\/wp-content\/uploads\/2025\/12\/img-0674-375x500.jpg\" class=\"attachment-gallery size-gallery\" alt=\"Immeuble effondr\u00e9 Schiltigheim\" data-full-url=\"https:\/\/pokaa.fr\/wp-content\/uploads\/2025\/12\/05\/img-0674-1500x2000.jpg\" decoding=\"async\" loading=\"lazy\"  \/>            <\/p>\n<p>                    \u00a9 Phil Off \/ Pokaa<\/p>\n<p>\u00ab\u00a0On a d\u00e9couvert qu\u2019<strong>un cr\u00e9pi avait \u00e9t\u00e9 utilis\u00e9 pour isoler ce b\u00e2timent \u00e0 pans de bois<\/strong>. Sur ce type de b\u00e2timent, c\u2019est \u00e0 ne surtout pas faire, car <strong>l\u2019humidit\u00e9 s\u2019installe sous la fa\u00e7ade. <\/strong>Malheureusement, nous n\u2019avons pas beaucoup d\u2019outils<strong> pour interdire ces constructions<\/strong>.\u00a0\u00bb<\/p>\n<p>\u00c0 noter \u00e9galement : avant les faits, le b\u00e2timent \u00e9tait d\u00e9j\u00e0 surveill\u00e9<strong> car estim\u00e9 dangereux<\/strong> en raison de plusieurs infiltrations d\u2019eau !<\/p>\n<p>Des r\u00e9sident(e)s autoris\u00e9(e)s \u00e0 passer dans le secteur uniquement \u00e0 pied<\/p>\n<p>Suite \u00e0 cet incident, la maire de la ville, Danielle Dambach, a pris <strong>un arr\u00eat\u00e9 de p\u00e9ril imminent ce dimanche 30 novembre<\/strong>. Un expert a donc \u00e9t\u00e9 nomm\u00e9 par le tribunal administratif pour livrer ses recommandations <strong>dans un d\u00e9lai de 15 jours<\/strong>.<\/p>\n<p>Dans ses premi\u00e8res conclusions, <strong>il pr\u00e9conise la poursuite de la fermeture du tron\u00e7on<\/strong> de la route du G\u00e9n\u00e9ral-de-Gaulle. \u00ab L\u2019expert a d\u00e9cid\u00e9 que<strong> la rue devait rester ferm\u00e9e<\/strong>. Seuls les habitants des immeubles des alentours peuvent l\u2019emprunter pour rentrer chez eux,<strong> et uniquement \u00e0 pied<\/strong> \u00bb, d\u00e9taille Patrick Maciejewski.\u00a0<\/p>\n<p>    <img width=\"800\" height=\"600\" src=\"https:\/\/www.europesays.com\/fr\/wp-content\/uploads\/2025\/12\/img-6259-grande-800x600.jpeg\" class=\"attachment-image-size-L size-image-size-L\" alt=\"schiltigheim\" decoding=\"async\" loading=\"lazy\"  \/>         \u00a9 Nicolas Kaspar \/ Pokaa <\/p>\n<p>Selon la mairie, les habitant(e)s des immeubles voisins du num\u00e9ro 11 de la route du G\u00e9n\u00e9ral-de-Gaulle<strong>\u00a0ne sont pas en danger<\/strong> et <strong>ne devraient pas \u00eatre \u00e9vacu\u00e9(e)s.<\/strong><\/p>\n<p>Cependant, la Ville ne dispose d\u2019<strong>aucune certitude au sujet de la long\u00e9vit\u00e9 du dispositif<\/strong> de s\u00e9curit\u00e9 dans la rue. \u00ab Nous n\u2019avons pas de visibilit\u00e9 sur la dur\u00e9e de cette fermeture\u00a0\u00bb, ajoute le premier adjoint. \u00ab\u00a0Aujourd\u2019hui, <strong>cet immeuble n\u2019est plus viable<\/strong>. La grande charpente qui tient l\u2019ensemble de la structure <strong>risque de s\u2019effondrer<\/strong>. L\u2019expert pense que tout peut se d\u00e9visser d\u2019un coup. Nous allons installer un \u00e9chafaudage <strong>pour permettre aux gens de d\u00e9m\u00e9nager. <\/strong>\u00bb<\/p>\n<p>    <img width=\"800\" height=\"600\" src=\"https:\/\/www.europesays.com\/fr\/wp-content\/uploads\/2025\/12\/img-0672-800x600.jpg\" class=\"attachment-image-size-L size-image-size-L\" alt=\"Immeuble effondr\u00e9 Schiltigheim\" decoding=\"async\" loading=\"lazy\"  \/>         \u00a9 Phil Off \/ Pokaa <\/p>\n<p>D\u00e8s le soir du 29 novembre, les 10 habitant(e)s de cet immeuble compos\u00e9 de huit appartements <strong>ont \u00e9t\u00e9 \u00e9vacu\u00e9(e)s et relog\u00e9(e)s<\/strong>. \u00ab Dans l\u2019urgence, plusieurs habitants ont \u00e9t\u00e9 relog\u00e9s par la Ville. <strong>La majorit\u00e9 des r\u00e9sidents ont trouv\u00e9 une solution<\/strong> aujourd\u2019hui\u00a0\u00bb, selon Patrick Maciejewski.\u00a0<\/p>\n<p><strong>Les cinq mineur(e)s prot\u00e9g\u00e9(e)s,<\/strong> install\u00e9(e)s dans le b\u00e2timent par l\u2019Association r\u00e9gionale sp\u00e9cialis\u00e9e d\u2019action sociale (Arsea), ont \u00e9galement \u00e9t\u00e9<strong> relog\u00e9(e)s.<\/strong><\/p>\n<p>De plus, un des appartements \u00e9tait d\u00e9j\u00e0 vide,<strong> le propri\u00e9taire cherchait \u00e0 vendre le bien. <\/strong>Un autre habitant, d\u00e9j\u00e0 engag\u00e9 dans une proc\u00e9dure de d\u00e9m\u00e9nagement,<strong> a \u00e9lu domicile dans un logement tiroir.<\/strong> Et une propri\u00e9taire doit encore trouver une solution de repli.<\/p>\n<\/p>\n<p>\u00ab Les vibrations caus\u00e9es par les bus pourraient \u00eatre un d\u00e9clencheur \u00bb<\/p>\n<p>En attendant le rapport d\u00e9finitif de l\u2019expert, la route du G\u00e9n\u00e9ral-de-Gaulle <strong>reste toujours interdite \u00e0 la circulation<\/strong> et les transports en commun <strong>empruntent un autre itin\u00e9raire<\/strong>.\u00a0<\/p>\n<p>\u00ab<strong>\u00a0<\/strong><strong>On a rallong\u00e9 le trajet de cinq minutes<\/strong> en passant par la rue Saint-Charles et la route de Bischwiller sur la ligne de bus C9. Les vibrations caus\u00e9es par le passage de bus ou de voitures <strong>pourraient \u00eatre un d\u00e9clencheur pour le b\u00e2timent<\/strong> \u00bb, d\u00e9taille Patrick Maciejewski, avec sa casquette de pr\u00e9sident de la CTS.<\/p>\n<p>    <img width=\"800\" height=\"600\" src=\"https:\/\/www.europesays.com\/fr\/wp-content\/uploads\/2025\/12\/img-0314-800x600.jpg\" class=\"attachment-image-size-L size-image-size-L\" alt=\"bus cts chron\u2019hop\" decoding=\"async\" loading=\"lazy\"  \/>         \u00a9 Nicolas Kaspar \/ Pokaa <\/p>\n<p>Le retour \u00e0 la normale route du G\u00e9n\u00e9ral-de-Gaulle n\u2019est donc pas pr\u00e9vu pour tout de suite,<strong> et impossible de savoir pour le moment s\u2019il faudra d\u00e9molir l\u2019immeuble\u2026<\/strong><\/p>\n","protected":false},"excerpt":{"rendered":"Le samedi 29 novembre au soir, une partie de la fa\u00e7ade d\u2019un immeuble s\u2019est effondr\u00e9e \u00e0 Schiltigheim. Depuis,&hellip;\n","protected":false},"author":2,"featured_media":583589,"comment_status":"","ping_status":"","sticky":false,"template":"","format":"standard","meta":{"footnotes":""},"categories":[2820],"tags":[1111,11,1777,674,4816,1011,27,775,5480,12,25,5512,640,58524],"class_list":{"0":"post-583588","1":"post","2":"type-post","3":"status-publish","4":"format-standard","5":"has-post-thumbnail","7":"category-strasbourg","8":"tag-actu","9":"tag-actualites","10":"tag-eu","11":"tag-europe","12":"tag-facade","13":"tag-fr","14":"tag-france","15":"tag-grand-est","16":"tag-immeuble","17":"tag-news","18":"tag-republique-francaise","19":"tag-schiltigheim","20":"tag-strasbourg","21":"tag-strasbourg-actualite"},"share_on_mastodon":{"url":"https:\/\/pubeurope.com\/@fr\/115676670881206323","error":""},"_links":{"self":[{"href":"https:\/\/www.europesays.com\/fr\/wp-json\/wp\/v2\/posts\/583588","targetHints":{"allow":["GET"]}}],"collection":[{"href":"https:\/\/www.europesays.com\/fr\/wp-json\/wp\/v2\/posts"}],"about":[{"href":"https:\/\/www.europesays.com\/fr\/wp-json\/wp\/v2\/types\/post"}],"author":[{"embeddable":true,"href":"https:\/\/www.europesays.com\/fr\/wp-json\/wp\/v2\/users\/2"}],"replies":[{"embeddable":true,"href":"https:\/\/www.europesays.com\/fr\/wp-json\/wp\/v2\/comments?post=583588"}],"version-history":[{"count":0,"href":"https:\/\/www.europesays.com\/fr\/wp-json\/wp\/v2\/posts\/583588\/revisions"}],"wp:featuredmedia":[{"embeddable":true,"href":"https:\/\/www.europesays.com\/fr\/wp-json\/wp\/v2\/media\/583589"}],"wp:attachment":[{"href":"https:\/\/www.europesays.com\/fr\/wp-json\/wp\/v2\/media?parent=583588"}],"wp:term":[{"taxonomy":"category","embeddable":true,"href":"https:\/\/www.europesays.com\/fr\/wp-json\/wp\/v2\/categories?post=583588"},{"taxonomy":"post_tag","embeddable":true,"href":"https:\/\/www.europesays.com\/fr\/wp-json\/wp\/v2\/tags?post=583588"}],"curies":[{"name":"wp","href":"https:\/\/api.w.org\/{rel}","templated":true}]}}