{"id":583592,"date":"2025-12-07T05:40:46","date_gmt":"2025-12-07T05:40:46","guid":{"rendered":"https:\/\/www.europesays.com\/fr\/583592\/"},"modified":"2025-12-07T05:40:46","modified_gmt":"2025-12-07T05:40:46","slug":"cdg-06-appel-doffres-pour-labonnement-a-une-base-de-donnees-juridiques","status":"publish","type":"post","link":"https:\/\/www.europesays.com\/fr\/583592\/","title":{"rendered":"CDG 06 : appel d\u2019offres pour l\u2019abonnement \u00e0 une base de donn\u00e9es juridiques"},"content":{"rendered":"<p>                    <img loading=\"lazy\" decoding=\"async\" src=\"https:\/\/www.europesays.com\/fr\/wp-content\/uploads\/2025\/12\/e9d00d606b6b1e445d71462683a6bd.png\" class=\"img-responsive post-image\" width=\"680\" height=\"510\" alt=\"CDG 06 : appel d'offres\" title=\"CDG 06 : appel d'offres pour l'abonnement \u00e0 une base de donn\u00e9es juridiques \"\/><\/p>\n<p class=\"chapo\">Le Centre de gestion de la fonction publique territoriale des Alpes-Maritimes (CDGFPT 06) a publi\u00e9, le 27 novembre 2025, un avis de march\u00e9 portant sur l\u2019abonnement \u00e0 une base de donn\u00e9es juridiques. Ce contrat de prestations de services vise \u00e0 doter l\u2019\u00e9tablissement d\u2019un outil documentaire sp\u00e9cialis\u00e9, essentiel \u00e0 l\u2019accompagnement juridique des collectivit\u00e9s locales du d\u00e9partement.<\/p>\n<p>La proc\u00e9dure retenue est une proc\u00e9dure adapt\u00e9e ouverte. Le march\u00e9, d\u2019une dur\u00e9e initiale d\u2019un an \u00e0 compter de sa notification, pourra \u00eatre reconduit tacitement jusqu\u2019\u00e0 trois fois, sans d\u00e9passer quatre ann\u00e9es au total. Le montant maximum annuel est fix\u00e9 \u00e0 20 000 \u20ac HT et aucune variante n\u2019est autoris\u00e9e.<br class=\"texte\"\/><br \/>\nLe march\u00e9 n\u2019est pas divis\u00e9 en lots, et les candidats disposent d\u2019un d\u00e9lai de validit\u00e9 de leur offre de 90 jours. L\u2019attribution se fera selon trois crit\u00e8res principaux\u00a0: la valeur \u00e9conomique (60 points), la valeur technique (30 points) et les d\u00e9lais propos\u00e9s (10 points).<\/p>\n<p><strong>Les entreprises int\u00e9ress\u00e9es ont jusqu\u2019au jeudi 11 d\u00e9cembre 2025 \u00e0 12 h pour d\u00e9poser leur offre. <\/strong> <\/p>\n<p>Le CDG 06, bas\u00e9 \u00e0 Saint-Laurent-du-Var, pr\u00e9cise que toute question ou demande d\u2019information peut \u00eatre adress\u00e9e \u00e0 son service Administration g\u00e9n\u00e9rale. r<br class=\"autobr\"\/><br \/>\nCDGFTP06 Service Administration G\u00e9n\u00e9rale 06705 Saint Laurent du Var Tel\u00a0: 04.92.27.34.34 E-mail\u00a0: <a href=\"https:\/\/www.petitesaffiches.fr\/cdn-cgi\/l\/email-protection\" class=\"__cf_email__\" data-cfemail=\"f1859492999f9880849482b1929596c1c7df9783\" target=\"_blank\" rel=\"noopener\">[email\u00a0protected]<\/a> Adresse internet\u00a0: <a href=\"http:\/\/www.cdg06.fr\" class=\"spip_out\" rel=\"external noopener\" target=\"_blank\">www.cdg06.fr<\/a><\/p>\n<p>Visuel de Une\u00a0: illustration \u00a9DR<\/p>\n","protected":false},"excerpt":{"rendered":"Le Centre de gestion de la fonction publique territoriale des Alpes-Maritimes (CDGFPT 06) a publi\u00e9, le 27 novembre&hellip;\n","protected":false},"author":2,"featured_media":583593,"comment_status":"","ping_status":"","sticky":false,"template":"","format":"standard","meta":{"footnotes":""},"categories":[2819],"tags":[1111,11,2408,1777,674,1011,27,12,2401,882,25],"class_list":{"0":"post-583592","1":"post","2":"type-post","3":"status-publish","4":"format-standard","5":"has-post-thumbnail","7":"category-nice","8":"tag-actu","9":"tag-actualites","10":"tag-appels-d","11":"tag-eu","12":"tag-europe","13":"tag-fr","14":"tag-france","15":"tag-news","16":"tag-nice","17":"tag-provence-alpes-cote-dazur","18":"tag-republique-francaise"},"share_on_mastodon":{"url":"https:\/\/pubeurope.com\/@fr\/115676684900950233","error":""},"_links":{"self":[{"href":"https:\/\/www.europesays.com\/fr\/wp-json\/wp\/v2\/posts\/583592","targetHints":{"allow":["GET"]}}],"collection":[{"href":"https:\/\/www.europesays.com\/fr\/wp-json\/wp\/v2\/posts"}],"about":[{"href":"https:\/\/www.europesays.com\/fr\/wp-json\/wp\/v2\/types\/post"}],"author":[{"embeddable":true,"href":"https:\/\/www.europesays.com\/fr\/wp-json\/wp\/v2\/users\/2"}],"replies":[{"embeddable":true,"href":"https:\/\/www.europesays.com\/fr\/wp-json\/wp\/v2\/comments?post=583592"}],"version-history":[{"count":0,"href":"https:\/\/www.europesays.com\/fr\/wp-json\/wp\/v2\/posts\/583592\/revisions"}],"wp:featuredmedia":[{"embeddable":true,"href":"https:\/\/www.europesays.com\/fr\/wp-json\/wp\/v2\/media\/583593"}],"wp:attachment":[{"href":"https:\/\/www.europesays.com\/fr\/wp-json\/wp\/v2\/media?parent=583592"}],"wp:term":[{"taxonomy":"category","embeddable":true,"href":"https:\/\/www.europesays.com\/fr\/wp-json\/wp\/v2\/categories?post=583592"},{"taxonomy":"post_tag","embeddable":true,"href":"https:\/\/www.europesays.com\/fr\/wp-json\/wp\/v2\/tags?post=583592"}],"curies":[{"name":"wp","href":"https:\/\/api.w.org\/{rel}","templated":true}]}}