{"id":583598,"date":"2025-12-07T05:45:13","date_gmt":"2025-12-07T05:45:13","guid":{"rendered":"https:\/\/www.europesays.com\/fr\/583598\/"},"modified":"2025-12-07T05:45:13","modified_gmt":"2025-12-07T05:45:13","slug":"la-meteo-a-bordeaux-du-dimanche-7-decembre-2025","status":"publish","type":"post","link":"https:\/\/www.europesays.com\/fr\/583598\/","title":{"rendered":"La m\u00e9t\u00e9o \u00e0 Bordeaux du dimanche 7 d\u00e9cembre 2025"},"content":{"rendered":"<p><strong>Pr\u00e9visions M\u00e9t\u00e9o \u00e0 Bordeaux demain<\/strong><\/p>\n<p>Le champ nuageux laissera de temps en temps de la place au beau temps. Les temp\u00e9ratures ext\u00e9rieures varieront entre 10\u00b0C et 16\u00b0C. On sentira un vent de 9 km\/h. Le soleil n&rsquo;est pas encore au rendez-vous le matin, car les nuages demeurent. La temp\u00e9rature sera autour de 11\u00b0C. Des embellies sont pr\u00e9vues au cours de l&rsquo;apr\u00e8s-midi. Les temp\u00e9ratures seront \u00e0 la hausse, et \u00e9galeront les 12\u00b0C \u00e0 16\u00b0C. La temp\u00e9rature ext\u00e9rieure atteindra les 11\u00b0C demain soir.<\/p>\n<p><strong>M\u00e9t\u00e9o \u00e0 Bordeaux pour les prochains jours<\/strong><\/p>\n","protected":false},"excerpt":{"rendered":"Pr\u00e9visions M\u00e9t\u00e9o \u00e0 Bordeaux demain Le champ nuageux laissera de temps en temps de la place au beau&hellip;\n","protected":false},"author":2,"featured_media":583599,"comment_status":"","ping_status":"","sticky":false,"template":"","format":"standard","meta":{"footnotes":""},"categories":[2817],"tags":[1111,11,1997,1777,674,1011,27,12,2219,25],"class_list":{"0":"post-583598","1":"post","2":"type-post","3":"status-publish","4":"format-standard","5":"has-post-thumbnail","7":"category-bordeaux","8":"tag-actu","9":"tag-actualites","10":"tag-bordeaux","11":"tag-eu","12":"tag-europe","13":"tag-fr","14":"tag-france","15":"tag-news","16":"tag-nouvelle-aquitaine","17":"tag-republique-francaise"},"share_on_mastodon":{"url":"https:\/\/pubeurope.com\/@fr\/115676703904430350","error":""},"_links":{"self":[{"href":"https:\/\/www.europesays.com\/fr\/wp-json\/wp\/v2\/posts\/583598","targetHints":{"allow":["GET"]}}],"collection":[{"href":"https:\/\/www.europesays.com\/fr\/wp-json\/wp\/v2\/posts"}],"about":[{"href":"https:\/\/www.europesays.com\/fr\/wp-json\/wp\/v2\/types\/post"}],"author":[{"embeddable":true,"href":"https:\/\/www.europesays.com\/fr\/wp-json\/wp\/v2\/users\/2"}],"replies":[{"embeddable":true,"href":"https:\/\/www.europesays.com\/fr\/wp-json\/wp\/v2\/comments?post=583598"}],"version-history":[{"count":0,"href":"https:\/\/www.europesays.com\/fr\/wp-json\/wp\/v2\/posts\/583598\/revisions"}],"wp:featuredmedia":[{"embeddable":true,"href":"https:\/\/www.europesays.com\/fr\/wp-json\/wp\/v2\/media\/583599"}],"wp:attachment":[{"href":"https:\/\/www.europesays.com\/fr\/wp-json\/wp\/v2\/media?parent=583598"}],"wp:term":[{"taxonomy":"category","embeddable":true,"href":"https:\/\/www.europesays.com\/fr\/wp-json\/wp\/v2\/categories?post=583598"},{"taxonomy":"post_tag","embeddable":true,"href":"https:\/\/www.europesays.com\/fr\/wp-json\/wp\/v2\/tags?post=583598"}],"curies":[{"name":"wp","href":"https:\/\/api.w.org\/{rel}","templated":true}]}}