{"id":583600,"date":"2025-12-07T05:46:27","date_gmt":"2025-12-07T05:46:27","guid":{"rendered":"https:\/\/www.europesays.com\/fr\/583600\/"},"modified":"2025-12-07T05:46:27","modified_gmt":"2025-12-07T05:46:27","slug":"bordeaux-poursuit-sa-belle-serie-de-victoires-nationale-2-j12-bordeaux-dinan-lehon","status":"publish","type":"post","link":"https:\/\/www.europesays.com\/fr\/583600\/","title":{"rendered":"Bordeaux poursuit sa belle s\u00e9rie de victoires &#8211; Nationale 2 &#8211; J12 &#8211; Bordeaux-Dinan-L\u00e9hon"},"content":{"rendered":"<p>\t\t\t\u00a0<img decoding=\"async\" loading=\"lazy\" class=\"blason blason-grand\" src=\"https:\/\/www.europesays.com\/fr\/wp-content\/uploads\/2025\/12\/bordeaux.jpg\"\/> Bordeaux 2-0 Dinan-L\u00e9hon <img decoding=\"async\" loading=\"lazy\" class=\"blason blason-grand\" src=\"https:\/\/www.europesays.com\/fr\/wp-content\/uploads\/2025\/12\/dinan-lehon.jpg\"\/><\/p>\n<p>Buts : Openda (62e et 90e+5) pour les Girondins<\/p>\n<p>Le grand Bordeaux est-il de retour ?<\/p>\n<p><strong>Les Girondins cartonnent en tout cas en ce moment<\/strong>. Bon d\u2019accord, ce n\u2019est qu\u2019en National 2, mais tout de m\u00eame : <strong>vainqueur de Dinan-L\u00e9hon ce samedi<\/strong> (1-0), le club au scapulaire encha\u00eene une sixi\u00e8me victoire de rang en championnat, sa huiti\u00e8me toutes comp\u00e9titions confondues. De quoi placer les Bordelais au sommet du groupe A de National 2, avec 26 points et deux unit\u00e9s d\u2019avance sur La Roche-sur-Yon, tenu en \u00e9chec vendredi \u00e0 Angoul\u00eame (1-1).<\/p>\n<blockquote class=\"twitter-tweet-lazy\">\n<p dir=\"ltr\" lang=\"fr\">Openda la fraaaaaappe \ud83e\udde8<\/p>\n<p>1-0 <a target=\"_blank\" href=\"https:\/\/twitter.com\/hashtag\/FCGBDLFC?src=hash&amp;ref_src=twsrc%5Etfw\" rel=\"noopener\">#FCGBDLFC<\/a> <a target=\"_blank\" href=\"https:\/\/t.co\/T79TQV8H3f\">pic.twitter.com\/T79TQV8H3f<\/a><\/p>\n<p>\u2014 FC Girondins de Bordeaux (@girondins) <a target=\"_blank\" href=\"https:\/\/twitter.com\/girondins\/status\/1997373821473456535?ref_src=twsrc%5Etfw\" rel=\"noopener\">December 6, 2025<\/a><\/p>\n<\/blockquote>\n<p>C\u2019est <strong>Royce Openda<\/strong> qui a \u00e9t\u00e9 le h\u00e9ros du jour face \u00e0 Dinan-L\u00e9hon. Vainqueur d\u2019un duel c\u00f4t\u00e9 droit, le Gabonais a trouv\u00e9 les filets d\u2019une frappe crois\u00e9e puissante (<strong>1-0, 62e<\/strong>) peu apr\u00e8s l\u2019heure de jeu. Dans le temps additionnel, l\u2019ancien joueur de Chambly a tu\u00e9 le match sur une contre-attaque (<strong>2-0, 90e+5<\/strong>).<\/p>\n<p>La Ligue 1 se rapproche !<\/p>\n<p>\t\t\t\t\t\t\t\t\t\t<a class=\"lien-connexe\" href=\"https:\/\/www.sofoot.com\/breves\/national-2-j18-les-girondins-de-bordeaux-battent-dinan-lehon-et-passent-leaders-de-leur-championnat\" target=\"_blank\" rel=\"noopener\">Les Girondins de Bordeaux leaders\u202f!<\/a>\t\t\t\t\t<script async src=\"https:\/\/platform.twitter.com\/widgets.js\" charset=\"utf-8\"><\/script><\/p>\n","protected":false},"excerpt":{"rendered":"\u00a0 Bordeaux 2-0 Dinan-L\u00e9hon Buts : Openda (62e et 90e+5) pour les Girondins Le grand Bordeaux est-il de&hellip;\n","protected":false},"author":2,"featured_media":583601,"comment_status":"","ping_status":"","sticky":false,"template":"","format":"standard","meta":{"footnotes":""},"categories":[2817],"tags":[1111,47,11,61,1997,69,65,64,1777,674,63,1011,27,68,66,12,62,2219,70,25,67],"class_list":{"0":"post-583600","1":"post","2":"type-post","3":"status-publish","4":"format-standard","5":"has-post-thumbnail","7":"category-bordeaux","8":"tag-actu","9":"tag-actualite","10":"tag-actualites","11":"tag-actus-football","12":"tag-bordeaux","13":"tag-bundesliga","14":"tag-championnats-europeens","15":"tag-equipe-de-france","16":"tag-eu","17":"tag-europe","18":"tag-football","19":"tag-fr","20":"tag-france","21":"tag-ligua","22":"tag-ligue-1","23":"tag-news","24":"tag-news-foot","25":"tag-nouvelle-aquitaine","26":"tag-premier-league","27":"tag-republique-francaise","28":"tag-serie-a"},"share_on_mastodon":{"url":"https:\/\/pubeurope.com\/@fr\/115676709009289559","error":""},"_links":{"self":[{"href":"https:\/\/www.europesays.com\/fr\/wp-json\/wp\/v2\/posts\/583600","targetHints":{"allow":["GET"]}}],"collection":[{"href":"https:\/\/www.europesays.com\/fr\/wp-json\/wp\/v2\/posts"}],"about":[{"href":"https:\/\/www.europesays.com\/fr\/wp-json\/wp\/v2\/types\/post"}],"author":[{"embeddable":true,"href":"https:\/\/www.europesays.com\/fr\/wp-json\/wp\/v2\/users\/2"}],"replies":[{"embeddable":true,"href":"https:\/\/www.europesays.com\/fr\/wp-json\/wp\/v2\/comments?post=583600"}],"version-history":[{"count":0,"href":"https:\/\/www.europesays.com\/fr\/wp-json\/wp\/v2\/posts\/583600\/revisions"}],"wp:featuredmedia":[{"embeddable":true,"href":"https:\/\/www.europesays.com\/fr\/wp-json\/wp\/v2\/media\/583601"}],"wp:attachment":[{"href":"https:\/\/www.europesays.com\/fr\/wp-json\/wp\/v2\/media?parent=583600"}],"wp:term":[{"taxonomy":"category","embeddable":true,"href":"https:\/\/www.europesays.com\/fr\/wp-json\/wp\/v2\/categories?post=583600"},{"taxonomy":"post_tag","embeddable":true,"href":"https:\/\/www.europesays.com\/fr\/wp-json\/wp\/v2\/tags?post=583600"}],"curies":[{"name":"wp","href":"https:\/\/api.w.org\/{rel}","templated":true}]}}