{"id":583606,"date":"2025-12-07T05:51:15","date_gmt":"2025-12-07T05:51:15","guid":{"rendered":"https:\/\/www.europesays.com\/fr\/583606\/"},"modified":"2025-12-07T05:51:15","modified_gmt":"2025-12-07T05:51:15","slug":"il-faut-ameliorer-beaucoup-de-choses-la-frustration-de-balerdi-apres-la-defaite-marseillaise","status":"publish","type":"post","link":"https:\/\/www.europesays.com\/fr\/583606\/","title":{"rendered":"\u00ab\u00a0Il faut am\u00e9liorer beaucoup de choses\u00a0\u00bb, la frustration de Balerdi apr\u00e8s la d\u00e9faite marseillaise"},"content":{"rendered":"<p>Battu \u00e0 Lille vendredi lors de la 15e journ\u00e9e de Ligue 1 (1-0), Marseille manque une nouvelle fois l&rsquo;opportunit\u00e9 de prendre provisoirement la t\u00eate du championnat. Pour le capitaine Leonardo Balerdi, les Marseillais ont manqu\u00e9 de beaucoup de choses \u00e0 Pierre-Mauroy.<\/p>\n<p>Encore rat\u00e9. <a href=\"https:\/\/rmcsport.bfmtv.com\/football\/ligue-1\/direct-om-toulouse-suivez-en-live-le-match-de-la-14e-journee-de-ligue-1_LS-202511290306.html\" title=\"OM-Toulouse: le TFC arrache le nul, Marseille manque l&#039;occasion de prendre la t\u00eate de la Ligue 1\" class=\"internal_link\" target=\"_blank\" rel=\"noopener\">D\u00e9j\u00e0 frein\u00e9 par Toulouse (2-2)<\/a> la semaine derni\u00e8re, l&rsquo;OM s&rsquo;est inclin\u00e9 sur la pelouse de Lille ce vendredi lors de la 15e journ\u00e9e de Ligue 1 (1-0) et manque l&rsquo;opportunit\u00e9 de mettre la pression sur Lens (1er) et le PSG (2e), qui jouent ce samedi. Au lieu de cela, les Marseillais voient les Dogues revenir \u00e0 \u00e9galit\u00e9 de points (29) \u00e0 hauteur du podium.<\/p>\n<p>Lors de cette rencontre, les joueurs de Roberto De Zerbi se sont globalement montr\u00e9s inoffensifs, m\u00eame si Mason Greenwood a manqu\u00e9 une occasion en or d&rsquo;\u00e9galiser apr\u00e8s le but d&rsquo;Ethan Mbapp\u00e9. \u00ab\u00a0Il faudrait revoir. En premi\u00e8re mi-temps, on n&rsquo;a pas fait les choses bien\u00a0\u00bb, a analys\u00e9 Leonardo Balerdi au micro de BeIN Sports au coup de sifflet final.<\/p>\n<p><a href=\"https:\/\/rmcsport.bfmtv.com\/football\/ligue-1\/direct-lille-marseille-suivez-en-live-le-match-de-la-15e-journee-de-ligue-1_LS-202512050826.html\" title=\"Ligue 1: la tr\u00e8s belle affaire du Losc qui s&#039;impose face \u00e0 un OM sans inspiration\" class=\"internal_link\" target=\"_blank\" rel=\"noopener\">&gt;&gt; Revivez Lille-OM (1-0)<\/a><\/p>\n<p>L&rsquo;OM attendu en C1<\/p>\n<p>\u00ab\u00a0La deuxi\u00e8me, on a essay\u00e9 un peu plus mais on n&rsquo;\u00e9tait pas pr\u00e9sents. On peut faire de meilleures choses. Il faut am\u00e9liorer beaucoup de choses. La pression, non. Il faut am\u00e9liorer quelque chose sur le terrain. Sous la pression, on peut faire mieux. Aller plus fort et montrer un signal. Aujourd&rsquo;hui, on ne l&rsquo;a pas fait\u00a0\u00bb, a ajout\u00e9 l&rsquo;international argentin.<\/p>\n<p>Sur une s\u00e9rie de deux matchs sans victoire en Ligue 1, Marseille esp\u00e8re se relancer en Ligue des champions d\u00e8s mardi, sur la pelouse de l&rsquo;Union Saint-Gilloise (21h). Apr\u00e8s le succ\u00e8s contre Newcastle (2-1), les Marseillais sont toujours en course pour une qualification pour les barrages de la comp\u00e9tition. 21e, l&rsquo;OM compte 6 points apr\u00e8s cinq matchs.<\/p>\n","protected":false},"excerpt":{"rendered":"Battu \u00e0 Lille vendredi lors de la 15e journ\u00e9e de Ligue 1 (1-0), Marseille manque une nouvelle fois&hellip;\n","protected":false},"author":2,"featured_media":583607,"comment_status":"","ping_status":"","sticky":false,"template":"","format":"standard","meta":{"footnotes":""},"categories":[2815],"tags":[1111,11,1777,674,1011,27,811,1307,12,25],"class_list":{"0":"post-583606","1":"post","2":"type-post","3":"status-publish","4":"format-standard","5":"has-post-thumbnail","7":"category-lille","8":"tag-actu","9":"tag-actualites","10":"tag-eu","11":"tag-europe","12":"tag-fr","13":"tag-france","14":"tag-hauts-de-france","15":"tag-lille","16":"tag-news","17":"tag-republique-francaise"},"share_on_mastodon":{"url":"https:\/\/pubeurope.com\/@fr\/115676727457782287","error":""},"_links":{"self":[{"href":"https:\/\/www.europesays.com\/fr\/wp-json\/wp\/v2\/posts\/583606","targetHints":{"allow":["GET"]}}],"collection":[{"href":"https:\/\/www.europesays.com\/fr\/wp-json\/wp\/v2\/posts"}],"about":[{"href":"https:\/\/www.europesays.com\/fr\/wp-json\/wp\/v2\/types\/post"}],"author":[{"embeddable":true,"href":"https:\/\/www.europesays.com\/fr\/wp-json\/wp\/v2\/users\/2"}],"replies":[{"embeddable":true,"href":"https:\/\/www.europesays.com\/fr\/wp-json\/wp\/v2\/comments?post=583606"}],"version-history":[{"count":0,"href":"https:\/\/www.europesays.com\/fr\/wp-json\/wp\/v2\/posts\/583606\/revisions"}],"wp:featuredmedia":[{"embeddable":true,"href":"https:\/\/www.europesays.com\/fr\/wp-json\/wp\/v2\/media\/583607"}],"wp:attachment":[{"href":"https:\/\/www.europesays.com\/fr\/wp-json\/wp\/v2\/media?parent=583606"}],"wp:term":[{"taxonomy":"category","embeddable":true,"href":"https:\/\/www.europesays.com\/fr\/wp-json\/wp\/v2\/categories?post=583606"},{"taxonomy":"post_tag","embeddable":true,"href":"https:\/\/www.europesays.com\/fr\/wp-json\/wp\/v2\/tags?post=583606"}],"curies":[{"name":"wp","href":"https:\/\/api.w.org\/{rel}","templated":true}]}}