{"id":583610,"date":"2025-12-07T05:53:11","date_gmt":"2025-12-07T05:53:11","guid":{"rendered":"https:\/\/www.europesays.com\/fr\/583610\/"},"modified":"2025-12-07T05:53:11","modified_gmt":"2025-12-07T05:53:11","slug":"sebastien-delogu-le-pari-fada-des-insoumis","status":"publish","type":"post","link":"https:\/\/www.europesays.com\/fr\/583610\/","title":{"rendered":"S\u00e9bastien Delogu, le pari fada des Insoumis"},"content":{"rendered":"<p>C\u2019est sous les cris de \u00ab Lib\u00e9rez Gaza! Lib\u00e9rez la Palestine! \u00bb qu\u2019a d\u00e9but\u00e9 hier soir le meeting de lancement de campagne de S\u00e9bastien Delogu \u00e0 la Friche de la Belle de Mai, o\u00f9 les Insoumis revendiquaient plus de 1000 personnes pr\u00e9sentes. Beaucoup de jeunes et des drapeaux de la Palestine. \u00ab En mars prochain, nous voulons faire de Marseille l\u2019\u00e9picentre de l\u2019insoumission qui vient \u00bb, proclame le coordinateur de LFI, Manuel Bompard. Des militantes associatives voil\u00e9es, issues des cit\u00e9s de la ville, prennent la parole sur sc\u00e8ne avant d\u2019accueillir la star du jour.<\/p>\n<p>Deux jours plus t\u00f4t, sous les volets d\u00e9fra\u00eechis et les c\u00e2bles apparents du 3e\u202farrondissement, l\u2019un des quartiers les plus pauvres de Marseille, S\u00e9bastien Delogu distribue ses tracts. Cheveux noirs gomin\u00e9s et \u00e9charpe grise, le candidat l\u00e2che \u00e0 tour de bras des \u00ab\u202fon est ensemble\u202f\u00bb, \u00ab\u202fmerci fr\u00e9rot\u202f\u00bb, avec \u00e0 la cl\u00e9 cette promesse \u00e9ternelle de \u00ab\u202fredonner le pouvoir au peuple\u202f\u00bb et un gage de sinc\u00e9rit\u00e9\u2009: \u00ab\u202fMoi, j\u2019suis pas en train de t\u2019envoyer des disquettes.\u202f\u00bb<\/p>\n","protected":false},"excerpt":{"rendered":"C\u2019est sous les cris de \u00ab Lib\u00e9rez Gaza! Lib\u00e9rez la Palestine! \u00bb qu\u2019a d\u00e9but\u00e9 hier soir le meeting&hellip;\n","protected":false},"author":2,"featured_media":583611,"comment_status":"","ping_status":"","sticky":false,"template":"","format":"standard","meta":{"footnotes":""},"categories":[2814],"tags":[17,1111,11,2511,17418,1777,674,69702,1011,27,31899,4743,3102,884,33564,12,27425,882,25,3640,17417],"class_list":{"0":"post-583610","1":"post","2":"type-post","3":"status-publish","4":"format-standard","5":"has-post-thumbnail","7":"category-marseille","8":"tag-17","9":"tag-actu","10":"tag-actualites","11":"tag-cest","12":"tag-delogu","13":"tag-eu","14":"tag-europe","15":"tag-fada","16":"tag-fr","17":"tag-france","18":"tag-insoumis","19":"tag-la","20":"tag-la-tribune-dimanche","21":"tag-marseille","22":"tag-moi","23":"tag-news","24":"tag-pari","25":"tag-provence-alpes-cote-dazur","26":"tag-republique-francaise","27":"tag-rue","28":"tag-sebastien"},"share_on_mastodon":{"url":"https:\/\/pubeurope.com\/@fr\/115676735422415814","error":""},"_links":{"self":[{"href":"https:\/\/www.europesays.com\/fr\/wp-json\/wp\/v2\/posts\/583610","targetHints":{"allow":["GET"]}}],"collection":[{"href":"https:\/\/www.europesays.com\/fr\/wp-json\/wp\/v2\/posts"}],"about":[{"href":"https:\/\/www.europesays.com\/fr\/wp-json\/wp\/v2\/types\/post"}],"author":[{"embeddable":true,"href":"https:\/\/www.europesays.com\/fr\/wp-json\/wp\/v2\/users\/2"}],"replies":[{"embeddable":true,"href":"https:\/\/www.europesays.com\/fr\/wp-json\/wp\/v2\/comments?post=583610"}],"version-history":[{"count":0,"href":"https:\/\/www.europesays.com\/fr\/wp-json\/wp\/v2\/posts\/583610\/revisions"}],"wp:featuredmedia":[{"embeddable":true,"href":"https:\/\/www.europesays.com\/fr\/wp-json\/wp\/v2\/media\/583611"}],"wp:attachment":[{"href":"https:\/\/www.europesays.com\/fr\/wp-json\/wp\/v2\/media?parent=583610"}],"wp:term":[{"taxonomy":"category","embeddable":true,"href":"https:\/\/www.europesays.com\/fr\/wp-json\/wp\/v2\/categories?post=583610"},{"taxonomy":"post_tag","embeddable":true,"href":"https:\/\/www.europesays.com\/fr\/wp-json\/wp\/v2\/tags?post=583610"}],"curies":[{"name":"wp","href":"https:\/\/api.w.org\/{rel}","templated":true}]}}