{"id":583614,"date":"2025-12-07T05:55:12","date_gmt":"2025-12-07T05:55:12","guid":{"rendered":"https:\/\/www.europesays.com\/fr\/583614\/"},"modified":"2025-12-07T05:55:12","modified_gmt":"2025-12-07T05:55:12","slug":"ce-spectacle-magique-en-pleine-nature-est-a-decouvrir-a-40-minutes-de-lyon","status":"publish","type":"post","link":"https:\/\/www.europesays.com\/fr\/583614\/","title":{"rendered":"Ce spectacle \u00ab\u00a0magique\u00a0\u00bb en pleine nature est \u00e0 d\u00e9couvrir \u00e0 40 minutes de Lyon"},"content":{"rendered":"<p>                    Par<br \/>\n        <strong><br \/>\n            <a href=\"https:\/\/actu.fr\/auteur\/theo-zuili\" title=\"Consulter tous les articles de Th\u00e9o Zuili\" target=\"_blank\" rel=\"noopener\">Th\u00e9o Zuili<\/a><br \/>\n                    <\/strong><\/p>\n<p>        Publi\u00e9 le<\/p>\n<p>            7 d\u00e9c. 2025 \u00e0 6h38        <\/p>\n<p>Loin des rues lyonnaises bond\u00e9es, le <strong>Parc des oiseaux<\/strong> de Villars-les-Dombes (Ain), situ\u00e9 \u00e0 40 minutes de <a href=\"https:\/\/actu.fr\/auvergne-rhone-alpes\/lyon_69123\" target=\"_blank\" rel=\"noopener\">Lyon<\/a>, propose une alternative \u00e0 la <a href=\"https:\/\/actu.fr\/tag\/fete-des-lumieres-de-lyon\" target=\"_blank\" rel=\"noopener\">F\u00eate des Lumi\u00e8res<\/a>. Il compte bien concurrencer la capitale des Gaules avec la 2\u1d49 \u00e9dition de son grand \u00ab\u00a0\u00e9v\u00e9nement lumi\u00e8res\u00a0\u00bb : les Nuits du parc.<\/p>\n<p>    <a href=\"https:\/\/www.google.com\/maps\/embed?pb=!1m18!1m12!1m3!1d222122.8388294006!2d4.818454115468001!3d45.8790732265011!2m3!1f0!2f0!3f0!3m2!1i1024!2i768!4f13.1!3m3!1m2!1s0x47f4a449b00782f1%3A0x5df2216e33c4431a!2sParc%20des%20Oiseaux!5e1!3m2!1sfr!2sfr!4v1764941868167!5m2!1sfr!2sfr\" title=\"Ouvrie le lien\" target=\"_blank\" rel=\"noopener\">Cliquez ici pour visualiser le contenu<\/a><\/p>\n<p>Une balade d\u20191h en sons et lumi\u00e8res<\/p>\n<p class=\" wall-content\">Depuis le 28 novembre dernier et jusqu\u2019au 28 f\u00e9vrier 2025, le sublime Parc des oiseaux se transforme de nuit pour une \u00ab\u00a0exp\u00e9rience lumineuse exceptionnelle\u00a0\u00bb : une d\u00e9ambulation <strong>de 1h15<\/strong> sur les cheminements naturels du site pour un \u00ab\u00a0voyage nocturne in\u00e9dit\u00a0\u00bb <strong>d\u2019environ 1,4 kilom\u00e8tre<\/strong>.<\/p>\n<p class=\" wall-content\">Les oiseaux sont laiss\u00e9s tranquilles pour permettre au public de d\u00e9couvrir une sortie interg\u00e9n\u00e9rationnelle \u00ab\u00a0pens\u00e9e pour les enfants, les parents et les grands-parents\u00a0\u00bb sans d\u00e9ranger les volatiles.<\/p>\n<p class=\" wall-content\">De quoi \u00ab\u00a0profiter d\u2019un <strong>moment magique sans bain de foule<\/strong>, en petit flux continu, permettant une d\u00e9ambulation paisible, parfaitement adapt\u00e9e aux jeunes enfants\u00a0\u00bb, promettent les organisateurs sans cacher leur clin d\u2019\u0153il aux parents lyonnais.<\/p>\n<p>Une deuxi\u00e8me \u00e9dition<\/p>\n<p class=\" wall-content\">Au programme pour le public, une succession de tableaux lumineux et immersifs \u00ab\u00a0pens\u00e9s pour susciter \u00e9motion, rires, curiosit\u00e9 et complicit\u00e9\u00a0\u00bb, sign\u00e9s par <strong>un collectif bien connu des Lyonnais<\/strong> : les Allumeurs de R\u00eaves, \u00e0 l\u2019origine de <a href=\"https:\/\/actu.fr\/auvergne-rhone-alpes\/lyon_69123\/fete-des-lumieres-a-lyon-la-basilique-de-fourviere-a-nouveau-illuminee-par-un-sublime-spectacle_63438786.html\" target=\"_blank\" rel=\"noopener\">l\u2019illumination de la basilique Fourvi\u00e8re<\/a> qui rencontre un grand succ\u00e8s.<\/p>\n<p>Votre r\u00e9gion, votre actu !<\/p>\n<p>Recevez chaque jour les infos qui comptent pour vous.<\/p>\n<p>\t<a href=\"https:\/\/actu.fr\/newsletter\" class=\"ac-btn ac-btn--corner ac-btn--medium ac-btn--blue800\" target=\"_blank\" rel=\"noopener\">S&rsquo;incrire<\/a><\/p>\n<p class=\" wall-content\">Ceux <a href=\"https:\/\/actu.fr\/auvergne-rhone-alpes\/villars-les-dombes_01443\/pres-de-lyon-un-grand-spectacle-lumiere-arrive-au-parc-des-oiseaux-cet-hiver_60954143.html\" target=\"_blank\" rel=\"noopener\">qui sont venus l\u2019an dernier<\/a> reconnaitront les personnages du petit poisson et de l\u2019oiseau, prolong\u00e9s lors de cette nouvelle \u00e9dition pour un \u00ab\u00a0p\u00e9riple \u00e9mouvant \u00e0 travers les paysages embl\u00e9matiques du territoire\u00a0\u00bb.<\/p>\n<p class=\" wall-content\">Le tout, projet\u00e9 \u00e0 travers le parc, sur son grand lac central ou encore sa tour panoramique, pour un total de 35 minutes de projections. C\u00f4t\u00e9 pratique, les horaires de d\u00e9part changent selon celui du coucher du soleil et les tarifs sont <strong>de 19\u20ac par adulte, 14\u20ac par enfant ou 60\u20ac pour le pass famille<\/strong>. Le parcours est enti\u00e8rement adapt\u00e9 aux personnes \u00e0 mobilit\u00e9 r\u00e9duite, est-il pr\u00e9cis\u00e9 <a href=\"https:\/\/www.parcdesoiseaux.com\/evenements\/les-nuits-du-parc\/\" target=\"_blank\" rel=\"noopener\">sur la billetterie<\/a>.<\/p>\n<p class=\" wall-content\">Personnalisez votre actualit\u00e9 en ajoutant vos villes et m\u00e9dias en favori avec <a href=\"https:\/\/moncompte.actu.fr\" title=\"D\u00e9couvez Mon Actu\" rel=\"nofollow noopener\" data-trk=\"{&quot;cta&quot;:{&quot;action&quot;:&quot;https:\\\/\\\/moncompte.actu.fr&quot;,&quot;category&quot;:&quot;mon compte&quot;,&quot;from&quot;:&quot;article footer&quot;,&quot;name&quot;:&quot;Mon actu&quot;,&quot;type&quot;:&quot;cta&quot;}}\" target=\"_blank\">Mon Actu<\/a>.<\/p>\n","protected":false},"excerpt":{"rendered":"Par Th\u00e9o Zuili Publi\u00e9 le 7 d\u00e9c. 2025 \u00e0 6h38 Loin des rues lyonnaises bond\u00e9es, le Parc des&hellip;\n","protected":false},"author":2,"featured_media":583615,"comment_status":"","ping_status":"","sticky":false,"template":"","format":"standard","meta":{"footnotes":""},"categories":[1889],"tags":[1111,11,2430,1777,674,48837,1011,27,1652,2428,12,25],"class_list":{"0":"post-583614","1":"post","2":"type-post","3":"status-publish","4":"format-standard","5":"has-post-thumbnail","7":"category-lyon","8":"tag-actu","9":"tag-actualites","10":"tag-auvergne-rhone-alpes","11":"tag-eu","12":"tag-europe","13":"tag-fete-des-lumieres-de-lyon","14":"tag-fr","15":"tag-france","16":"tag-loisirs-culture","17":"tag-lyon","18":"tag-news","19":"tag-republique-francaise"},"share_on_mastodon":{"url":"https:\/\/pubeurope.com\/@fr\/115676743188725952","error":""},"_links":{"self":[{"href":"https:\/\/www.europesays.com\/fr\/wp-json\/wp\/v2\/posts\/583614","targetHints":{"allow":["GET"]}}],"collection":[{"href":"https:\/\/www.europesays.com\/fr\/wp-json\/wp\/v2\/posts"}],"about":[{"href":"https:\/\/www.europesays.com\/fr\/wp-json\/wp\/v2\/types\/post"}],"author":[{"embeddable":true,"href":"https:\/\/www.europesays.com\/fr\/wp-json\/wp\/v2\/users\/2"}],"replies":[{"embeddable":true,"href":"https:\/\/www.europesays.com\/fr\/wp-json\/wp\/v2\/comments?post=583614"}],"version-history":[{"count":0,"href":"https:\/\/www.europesays.com\/fr\/wp-json\/wp\/v2\/posts\/583614\/revisions"}],"wp:featuredmedia":[{"embeddable":true,"href":"https:\/\/www.europesays.com\/fr\/wp-json\/wp\/v2\/media\/583615"}],"wp:attachment":[{"href":"https:\/\/www.europesays.com\/fr\/wp-json\/wp\/v2\/media?parent=583614"}],"wp:term":[{"taxonomy":"category","embeddable":true,"href":"https:\/\/www.europesays.com\/fr\/wp-json\/wp\/v2\/categories?post=583614"},{"taxonomy":"post_tag","embeddable":true,"href":"https:\/\/www.europesays.com\/fr\/wp-json\/wp\/v2\/tags?post=583614"}],"curies":[{"name":"wp","href":"https:\/\/api.w.org\/{rel}","templated":true}]}}