{"id":583632,"date":"2025-12-07T06:07:13","date_gmt":"2025-12-07T06:07:13","guid":{"rendered":"https:\/\/www.europesays.com\/fr\/583632\/"},"modified":"2025-12-07T06:07:13","modified_gmt":"2025-12-07T06:07:13","slug":"allemagne-outre-rhin-aussi-le-lundi-de-paques-ferie-fait-debat","status":"publish","type":"post","link":"https:\/\/www.europesays.com\/fr\/583632\/","title":{"rendered":"Allemagne. Outre-Rhin\u00a0aussi, le lundi de P\u00e2ques f\u00e9ri\u00e9 fait d\u00e9bat"},"content":{"rendered":"<p>Alors Premier ministre, <a href=\"https:\/\/www.lalsace.fr\/p\/francois-bayrou\" target=\"_blank\" rel=\"nofollow noopener\">Fran\u00e7ois Bayrou<\/a> formulait, mi-juillet, l\u2019id\u00e9e de <a href=\"https:\/\/www.lalsace.fr\/politique\/2025\/07\/15\/nous-sommes-en-danger-gravissime-francois-bayrou-presente-la-douloureuse-aux-francais\" target=\"_blank\" rel=\"nofollow noopener\">supprimer deux jours f\u00e9ri\u00e9s en France<\/a>. Une proposition qui lui a valu des <a href=\"https:\/\/www.lalsace.fr\/politique\/2025\/08\/24\/84-des-francais-contre-la-suppression-de-deux-jours-feries-proposee-par-bayrou\" target=\"_blank\" rel=\"nofollow noopener\">records d\u2019impopularit\u00e9<\/a> et qui est une des raisons principales de la <a href=\"https:\/\/www.lalsace.fr\/politique\/2025\/09\/08\/francois-bayrou-contraint-de-prendre-la-porte-le-recit-d-une-journee-sans-illusion-a-l-assemblee\" target=\"_blank\" rel=\"nofollow noopener\"> chute de son gouvernement d\u00e9but septembre<\/a>. En France, d\u2019aucuns ont pu penser que cette id\u00e9e de supprimer des jours f\u00e9ri\u00e9s est une exclusivit\u00e9 de l\u2019Hexagone. Eh bien non\u00a0! Le d\u00e9bat ressurgit \u00e9galement tr\u00e8s r\u00e9guli\u00e8rement chez les voisins allemands.<\/p>\n<p>Pas plus tard que la semaine derni\u00e8re, une influente cheffe d\u2019entreprise a relanc\u00e9 la controverse. Nicola Leibinger-Kamm\u00fcller, directrice g\u00e9n\u00e9rale de Trumpf, une soci\u00e9t\u00e9 sp\u00e9cialis\u00e9e dans les technologies laser, s\u2019est exprim\u00e9e en ce sens chez nos confr\u00e8res des journaux Stuttgarter Nachrichten et Stuttgarter Zeitung , sugg\u00e9rant notamment de rayer du calendrier des jours f\u00e9ri\u00e9s le lundi de P\u00e2ques. Cette dirigeante d\u2019entreprise parle d\u2019une mesure efficace pour relancer la comp\u00e9titivit\u00e9 des entreprises et ainsi pr\u00e9server des emplois notamment dans le secteur industriel. Elle songe aussi \u00e0 une augmentation du temps de travail et \u00e0 une meilleure flexibilit\u00e9 dans l\u2019organisation du travail au risque sinon, dit-elle, de voir les entreprises d\u00e9localiser encore davantage leur production industrielle.<\/p>\n<p>  Les Allemands fortement oppos\u00e9s \u00e0 la suppression d\u2019un jour f\u00e9ri\u00e9<\/p>\n<p>Par le pass\u00e9, les milieux \u00e9conomiques allemands, notamment les chambres de commerces et d\u2019industrie, avaient d\u00e9j\u00e0 sugg\u00e9r\u00e9 la suppression d\u2019un jour f\u00e9ri\u00e9, notamment pour financer les investissements nouveaux g\u00e9n\u00e9r\u00e9s par les r\u00e9glementations sur le climat et la modernisation des installations de d\u00e9fense. \u00c0 l\u2019inverse, les syndicats et certains instituts \u00e9conomiques class\u00e9s \u00e0 gauche s\u2019y opposent et arguent notamment d\u2019une opinion publique hostile \u00e0 cette mesure. En mars dernier, un sondage command\u00e9 par le quotidien Bild confirmait une forte opposition des Allemands \u00e0 cette id\u00e9e.<\/p>\n<p>En Allemagne, pays f\u00e9d\u00e9ral, le nombre de jours f\u00e9ri\u00e9s varie selon les L\u00e4nder, c\u2019est-\u00e0-dire les \u00e9tats r\u00e9gionaux. Neuf jours sont communs \u00e0 tout le pays. Mais le Bade-Wurtemberg en compte par exemple trois de plus, \u00e0 caract\u00e8re confessionnel catholique\u00a0: l\u2019\u00c9piphanie le 6\u00a0janvier, la F\u00eate-Dieu en juin et la Toussaint le 1er\u00a0novembre. \u00c0 Berlin, le 8\u00a0mai, jour de la capitulation de l\u2019Allemagne nazie, est f\u00e9ri\u00e9. Mais pas dans le reste de l\u2019Allemagne. Les L\u00e4nder, majoritairement protestants, ne travaillent pas le 31\u00a0octobre lors de la \u201cF\u00eate de la r\u00e9formation\u201d.<\/p>\n<p>  Des \u201cmarches pour la paix\u201d le lundi de P\u00e2ques<\/p>\n<p>Le lundi de P\u00e2ques est f\u00e9ri\u00e9 dans tout le pays. Ce jour a bien entendu une dimension religieuse, mais pas uniquement. \u00c0 partir des ann\u00e9es 1960 s\u2019est d\u00e9velopp\u00e9 en Allemagne de l\u2019ouest (ex-RFA) un fort mouvement pacifiste, antimilitariste et antinucl\u00e9aire et qui d\u00e9non\u00e7ait la dictature communiste en Allemagne de l\u2019est (ex-RDA). Ce mouvement agglom\u00e9rait autant les syndicats, partis de gauche et \u00e9cologistes que les \u00c9glises et toutes leurs formations de jeunesse et organisations caritatives. Or cette mouvance organisait le week-end pascal et en particulier le lundi de P\u00e2ques les Osterm\u00e4rsche  ou Friedensm\u00e4rsche , soit les \u201cmarches de P\u00e2ques\u201d ou les <a href=\"https:\/\/www.lalsace.fr\/societe\/2025\/04\/17\/marche-pour-la-paix-ce-samedi-de-kehl-a-strasbourg\" target=\"_blank\" rel=\"nofollow noopener\">\u201cmarches pour la paix\u201d<\/a>. Ces marches existent toujours, m\u00eame si on est loin des 300\u00a0000 personnes qu\u2019elles rassemblaient dans les ann\u00e9es 1970. 3\u00a0500 personnes ont ainsi d\u00e9fil\u00e9 \u00e0 Berlin cette ann\u00e9e. Pour la premi\u00e8re fois, une <a href=\"https:\/\/www.lalsace.fr\/societe\/2025\/04\/19\/deux-cents-marcheurs-pour-la-paix-entre-kehl-et-strasbourg\" target=\"_blank\" rel=\"nofollow noopener\"> marche transfrontali\u00e8re avait aussi \u00e9t\u00e9 organis\u00e9e entre Kehl et Strasbourg<\/a>, rassemblant 200 manifestants.<\/p>\n<p class=\"note\">Un article sur le m\u00eame sujet est \u00e0 retrouver en allemand d\u00e8s mardi 9\u00a0d\u00e9cembre dans le prochain num\u00e9ro de Rheinblick Magazin , un suppl\u00e9ment hebdomadaire bilingue de vingt pages, en allemand avec des r\u00e9sum\u00e9s en fran\u00e7ais, des journaux L\u2019Alsace et Les Derni\u00e8res Nouvelles d\u2019Alsace , propos\u00e9 sur abonnement \u00e0 tous les lecteurs de ces deux journaux (\u00e9crire par courriel \u00e0 l\u2019adresse\u00a0: alsrheinblick@lalsace.fr). Rheinblick  est disponible en format papier et\/ou sur le site internet des journaux (page d\u2019accueil, rubrique \u201cLire le journal\u201d).<\/p>\n","protected":false},"excerpt":{"rendered":"Alors Premier ministre, Fran\u00e7ois Bayrou formulait, mi-juillet, l\u2019id\u00e9e de supprimer deux jours f\u00e9ri\u00e9s en France. Une proposition qui&hellip;\n","protected":false},"author":2,"featured_media":583633,"comment_status":"","ping_status":"","sticky":false,"template":"","format":"standard","meta":{"footnotes":""},"categories":[1587],"tags":[11,672,2389,1804,1805,1803,1777,674,107,329,1801,12,316,5889,1802,1806,801,104],"class_list":{"0":"post-583632","1":"post","2":"type-post","3":"status-publish","4":"format-standard","5":"has-post-thumbnail","7":"category-allemagne","8":"tag-actualites","9":"tag-allemagne","10":"tag-alsace","11":"tag-bundesrepublik-deutschland","12":"tag-de","13":"tag-deutschland","14":"tag-eu","15":"tag-europe","16":"tag-fil-info","17":"tag-france-monde","18":"tag-germany","19":"tag-news","20":"tag-politique","21":"tag-religion-croyance","22":"tag-republique-federale-dallemagne","23":"tag-rheinblick","24":"tag-social","25":"tag-societe"},"share_on_mastodon":{"url":"https:\/\/pubeurope.com\/@fr\/115676790375139934","error":""},"_links":{"self":[{"href":"https:\/\/www.europesays.com\/fr\/wp-json\/wp\/v2\/posts\/583632","targetHints":{"allow":["GET"]}}],"collection":[{"href":"https:\/\/www.europesays.com\/fr\/wp-json\/wp\/v2\/posts"}],"about":[{"href":"https:\/\/www.europesays.com\/fr\/wp-json\/wp\/v2\/types\/post"}],"author":[{"embeddable":true,"href":"https:\/\/www.europesays.com\/fr\/wp-json\/wp\/v2\/users\/2"}],"replies":[{"embeddable":true,"href":"https:\/\/www.europesays.com\/fr\/wp-json\/wp\/v2\/comments?post=583632"}],"version-history":[{"count":0,"href":"https:\/\/www.europesays.com\/fr\/wp-json\/wp\/v2\/posts\/583632\/revisions"}],"wp:featuredmedia":[{"embeddable":true,"href":"https:\/\/www.europesays.com\/fr\/wp-json\/wp\/v2\/media\/583633"}],"wp:attachment":[{"href":"https:\/\/www.europesays.com\/fr\/wp-json\/wp\/v2\/media?parent=583632"}],"wp:term":[{"taxonomy":"category","embeddable":true,"href":"https:\/\/www.europesays.com\/fr\/wp-json\/wp\/v2\/categories?post=583632"},{"taxonomy":"post_tag","embeddable":true,"href":"https:\/\/www.europesays.com\/fr\/wp-json\/wp\/v2\/tags?post=583632"}],"curies":[{"name":"wp","href":"https:\/\/api.w.org\/{rel}","templated":true}]}}