{"id":583634,"date":"2025-12-07T06:08:13","date_gmt":"2025-12-07T06:08:13","guid":{"rendered":"https:\/\/www.europesays.com\/fr\/583634\/"},"modified":"2025-12-07T06:08:13","modified_gmt":"2025-12-07T06:08:13","slug":"intermarche-enregistre-la-plus-forte-croissance-en-europe","status":"publish","type":"post","link":"https:\/\/www.europesays.com\/fr\/583634\/","title":{"rendered":"\u00ab\u202fIntermarch\u00e9 enregistre la plus forte croissance en Europe\u202f\u00bb"},"content":{"rendered":"<p><strong>LA TRIBUNE DIMANCHE \u2014 Intermarch\u00e9 a repris il y a dix-huit plus de 250\u202fpoints de vente de Casino, en grande difficult\u00e9. Op\u00e9ration r\u00e9ussie\u2009?<br \/><\/strong><strong>THIERRY COTILLARD \u2014<\/strong>\u00a0C\u2019est un pari gagn\u00e9 \u2013\u202fet gagnant, dans des d\u00e9lais vraiment tr\u00e8s courts. Et sans mettre en danger notre mod\u00e8le, alors que l\u2019op\u00e9ration a co\u00fbt\u00e9 1,5\u202fmilliard d\u2019euros. Le d\u00e9fi \u00e9tait d\u2019abord commercial\u2009: allions-nous pouvoir tenir nos objectifs en mati\u00e8re de prix et d\u2019augmentation du chiffre d\u2019affaires\u2009? La r\u00e9ponse est oui. Les prix ont baiss\u00e9 de 18\u202f% et les chiffres d\u2019affaires ont fortement augment\u00e9.<\/p>\n<p><strong>De combien\u2009?<br \/><\/strong>De 18\u202f% avant les travaux. Apr\u00e8s, la progression s\u2019\u00e9l\u00e8ve \u00e0 55\u202f% en moyenne. Certains magasins ont m\u00eame vu leur chiffre d\u2019affaires doubler\u2009! Une autre interrogation portait sur l\u2019int\u00e9r\u00eat de nos adh\u00e9rents \u00e0 reprendre des magasins. L\u00e0 encore, le pari est gagn\u00e9\u2009: au 31\u202fd\u00e9cembre, 90\u202f% auront \u00e9t\u00e9 rachet\u00e9s par nos chefs d\u2019entreprise. C\u2019est aussi une r\u00e9ussite pour l\u2019emploi avec la cr\u00e9ation de plus de 1500\u202fpostes, gr\u00e2ce \u00e0 la croissance d\u2019activit\u00e9, en plus des 10.000\u202femplois sauv\u00e9s. Ce succ\u00e8s nous a donn\u00e9 envie de continuer\u2026<\/p>\n","protected":false},"excerpt":{"rendered":"LA TRIBUNE DIMANCHE \u2014 Intermarch\u00e9 a repris il y a dix-huit plus de 250\u202fpoints de vente de Casino,&hellip;\n","protected":false},"author":2,"featured_media":583635,"comment_status":"","ping_status":"","sticky":false,"template":"","format":"standard","meta":{"footnotes":""},"categories":[1586],"tags":[17,11,69705,913,6101,1777,674,9212,1011,27,69706,2529,3102,69707,12,4919,25,5993],"class_list":{"0":"post-583634","1":"post","2":"type-post","3":"status-publish","4":"format-standard","5":"has-post-thumbnail","7":"category-europe","8":"tag-17","9":"tag-actualites","10":"tag-cotillard","11":"tag-croissance","12":"tag-enregistre","13":"tag-eu","14":"tag-europe","15":"tag-forte","16":"tag-fr","17":"tag-france","18":"tag-groupement","19":"tag-intermarche","20":"tag-la-tribune-dimanche","21":"tag-mousquetaires","22":"tag-news","23":"tag-president","24":"tag-republique-francaise","25":"tag-thierry"},"share_on_mastodon":{"url":"https:\/\/pubeurope.com\/@fr\/115676794318750318","error":""},"_links":{"self":[{"href":"https:\/\/www.europesays.com\/fr\/wp-json\/wp\/v2\/posts\/583634","targetHints":{"allow":["GET"]}}],"collection":[{"href":"https:\/\/www.europesays.com\/fr\/wp-json\/wp\/v2\/posts"}],"about":[{"href":"https:\/\/www.europesays.com\/fr\/wp-json\/wp\/v2\/types\/post"}],"author":[{"embeddable":true,"href":"https:\/\/www.europesays.com\/fr\/wp-json\/wp\/v2\/users\/2"}],"replies":[{"embeddable":true,"href":"https:\/\/www.europesays.com\/fr\/wp-json\/wp\/v2\/comments?post=583634"}],"version-history":[{"count":0,"href":"https:\/\/www.europesays.com\/fr\/wp-json\/wp\/v2\/posts\/583634\/revisions"}],"wp:featuredmedia":[{"embeddable":true,"href":"https:\/\/www.europesays.com\/fr\/wp-json\/wp\/v2\/media\/583635"}],"wp:attachment":[{"href":"https:\/\/www.europesays.com\/fr\/wp-json\/wp\/v2\/media?parent=583634"}],"wp:term":[{"taxonomy":"category","embeddable":true,"href":"https:\/\/www.europesays.com\/fr\/wp-json\/wp\/v2\/categories?post=583634"},{"taxonomy":"post_tag","embeddable":true,"href":"https:\/\/www.europesays.com\/fr\/wp-json\/wp\/v2\/tags?post=583634"}],"curies":[{"name":"wp","href":"https:\/\/api.w.org\/{rel}","templated":true}]}}