{"id":583636,"date":"2025-12-07T06:09:12","date_gmt":"2025-12-07T06:09:12","guid":{"rendered":"https:\/\/www.europesays.com\/fr\/583636\/"},"modified":"2025-12-07T06:09:12","modified_gmt":"2025-12-07T06:09:12","slug":"lue-durcit-sa-reponse-face-aux-operations-de-contrebande-en-provenance-de-bielorussie","status":"publish","type":"post","link":"https:\/\/www.europesays.com\/fr\/583636\/","title":{"rendered":"L\u2019UE durcit sa r\u00e9ponse face aux op\u00e9rations de contrebande en provenance de Bi\u00e9lorussie"},"content":{"rendered":"<p style=\"text-align: justify\">La Commission europ\u00e9enne a annonc\u00e9 d\u00e9but d\u00e9cembre son intention de renforcer les sanctions contre la Bi\u00e9lorussie, accus\u00e9e d\u2019avoir organis\u00e9 des op\u00e9rations de contrebande de cigarettes vers la Lituanie en utilisant des ballons p\u00e9n\u00e9trant l\u2019espace a\u00e9rien europ\u00e9en. Ces incursions, qualifi\u00e9es d\u2019\u00ab attaques hybrides \u00bb par Vilnius, ont perturb\u00e9 le trafic a\u00e9rien, entra\u00een\u00e9 la fermeture temporaire d\u2019a\u00e9roports et r\u00e9v\u00e9l\u00e9 une instrumentalisation du commerce illicite du tabac \u00e0 des fins de d\u00e9stabilisation. L\u2019UE entend d\u00e9sormais r\u00e9pondre de mani\u00e8re coordonn\u00e9e pour prot\u00e9ger l\u2019int\u00e9grit\u00e9 de ses fronti\u00e8res, soutenir la Lituanie et limiter l\u2019expansion du march\u00e9 noir du tabac<a href=\"#_ftn1\" name=\"_ftnref1\"><strong>[1]<\/strong><\/a>&#8211;<a href=\"#_ftn2\" name=\"_ftnref2\"><strong>[2]<\/strong><\/a>.<\/p>\n<p><strong>Une amplification des tensions \u00e0 la fronti\u00e8re lituano-bi\u00e9lorusse<\/strong><\/p>\n<p style=\"text-align: justify\">Depuis plusieurs semaines, les autorit\u00e9s lituaniennes signalent l\u2019arriv\u00e9e de ballons en provenance du territoire bi\u00e9lorusse transportant d\u2019importantes quantit\u00e9s de cigarettes de contrebande. Ces incursions dans l\u2019espace a\u00e9rien lituanien ont n\u00e9cessit\u00e9 des interventions r\u00e9p\u00e9t\u00e9es des services a\u00e9ronautiques et conduit, \u00e0 plusieurs reprises, \u00e0 la suspension temporaire des activit\u00e9s de l\u2019a\u00e9roport de Vilnius.<\/p>\n<p style=\"text-align: justify\">Consid\u00e9rant la multiplication de ces incidents, la Lituanie a d\u00e9cid\u00e9 de fermer plusieurs points de passage terrestres avec la Bi\u00e9lorussie. Vilnius estime que ces op\u00e9rations rel\u00e8vent d\u2019une strat\u00e9gie \u00ab\u00a0d\u2019attaque hybride\u00a0\u00bb, dans laquelle la contrebande de tabac est utilis\u00e9e comme moyen de pression et de d\u00e9stabilisation. Si Minsk r\u00e9fute ces accusations, les autorit\u00e9s lituaniennes affirment disposer d\u2019\u00e9l\u00e9ments indiquant un caract\u00e8re coordonn\u00e9 de ces envois, d\u00e9passant largement les dynamiques habituelles du march\u00e9 noir.<\/p>\n<p><strong>La r\u00e9action europ\u00e9enne : pr\u00e9parer une r\u00e9ponse concert\u00e9e<\/strong><\/p>\n<p style=\"text-align: justify\">La Pr\u00e9sidente de la Commission europ\u00e9enne, Ursula von der Leyen, a exprim\u00e9 son plein soutien aux autorit\u00e9s lituaniennes et alert\u00e9 sur une situation \u00ab\u00a0qui continue de se d\u00e9t\u00e9riorer\u00a0\u00bb, en raison notamment de l\u2019intensification des intrusions a\u00e9riennes. \u00c0 l\u2019issue d\u2019un \u00e9change avec le Pr\u00e9sident Gitanas Naus\u0117da, elle a annonc\u00e9 que la Commission pr\u00e9parait de nouvelles mesures dans le cadre du r\u00e9gime de sanctions visant la Bi\u00e9lorussie.<\/p>\n<p style=\"text-align: justify\">Ces actions s\u2019inscriraient dans la continuit\u00e9 des mesures adopt\u00e9es depuis 2020 \u00e0 l\u2019encontre du r\u00e9gime bi\u00e9lorusse, li\u00e9es aux violations des droits humains, \u00e0 la r\u00e9pression int\u00e9rieure et au soutien apport\u00e9 \u00e0 l\u2019agression russe contre l\u2019Ukraine. L\u2019UE entend d\u00e9sormais int\u00e9grer explicitement la dimension s\u00e9curitaire associ\u00e9e \u00e0 la contrebande de tabac dans son approche diplomatique. Pour les institutions europ\u00e9ennes comme pour les \u00c9tats membres, la situation constitue un test de la capacit\u00e9 de l\u2019Union \u00e0 r\u00e9pondre collectivement \u00e0 des formes d\u2019ing\u00e9rence exploitant des vuln\u00e9rabilit\u00e9s r\u00e9glementaires, y compris dans des secteurs sensibles tels que les produits du tabac.<\/p>\n<p style=\"text-align: justify\">Pour les autorit\u00e9s europ\u00e9ennes, ces pratiques t\u00e9moignent d\u2019une \u00e9volution pr\u00e9occupante des modes d\u2019ing\u00e9rence. La circulation de cigarettes illicites repr\u00e9sente d\u00e9j\u00e0 un enjeu majeur pour la sant\u00e9 publique, pour les finances publiques et pour la s\u00e9curit\u00e9 des pays. Dans le cas lituanien, elle s\u2019ajoute d\u00e9sormais \u00e0 des pr\u00e9occupations de souverainet\u00e9 et \u00e0 la gestion de risques hybrides susceptibles de fragiliser un \u00c9tat membre.<\/p>\n<p style=\"text-align: justify\">Ces incidents rappellent \u00e9galement que plusieurs fronti\u00e8res ext\u00e9rieures de l\u2019Union demeurent vuln\u00e9rables \u00e0 des tentatives d\u2019exploitation des faiblesses des dispositifs actuels de contr\u00f4le du tabac. Cette situation est d\u2019autant plus pr\u00e9occupante que de nombreuses analyses ind\u00e9pendantes ont montr\u00e9 que le commerce illicite de cigarettes n\u2019est pas uniquement le fait de r\u00e9seaux criminels isol\u00e9s, mais reste en grande partie aliment\u00e9 par les fabricants de tabac eux-m\u00eames, \u00e0 travers des exc\u00e9dents de production, des exportations vers des march\u00e9s peu r\u00e9gul\u00e9s ou des circuits pouvant alimenter le commerce illicite<\/p>\n<p><strong>La contrebande de tabac, un outil de d\u00e9stabilisation qui souligne l\u2019urgence d\u2019un contr\u00f4le europ\u00e9en renforc\u00e9<\/strong><\/p>\n<p style=\"text-align: justify\">La Bi\u00e9lorussie est identifi\u00e9e depuis plusieurs ann\u00e9es comme l\u2019un des principaux points d\u2019origine des cigarettes destin\u00e9es au march\u00e9 illicite europ\u00e9en. Ces flux entra\u00eenent des cons\u00e9quences directes sur les recettes fiscales, sur la pr\u00e9valence tabagique et d\u00e9sormais sur la s\u00e9curit\u00e9 de certains \u00c9tats membres.<\/p>\n<p style=\"text-align: justify\">Dans ce contexte, la n\u00e9cessit\u00e9 de renforcer les m\u00e9canismes europ\u00e9ens de contr\u00f4le s\u2019impose avec une acuit\u00e9 particuli\u00e8re. Les \u00c9tats membres soulignent l\u2019importance de disposer d\u2019un syst\u00e8me de suivi et de tra\u00e7abilit\u00e9 harmonis\u00e9, pleinement ind\u00e9pendant de l\u2019industrie du tabac, conform\u00e9ment aux exigences de la Convention-cadre de l\u2019OMS pour la lutte antitabac et du Protocole de lutte contre le commerce illicite du tabac. Un dispositif unifi\u00e9 permettrait d\u2019assurer une surveillance coh\u00e9rente des flux de produits, de limiter les possibilit\u00e9s de contournement et de r\u00e9duire l\u2019influence que certains acteurs priv\u00e9s peuvent encore exercer sur les syst\u00e8mes de contr\u00f4le.<\/p>\n<p style=\"text-align: justify\">Les \u00e9v\u00e9nements r\u00e9cents montrent qu\u2019une approche fragment\u00e9e expose l\u2019Union \u00e0 des vuln\u00e9rabilit\u00e9s persistantes. \u00c0 l\u2019inverse, un renforcement du contr\u00f4le aux fronti\u00e8res, une tra\u00e7abilit\u00e9 uniformis\u00e9e et une gouvernance ind\u00e9pendante constituent des conditions essentielles pour r\u00e9duire l\u2019ampleur du commerce illicite, prot\u00e9ger les \u00c9tats membres et consolider l\u2019efficacit\u00e9 des politiques europ\u00e9ennes de sant\u00e9 publique. La situation lituanienne illustre ainsi que la lutte contre la contrebande de tabac ne rel\u00e8ve plus seulement des enjeux sanitaires ou fiscaux : elle devient \u00e9galement un imp\u00e9ratif strat\u00e9gique pour la stabilit\u00e9 et la s\u00e9curit\u00e9 de l\u2019Union.<\/p>\n<p style=\"text-align: justify\"><strong style=\"text-align: justify\"><a href=\"https:\/\/www.generationsanstabac.org\/\" target=\"_blank\" rel=\"noopener\">\u00a9G\u00e9n\u00e9ration Sans Tabac<\/a><\/strong><\/p>\n<p style=\"text-align: right\"><strong>AE<\/strong><\/p>\n<p style=\"text-align: justify\"><a href=\"#_ftnref1\" name=\"_ftn1\">[1]<\/a> <a href=\"https:\/\/www.euractiv.com\/news\/eu-eyes-sanctions-over-belarus-hybrid-attack-on-lithuania\/\" target=\"_blank\" rel=\"noopener\">EU eyes sanctions over Belarus &lsquo;hybrid attack&rsquo; on Lithuania<\/a>, Euractiv, publi\u00e9 le 1er d\u00e9cembre 2025, consult\u00e9 le jour-m\u00eame<\/p>\n<p style=\"text-align: justify\"><a href=\"#_ftnref2\" name=\"_ftn2\">[2]<\/a> <a href=\"https:\/\/www.7sur7.be\/monde\/von-der-leyen-evoque-de-nouvelles-sanctions-envers-le-belarus-accuse-de-faire-passer-des-cigarettes-de-contrebande~a66aa236\/?referrer=https%3A%2F%2Fwww.google.com%2F\" target=\"_blank\" rel=\"noopener\">Von der Leyen \u00e9voque de nouvelles sanctions envers le B\u00e9larus, accus\u00e9 de faire passer des cigarettes de contrebande<\/a>, 7 sur 7, publi\u00e9 le 1er d\u00e9cembre 2025, consult\u00e9 le jour-m\u00eame<\/p>\n<p><strong style=\"color: #999999\"><a style=\"color: #999999\" href=\"http:\/\/www.cnct.fr\/\" target=\"_blank\" rel=\"noopener noreferrer\">Comit\u00e9 national contre le tabagisme |<\/a><\/strong>        <\/p>\n","protected":false},"excerpt":{"rendered":"La Commission europ\u00e9enne a annonc\u00e9 d\u00e9but d\u00e9cembre son intention de renforcer les sanctions contre la Bi\u00e9lorussie, accus\u00e9e d\u2019avoir&hellip;\n","protected":false},"author":2,"featured_media":583637,"comment_status":"","ping_status":"","sticky":false,"template":"","format":"standard","meta":{"footnotes":""},"categories":[1586],"tags":[11,1777,674,1779,1011,27,12,25,1778,364],"class_list":{"0":"post-583636","1":"post","2":"type-post","3":"status-publish","4":"format-standard","5":"has-post-thumbnail","7":"category-europe","8":"tag-actualites","9":"tag-eu","10":"tag-europe","11":"tag-european-union","12":"tag-fr","13":"tag-france","14":"tag-news","15":"tag-republique-francaise","16":"tag-ue","17":"tag-union-europeenne"},"share_on_mastodon":{"url":"https:\/\/pubeurope.com\/@fr\/115676798286816940","error":""},"_links":{"self":[{"href":"https:\/\/www.europesays.com\/fr\/wp-json\/wp\/v2\/posts\/583636","targetHints":{"allow":["GET"]}}],"collection":[{"href":"https:\/\/www.europesays.com\/fr\/wp-json\/wp\/v2\/posts"}],"about":[{"href":"https:\/\/www.europesays.com\/fr\/wp-json\/wp\/v2\/types\/post"}],"author":[{"embeddable":true,"href":"https:\/\/www.europesays.com\/fr\/wp-json\/wp\/v2\/users\/2"}],"replies":[{"embeddable":true,"href":"https:\/\/www.europesays.com\/fr\/wp-json\/wp\/v2\/comments?post=583636"}],"version-history":[{"count":0,"href":"https:\/\/www.europesays.com\/fr\/wp-json\/wp\/v2\/posts\/583636\/revisions"}],"wp:featuredmedia":[{"embeddable":true,"href":"https:\/\/www.europesays.com\/fr\/wp-json\/wp\/v2\/media\/583637"}],"wp:attachment":[{"href":"https:\/\/www.europesays.com\/fr\/wp-json\/wp\/v2\/media?parent=583636"}],"wp:term":[{"taxonomy":"category","embeddable":true,"href":"https:\/\/www.europesays.com\/fr\/wp-json\/wp\/v2\/categories?post=583636"},{"taxonomy":"post_tag","embeddable":true,"href":"https:\/\/www.europesays.com\/fr\/wp-json\/wp\/v2\/tags?post=583636"}],"curies":[{"name":"wp","href":"https:\/\/api.w.org\/{rel}","templated":true}]}}