{"id":583649,"date":"2025-12-07T06:20:55","date_gmt":"2025-12-07T06:20:55","guid":{"rendered":"https:\/\/www.europesays.com\/fr\/583649\/"},"modified":"2025-12-07T06:20:55","modified_gmt":"2025-12-07T06:20:55","slug":"ancienne-championne-de-bretagne-de-cyclisme-marie-camenen-termine-dans-le-top-5-des-56-km-du-menestrail-de-moncontour","status":"publish","type":"post","link":"https:\/\/www.europesays.com\/fr\/583649\/","title":{"rendered":"Ancienne championne de Bretagne de cyclisme, Marie Camenen termine dans le top\u00a05 des 56\u00a0km du Menestrail de Moncontour"},"content":{"rendered":"<p class=\"tlg-author\">\n                Par<br \/>\n                Le T\u00e9l\u00e9gramme<\/p>\n<p>Le 06 d\u00e9cembre 2025 \u00e0 12h59<\/p>\n<p class=\"tlg-h5\">Si c\u2019est Solenn Michel qui a remport\u00e9, ce samedi, les 56\u00a0km du Menestrail de Moncontour chez les femmes, la Morbihannaise Marie Camenen, ancienne championne de Bretagne de v\u00e9lo, est all\u00e9e chercher une place dans le top\u00a05.<\/p>\n<p><img fetchpriority=\"high\" decoding=\"async\" src=\"https:\/\/www.europesays.com\/fr\/wp-content\/uploads\/2025\/12\/693442ef33b7e321de0e9026.1.jpeg\" width=\"960\" height=\"600\" class=\"web_golden_xl\" loading=\"eager\" alt=\"Marie Camenen a pris une place d'honneur sur les 56 km du Menestrail.\"\/>Marie Camenen a pris une place d&rsquo;honneur sur les 56 km du Menestrail. (Photo Vincent Le Guern)<\/p>\n","protected":false},"excerpt":{"rendered":"Par Le T\u00e9l\u00e9gramme Le 06 d\u00e9cembre 2025 \u00e0 12h59 Si c\u2019est Solenn Michel qui a remport\u00e9, ce samedi,&hellip;\n","protected":false},"author":2,"featured_media":583650,"comment_status":"","ping_status":"","sticky":false,"template":"","format":"standard","meta":{"footnotes":""},"categories":[1411],"tags":[1154,207,11097,3166,1011,27,10794,69708,7135,60,6187],"class_list":{"0":"post-583649","1":"post","2":"type-post","3":"status-publish","4":"format-standard","5":"has-post-thumbnail","7":"category-cyclisme","8":"tag-cycling","9":"tag-cyclisme","10":"tag-cyclisme-feminin","11":"tag-en-continu-sports","12":"tag-fr","13":"tag-france","14":"tag-guidel","15":"tag-moncontour","16":"tag-running","17":"tag-sports","18":"tag-trail"},"share_on_mastodon":{"url":"https:\/\/pubeurope.com\/@fr\/115676846712210746","error":""},"_links":{"self":[{"href":"https:\/\/www.europesays.com\/fr\/wp-json\/wp\/v2\/posts\/583649","targetHints":{"allow":["GET"]}}],"collection":[{"href":"https:\/\/www.europesays.com\/fr\/wp-json\/wp\/v2\/posts"}],"about":[{"href":"https:\/\/www.europesays.com\/fr\/wp-json\/wp\/v2\/types\/post"}],"author":[{"embeddable":true,"href":"https:\/\/www.europesays.com\/fr\/wp-json\/wp\/v2\/users\/2"}],"replies":[{"embeddable":true,"href":"https:\/\/www.europesays.com\/fr\/wp-json\/wp\/v2\/comments?post=583649"}],"version-history":[{"count":0,"href":"https:\/\/www.europesays.com\/fr\/wp-json\/wp\/v2\/posts\/583649\/revisions"}],"wp:featuredmedia":[{"embeddable":true,"href":"https:\/\/www.europesays.com\/fr\/wp-json\/wp\/v2\/media\/583650"}],"wp:attachment":[{"href":"https:\/\/www.europesays.com\/fr\/wp-json\/wp\/v2\/media?parent=583649"}],"wp:term":[{"taxonomy":"category","embeddable":true,"href":"https:\/\/www.europesays.com\/fr\/wp-json\/wp\/v2\/categories?post=583649"},{"taxonomy":"post_tag","embeddable":true,"href":"https:\/\/www.europesays.com\/fr\/wp-json\/wp\/v2\/tags?post=583649"}],"curies":[{"name":"wp","href":"https:\/\/api.w.org\/{rel}","templated":true}]}}