{"id":583653,"date":"2025-12-07T06:23:21","date_gmt":"2025-12-07T06:23:21","guid":{"rendered":"https:\/\/www.europesays.com\/fr\/583653\/"},"modified":"2025-12-07T06:23:21","modified_gmt":"2025-12-07T06:23:21","slug":"miss-france-2026-un-hommage-vibrant-rendu-a-jean-pierre-pernault-et-il-netait-pas-prevu","status":"publish","type":"post","link":"https:\/\/www.europesays.com\/fr\/583653\/","title":{"rendered":"Miss France 2026 : un hommage vibrant rendu \u00e0 Jean-Pierre Pernault et il n\u2019\u00e9tait pas pr\u00e9vu"},"content":{"rendered":"<p>Alors que la c\u00e9r\u00e9monie de Miss France 2026 battait son plein<br \/>\nsamedi 6 d\u00e9cembre 2025 au Z\u00e9nith d\u2019Amiens, l\u2019annonce des 12<br \/>\ndemi\u2011finalistes a \u00e9t\u00e9 l\u2019un des moments forts. Et pour cause : Miss<br \/>\nPicardie a provoqu\u00e9 une surprise \u00e9mouvante en rendant un hommage<br \/>\ninattendu \u00e0 Jean\u2011Pierre Pernaut.<\/p>\n<p>\u00ab\u00a0<strong>Ce soir je vais exprimer une fiert\u00e9, celle de vivre<br \/>\nla toute premi\u00e8re \u00e9lection de Miss France de l&rsquo;histoire en<br \/>\nPicardie. J&rsquo;ai \u00e9galement une pens\u00e9e pour Jean-Pierre Pernaut<br \/>\nadorait tant sa ville natale.<\/strong>\u00a0\u00bb a d\u00e9clar\u00e9 <a href=\"https:\/\/www.closermag.fr\/tv_tele_realite\/miss_france\/miss-france-2026-qui-est-emma-boivin-la-sublime-miss-picardie-3583177\" target=\"_blank\" rel=\"noopener\"><br \/>\nEmma Boivin<\/a>. Un moment d&rsquo;\u00e9motion qui n&rsquo;a pas manqu\u00e9 de toucher<br \/>\nl&rsquo;animateur Jean-Pierre Foucault, le public mais aussi les<br \/>\nt\u00e9l\u00e9spectateurs. D&rsquo;ailleurs plus tard dans l&rsquo;\u00e9mission, il a<br \/>\nlui-m\u00eame confi\u00e9 : \u00ab\u00a0<strong>Notre ami Jean-Pierre Pernaut \u00e0 qui<br \/>\nvont toutes nos pens\u00e9es.<\/strong>\u00ab\u00a0<\/p>\n<p>Miss France 2026 : qui \u00e9taient les 12 demi-finalistes ?<\/p>\n<p>Les 12 demi\u2011finalistes de Miss France 2026 ont \u00e9t\u00e9 annonc\u00e9es<br \/>\ndans une ambiance \u00e9lectrisante au Z\u00e9nith d\u2019Amiens. Parmi elles, on<br \/>\nretrouvait Miss Picardie, qui a \u00e9mu le public par son hommage \u00e0<br \/>\nJean\u2011Pierre Pernaut, Miss C\u00f4te d\u2019Azur, Miss Limousin, Miss<br \/>\nChampagne-Ardenne, Miss Nouvelle-Cal\u00e9donie, Miss Roussillon, Miss<br \/>\nGuadeloupe, Miss Ile de France, Miss Picardie, Miss Languedoc, Miss<br \/>\nTahiti et Miss Auvergne. Chacune des candidates a su s\u00e9duire le<br \/>\njury et les spectateurs par sa personnalit\u00e9, son \u00e9l\u00e9gance et son<br \/>\nengagement r\u00e9gional, repr\u00e9sentant fi\u00e8rement sa terre natale.<\/p>\n<p>D&rsquo;ailleurs, ces 12 avaient \u00e9t\u00e9 pr\u00e9s\u00e9lectionn\u00e9es le 3 d\u00e9cembre<br \/>\n2025 <a href=\"https:\/\/www.closermag.fr\/people\/miss-france-2026-le-couperet-tombe-en-toute-discretion-avant-la-grande-soiree-3600691\" target=\"_blank\" rel=\"noopener\"><br \/>\nen toute discr\u00e9tion<\/a>. Chaque candidate a d\u00fb passer un \u00ab\u00a0grand<br \/>\noral\u00a0\u00bb, m\u00ealant entretien, pr\u00e9sentation de ses motivations et \u00e9preuve<br \/>\nd\u2019\u00e9locution, avant un vote \u00e0 bulletin secret. \u00c0 l\u2019issue de ce vote,<br \/>\nseules 12 (avec parfois 2 r\u00e9servistes en cas de d\u00e9sistement) ont<br \/>\n\u00e9t\u00e9 retenues.<\/p>\n<p>Retour sur la mort de Jean-Pierre<br \/>\nPernaut<\/p>\n<p>Pour rappel, <a href=\"https:\/\/www.closermag.fr\/people\/jean-pierre-pernaut-deja-3-ans-sans-toi-nathalie-marquay-partage-un-message-creve-coeur-3523437\" target=\"_blank\" rel=\"noopener\"><br \/>\nJean\u2011Pierre Pernaut<\/a> s\u2019est \u00e9teint le 2 mars 2022 \u00e0 l\u2019\u00e2ge de 71<br \/>\nans, des suites d\u2019un cancer du poumon. V\u00e9ritable ic\u00f4ne du<br \/>\njournalisme fran\u00e7ais, il a marqu\u00e9 des g\u00e9n\u00e9rations avec son JT de<br \/>\n13h sur TF1, qu\u2019il a pr\u00e9sent\u00e9 pendant plus de 30 ans. Reconnu pour<br \/>\nson style chaleureux et proche du terrain, Pernaut avait l\u2019art de<br \/>\nmettre en lumi\u00e8re la vie des r\u00e9gions et des Fran\u00e7ais ordinaires,<br \/>\nloin des gros titres parisiens. Sa disparition avait suscit\u00e9 une<br \/>\nprofonde \u00e9motion dans tout le pays\u202f: nombreux \u00e9taient ceux qui<br \/>\nvoyaient en lui le visage d\u2019une information ancr\u00e9e dans le<br \/>\nquotidien, un journaliste qui savait raconter la France d\u2019en bas<br \/>\navec humanit\u00e9 et sinc\u00e9rit\u00e9.<\/p>\n","protected":false},"excerpt":{"rendered":"Alors que la c\u00e9r\u00e9monie de Miss France 2026 battait son plein samedi 6 d\u00e9cembre 2025 au Z\u00e9nith d\u2019Amiens,&hellip;\n","protected":false},"author":2,"featured_media":583654,"comment_status":"","ping_status":"","sticky":false,"template":"","format":"standard","meta":{"footnotes":""},"categories":[1359],"tags":[21303,58,59,1011,27,3034,973,65861],"class_list":{"0":"post-583653","1":"post","2":"type-post","3":"status-publish","4":"format-standard","5":"has-post-thumbnail","7":"category-people","8":"tag-buzz_nonli","9":"tag-divertissement","10":"tag-entertainment","11":"tag-fr","12":"tag-france","13":"tag-miss-france","14":"tag-people","15":"tag-trend"},"share_on_mastodon":{"url":"","error":""},"_links":{"self":[{"href":"https:\/\/www.europesays.com\/fr\/wp-json\/wp\/v2\/posts\/583653","targetHints":{"allow":["GET"]}}],"collection":[{"href":"https:\/\/www.europesays.com\/fr\/wp-json\/wp\/v2\/posts"}],"about":[{"href":"https:\/\/www.europesays.com\/fr\/wp-json\/wp\/v2\/types\/post"}],"author":[{"embeddable":true,"href":"https:\/\/www.europesays.com\/fr\/wp-json\/wp\/v2\/users\/2"}],"replies":[{"embeddable":true,"href":"https:\/\/www.europesays.com\/fr\/wp-json\/wp\/v2\/comments?post=583653"}],"version-history":[{"count":0,"href":"https:\/\/www.europesays.com\/fr\/wp-json\/wp\/v2\/posts\/583653\/revisions"}],"wp:featuredmedia":[{"embeddable":true,"href":"https:\/\/www.europesays.com\/fr\/wp-json\/wp\/v2\/media\/583654"}],"wp:attachment":[{"href":"https:\/\/www.europesays.com\/fr\/wp-json\/wp\/v2\/media?parent=583653"}],"wp:term":[{"taxonomy":"category","embeddable":true,"href":"https:\/\/www.europesays.com\/fr\/wp-json\/wp\/v2\/categories?post=583653"},{"taxonomy":"post_tag","embeddable":true,"href":"https:\/\/www.europesays.com\/fr\/wp-json\/wp\/v2\/tags?post=583653"}],"curies":[{"name":"wp","href":"https:\/\/api.w.org\/{rel}","templated":true}]}}