{"id":583655,"date":"2025-12-07T06:25:04","date_gmt":"2025-12-07T06:25:04","guid":{"rendered":"https:\/\/www.europesays.com\/fr\/583655\/"},"modified":"2025-12-07T06:25:04","modified_gmt":"2025-12-07T06:25:04","slug":"lenigme-velazquez-se-reflete-dans-mille-et-un-miroirs","status":"publish","type":"post","link":"https:\/\/www.europesays.com\/fr\/583655\/","title":{"rendered":"\u00abL\u2019Enigme Velazquez\u00bb se refl\u00e8te dans mille et un miroirs"},"content":{"rendered":"<p>\u00abPersonne, depuis les sculpteurs de la Gr\u00e8ce, n\u2019a procur\u00e9 \u00e0 ce degr\u00e9 l\u2019illusion de la vie, non pas l\u2019illusion de surface, mais l\u2019illusion r\u00e9elle, l\u2019illusion de la vie totale dans son fr\u00e9missement secret et continu\u00bb, \u00e9crivait Elie Faure dans son premier livre, consacr\u00e9 en 1903 \u00e0 Diego Velazquez (1599-1660), le peintre des M\u00e9nines, tableau qui inspira aussi bien les philosophes (Michel Foucault) que les artistes (Picasso). Un portraitiste plein d\u2019humanit\u00e9 des bouffons, des difformes, des ivrognes mais aussi du roi d\u2019Espagne et de sa famille dont il fut le peintre attitr\u00e9, celui qui fit le portrait du Pape Innocent X \u2013 maintes fois r\u00e9interpr\u00e9t\u00e9 par Francis Bacon \u2013 et qui peignit V\u00e9nus \u00e0 son miroir, prise pour cible par la suffragette Mary Richardson puis par les militants de Just Stop Oil. Un \u00abmonument\u00bb de l\u2019histoire de l\u2019art.<\/p>\n<p>\u00abMonument\u00bb, le mot est de St\u00e9phane Sorlat, producteur notamment du Myst\u00e8re J\u00e9r\u00f4me Bosch en 2016, puis de L\u2019Ombre de Goya en 2022, tous deux sign\u00e9s Jos\u00e9 Luis Lopez-Linares, qui se fait aujourd\u2019hui r\u00e9alisateur pour L\u2019Enigme Velazquez, troisi\u00e8me opus documentaire consacr\u00e9 \u00e0 un grand du mus\u00e9e madril\u00e8ne du Prado. Au sc\u00e9nario, on retrouve notamment Cristina Otero Roth, qui travailla sur les films pr\u00e9c\u00e9dents.<\/p>\n","protected":false},"excerpt":{"rendered":"\u00abPersonne, depuis les sculpteurs de la Gr\u00e8ce, n\u2019a procur\u00e9 \u00e0 ce degr\u00e9 l\u2019illusion de la vie, non pas&hellip;\n","protected":false},"author":2,"featured_media":583656,"comment_status":"","ping_status":"","sticky":false,"template":"","format":"standard","meta":{"footnotes":""},"categories":[1358],"tags":[1348,1384,1385,650,251,1386,58,59,1011,27,301],"class_list":{"0":"post-583655","1":"post","2":"type-post","3":"status-publish","4":"format-standard","5":"has-post-thumbnail","7":"category-arts-et-design","8":"tag-arts","9":"tag-arts-and-design","10":"tag-arts-et-design","11":"tag-cinema","12":"tag-culture","13":"tag-design","14":"tag-divertissement","15":"tag-entertainment","16":"tag-fr","17":"tag-france","18":"tag-premium"},"share_on_mastodon":{"url":"https:\/\/pubeurope.com\/@fr\/115676861098417278","error":""},"_links":{"self":[{"href":"https:\/\/www.europesays.com\/fr\/wp-json\/wp\/v2\/posts\/583655","targetHints":{"allow":["GET"]}}],"collection":[{"href":"https:\/\/www.europesays.com\/fr\/wp-json\/wp\/v2\/posts"}],"about":[{"href":"https:\/\/www.europesays.com\/fr\/wp-json\/wp\/v2\/types\/post"}],"author":[{"embeddable":true,"href":"https:\/\/www.europesays.com\/fr\/wp-json\/wp\/v2\/users\/2"}],"replies":[{"embeddable":true,"href":"https:\/\/www.europesays.com\/fr\/wp-json\/wp\/v2\/comments?post=583655"}],"version-history":[{"count":0,"href":"https:\/\/www.europesays.com\/fr\/wp-json\/wp\/v2\/posts\/583655\/revisions"}],"wp:featuredmedia":[{"embeddable":true,"href":"https:\/\/www.europesays.com\/fr\/wp-json\/wp\/v2\/media\/583656"}],"wp:attachment":[{"href":"https:\/\/www.europesays.com\/fr\/wp-json\/wp\/v2\/media?parent=583655"}],"wp:term":[{"taxonomy":"category","embeddable":true,"href":"https:\/\/www.europesays.com\/fr\/wp-json\/wp\/v2\/categories?post=583655"},{"taxonomy":"post_tag","embeddable":true,"href":"https:\/\/www.europesays.com\/fr\/wp-json\/wp\/v2\/tags?post=583655"}],"curies":[{"name":"wp","href":"https:\/\/api.w.org\/{rel}","templated":true}]}}