{"id":583659,"date":"2025-12-07T06:29:14","date_gmt":"2025-12-07T06:29:14","guid":{"rendered":"https:\/\/www.europesays.com\/fr\/583659\/"},"modified":"2025-12-07T06:29:14","modified_gmt":"2025-12-07T06:29:14","slug":"on-est-dans-une-industrie-qui-nous-pousse-a-nous-comparer","status":"publish","type":"post","link":"https:\/\/www.europesays.com\/fr\/583659\/","title":{"rendered":"On est dans une industrie qui nous pousse \u00e0 nous comparer"},"content":{"rendered":"<p>\n        Marine sort la r\u00e9\u00e9dition de son nouvel album \u00ab\u00a0Coeur maladroit\u00a0\u00bb. En interview sur Purecharts, la chanteuse se confie sur son succ\u00e8s, les critiques, la sant\u00e9 mentale, les Enfoir\u00e9s ou son \u00e9l\u00e8ve favori de la \u00ab\u00a0Star Academy\u00a0\u00bb.\n    <\/p>\n<p class=\"content-paragraph\"><img decoding=\"async\" src=\"https:\/\/www.europesays.com\/fr\/wp-content\/uploads\/2025\/12\/photo_1764698279.jpg\" class=\"textcenter img-content\" loading=\"lazy\" style=\"margin-bottom: 0;\"\/>Elisa Baudoin <br \/>Propos recueillis par <a href=\"https:\/\/twitter.com\/JulienBobbyG\" class=\"articlepage-link\" target=\"_blank\" rel=\"noopener\">Julien Gon\u00e7alves<\/a>.<\/p>\n<p class=\"content-paragraph\"><b>Pourquoi c&rsquo;\u00e9tait important de sortir cette <a href=\"https:\/\/www.chartsinfrance.net\/Marine\/news-134168.html\" class=\"articlepage-link\" target=\"_blank\" rel=\"noopener\">r\u00e9\u00e9dition de \u00ab\u00a0Coeur maladroit\u00a0\u00bb<\/a>, cinq mois apr\u00e8s ton premier album ?<\/b> <br \/>J&rsquo;avais l&rsquo;impression d&rsquo;avoir encore des choses \u00e0 dire. Apr\u00e8s, \u00e7a aurait pu \u00eatre dans un deuxi\u00e8me album, mais je trouve \u00e7a toujours cool de sortir une r\u00e9\u00e9dition parce qu&rsquo;en m\u00eame temps \u00e7a termine le premier album et \u00e7a ouvre la page pour une suite. C&rsquo;est un peu une transition entre le premier album et le deuxi\u00e8me album, qui arrivera apr\u00e8s peut-\u00eatre. Et \u00e7a reste dans la continuit\u00e9 parce que les chansons parlent de moi, de mes histoires, de ce que je ressens, de ce que je vis. Et en m\u00eame temps dans la musique, \u00e7a \u00e9volue vers un style plus moderne que je veux adopter pour la suite.<\/p>\n<p class=\"content-paragraph\"><b>Ces titres existaient d\u00e9j\u00e0 pendant la cr\u00e9ation de l&rsquo;album ou ils sont nouveaux ?<\/b><br \/>Il n&rsquo;y a qu&rsquo;un titre qui \u00e9tait pr\u00eat avant, \u00ab\u00a0\u00c0 nouveau\u00a0\u00bb. C&rsquo;\u00e9tait le tout premier titre que j&rsquo;ai fait en studio \u00e0 ma sortie de la \u00ab\u00a0Star Academy\u00a0\u00bb, je dirais en f\u00e9vrier, et on l&rsquo;a gard\u00e9. Mais sinon les six autres, ils ont tous \u00e9t\u00e9 faits l\u00e0, sur trois semaines, en septembre. J&rsquo;ai \u00e9t\u00e9 inspir\u00e9e !<\/p>\n<p><b>70 millions de streams pour l&rsquo;album, 70.000 ventes. Je sais que les chiffres sont importants pour toi, donc d\u00e9j\u00e0 est-ce que d\u00e9j\u00e0 tu es contente ?<\/b><br \/> C&rsquo;est beaucoup ! C&rsquo;est vrai, j&rsquo;ai un truc avec les chiffres. Forc\u00e9ment, on a envie que \u00e7a fonctionne. On regarde un peu. Et puis on est dans une industrie qui nous pousse \u00e0 nous comparer un peu entre nous. C&rsquo;est un peu celui qui va fonctionner le mieux, qui va vendre le plus et tout. Je sais que moi j&rsquo;ai un public qui ach\u00e8te plus en physique. Il y a beaucoup de ventes physiques de CD, de places de concert. Un peu moins de streams, mais quand m\u00eame \u00e7a va, on \u00e9volue m\u00eame vers \u00e7a, on augmente.<\/p>\n<p class=\"content-paragraph\"><b>Tu regardes encore beaucoup les chiffres ?<\/b><br \/>Oui, c&rsquo;est important pour moi de me renseigner, de regarder quand m\u00eame. Il ne faut pas que \u00e7a devienne une obsession non plus, et \u00e7a ne l&rsquo;est pas, mais j&rsquo;aime bien suivre les statistiques. Mais oui je suis contente, franchement, \u00e7a va. Bien s\u00fbr on peut toujours faire mieux. C&rsquo;est aussi le but d&rsquo;\u00e9voluer dans la DA pour avoir un public plus large, plus jeune et donc plus de streams, mais c&rsquo;est quand m\u00eame d\u00e9j\u00e0 pas mal du tout !<\/p>\n<p class=\"content-paragraph\"><b>Est-ce que les chiffres \u00e7a reste abstrait pour toi ou tu te rends compte de ce que \u00e7a signifie ?<\/b><br \/>C&rsquo;est vrai que c&rsquo;est un peu compliqu\u00e9 parce qu&rsquo;en m\u00eame temps, je me rends compte que c&rsquo;est beaucoup, et en m\u00eame temps, quand on est dedans, on veut toujours plus. Alors qu&rsquo;il y a un an, je ne pensais pas du tout atteindre ces chiffres. Donc il faut r\u00e9ussir \u00e0 saisir quand m\u00eame la chance et se dire que c&rsquo;est d\u00e9j\u00e0 bien. Mais c&rsquo;est dans mon temp\u00e9rament d&rsquo;\u00eatre exigeante et perfectionniste et vouloir toujours mieux, toujours plus. Mais bien s\u00fbr, c&rsquo;est d\u00e9j\u00e0 trop bien !<\/p>\n<p class=\"content-paragraph\"> <b>Dans le titre \u00ab\u00a0Escroc\u00a0\u00bb, tu te questionnes sur ta l\u00e9gitimit\u00e9. Justement, les chiffres, <a href=\"https:\/\/www.chartsinfrance.net\/NRJ-Music-Awards\/news-134226.html\" class=\"articlepage-link\" target=\"_blank\" rel=\"noopener\">ta victoire aux NRJ Music Awards<\/a>, la tourn\u00e9e, les ventes, \u00e7a ne te rassure pas ?<\/b><br \/>C&rsquo;est pas que \u00e7a me rassure pas&#8230; Je crois que de toute fa\u00e7on, ce sera toujours une question de moi avec moi-m\u00eame, pas les autres avec moi ou moi avec les autres. M\u00eame si je vois et que je ressens tout l&rsquo;amour, les chiffres, la tourn\u00e9e, le public et tout. C&rsquo;est toujours un truc de : on veut se satisfaire soi d&rsquo;abord. Donc \u00e7a reste une question vraiment existentielle : \u00ab\u00a0Pourquoi \u00e7a m&rsquo;arrive \u00e0 moi ?\u00a0\u00bb Il y a tellement de gens qui sont talentueux, tellement de gens qui veulent faire \u00e7a. Apr\u00e8s, \u00e7a m&rsquo;a aussi aid\u00e9e d&rsquo;\u00e9crire cette chanson. C&rsquo;est un peu th\u00e9rapeutique. \u00c0 la fin d&rsquo;ailleurs, j&rsquo;ouvre en disant que finalement non, je ne suis pas une escroc et que c&rsquo;est m\u00e9rit\u00e9. Mais je crois que tout le monde se questionne un peu sur sa l\u00e9gitimit\u00e9, peu importe le domaine dans lequel on travaille.<\/p>\n<p><b>De quoi tu es la plus fi\u00e8re depuis le d\u00e9but de ta carri\u00e8re ?<\/b><br \/> Wow ! Tout est une chance et tout est trop bien. Je crois que la r\u00e9\u00e9dition, j&rsquo;en suis vraiment contente parce que souvent c&rsquo;est quelque chose qu&rsquo;on voit un peu comme du bonus. Ce n&rsquo;est pas b\u00e2cl\u00e9 mais c&rsquo;est jamais autant travaill\u00e9 que l&rsquo;album. Je crois que c&rsquo;est un peu un truc en plus, qu&rsquo;on fait comme \u00e7a, juste pour dire qu&rsquo;on sort des titres en plus. Moi, parfois quand je l&rsquo;\u00e9coute, je me dis presque que je pr\u00e9f\u00e8re la r\u00e9\u00e9dition \u00e0 la premi\u00e8re version de l&rsquo;album. \u00c7a me ressemble plus. J&rsquo;ai pu beaucoup plus \u00e9crire et composer, quasiment tous les titres en fait. Donc c&rsquo;est trop bien. Je suis particuli\u00e8rement contente de la r\u00e9\u00e9dition.<\/p>\n<p class=\"content-paragraph\"><b>Tu vas me dire si j&rsquo;ai vu juste mais pour moi le titre \u00ab\u00a0\u00c0 nouveau\u00a0\u00bb parle de sant\u00e9 mentale, de d\u00e9pression. Est-ce que c&rsquo;est ce que tu as v\u00e9cu, peut-\u00eatre \u00e0 la sortie de l&rsquo;\u00e9mission ?<\/b><br \/>Oui, \u00e7a parle compl\u00e8tement de \u00e7a. D&rsquo;ailleurs, j&rsquo;avais peur qu&rsquo;on ne comprenne pas bien. En fait, \u00e0 la base, je voulais parler de mon anxi\u00e9t\u00e9 et de mes crises d&rsquo;angoisse. Mais \u00e7a ne date pas du tout de la \u00ab\u00a0Star Ac\u00a0\u00bb, \u00e7a date d&rsquo;avant. Mes crises d&rsquo;angoisse \u00e7a a commenc\u00e9 en 2023, un truc comme \u00e7a. Aujourd&rsquo;hui, je n&rsquo;en fais plus, s\u00fbrement parce que je fais ce que j&rsquo;aime, donc c&rsquo;est cool. Mais oui, je voulais parler de \u00e7a, du fait d&rsquo;attendre le lendemain, de se dire tout le temps que \u00e7a ira mieux. Parce que souvent \u00e7a m&rsquo;arrivait le soir ou la nuit, donc j&rsquo;attendais le lendemain matin. C&rsquo;est pour \u00e7a que je dis \u00ab\u00a0J&rsquo;attends le matin\u00a0\u00bb dans la chanson. Mais oui \u00e7a parle de \u00e7a : la sant\u00e9 mentale, l&rsquo;anxi\u00e9t\u00e9. Mais je crois qu&rsquo;il peut y avoir plusieurs interpr\u00e9tations&#8230;<\/p>\n<p class=\"content-paragraph\">\n<p class=\"content-paragraph\"> <b>Si ce n&rsquo;est pas indiscret, vu qu&rsquo;elles ont disparu aujourd&rsquo;hui, tu sais, avec le recul, \u00e0 quoi \u00e9taient dues ces crises d&rsquo;angoisse ?<\/b><br \/>En fait, je ne sais m\u00eame pas. Bon, j&rsquo;ai toujours \u00e9t\u00e9 une personne anxieuse mais pas plus que \u00e7a. Des petits stress, de la vie, des \u00e9ch\u00e9ances, par exemple des examens. Mais c&rsquo;est assez contradictoire parce qu&rsquo;en m\u00eame temps, je suis une personne un peu t\u00eate en l&rsquo;air, un peu \u00e0 tout remettre au lendemain. J&rsquo;avais jamais fait de crise d&rsquo;angoisse, et \u00e7a m&rsquo;est arriv\u00e9 comme \u00e7a un jour. J&rsquo;\u00e9tais en train de faire \u00e0 manger, il ne se passait rien de sp\u00e9cial. \u00c7a m&rsquo;a pris \u00e0 tel point que j&rsquo;ai appel\u00e9 les urgences parce que je pensais que j&rsquo;\u00e9tais en train de faire une crise cardiaque ! J&rsquo;avais jamais v\u00e9cu \u00e7a, et c&rsquo;est un peu les m\u00eames sympt\u00f4mes. Je me suis demand\u00e9 ce qui se passait. Aujourd&rsquo;hui m\u00eame si je n&rsquo;en fais plus, je ne sais pas dire pourquoi j&rsquo;en ai fait. Peut-\u00eatre un trop-plein. Je sais qu&rsquo;\u00e0 l&rsquo;\u00e9poque, j&rsquo;\u00e9tais dans une relation qui fonctionnait pas trop, et \u00e7a s&rsquo;est arr\u00eat\u00e9 quand j&rsquo;ai quitt\u00e9 la personne. C&rsquo;est peut-\u00eatre \u00e7a&#8230;<\/p>\n<p><b>Tu as travaill\u00e9 avec Ga\u00ebtan Roussel et Ben Mazu\u00e9 par exemple sur les titres de cette r\u00e9\u00e9dition. Ce sont quand m\u00eame des pointures !<\/b><br \/> C&rsquo;\u00e9tait trop bien. Ce sont deux r\u00e9f\u00e9rences ! J&rsquo;ai eu une journ\u00e9e de studio avec Ga\u00ebtan Roussel. Je travaillais \u00e0 la base avec le compositeur et r\u00e9alisateur Renaud Rebillaud, et c&rsquo;est lui qui a convi\u00e9 Ga\u00ebtan Roussel \u00e0 venir. Donc on s&rsquo;est retrouv\u00e9s en studio, et on a \u00e9crit \u00ab\u00a0Trop tard\u00a0\u00bb en une journ\u00e9e en partant de z\u00e9ro. Pareil avec Ben Mazu\u00e9, j&rsquo;ai eu une journ\u00e9e en studio avec lui. Il avait d\u00e9j\u00e0 commenc\u00e9 \u00e0 \u00e9crire, il avait deux titres un peu tout pr\u00eats. J&rsquo;ai chang\u00e9 quelques paroles mais il avait assez bien cern\u00e9 l&rsquo;univers.<\/p>\n<p class=\"content-paragraph\"><b>Et Renaud Rebillaud aussi, c&rsquo;est une machine \u00e0 tubes !<\/b><br \/>C&rsquo;est vrai que je n&rsquo;aurais jamais imagin\u00e9 bosser avec des gens comme \u00e7a. Et maintenant j&rsquo;ai l&rsquo;impression d&rsquo;avoir la chance de travailler avec des pointures, que ce soit dans l&rsquo;\u00e9criture, la composition, la r\u00e9alisation. Mais pour Renaud Rebillaud, je n&rsquo;y suis pas all\u00e9e en me disant : \u00ab\u00a0Allez, on va faire un tube\u00a0\u00bb. D\u00e9j\u00e0 parce que souvent ce n&rsquo;est pas comme \u00e7a que \u00e7a fonctionne, mais j&rsquo;\u00e9tais super contente de travailler avec lui !<\/p>\n<p class=\"content-paragraph\"><b>Dans \u00ab\u00a0Les questions\u00a0\u00bb, tu commences par \u00ab\u00a0Pourquoi les gens sont m\u00e9chants ?\u00a0\u00bb. Pr\u00e8s d&rsquo;un an apr\u00e8s la \u00ab\u00a0Star Academy\u00a0\u00bb, comment tu arrives \u00e0 g\u00e9rer les critiques ?<\/b><br \/>Franchement, j&rsquo;ai l&rsquo;impression qu&rsquo;il y a de moins en moins de critiques. Mais il y en aura toujours, et c&rsquo;est un peu le jeu d&rsquo;\u00eatre expos\u00e9. On ne peut pas \u00eatre valid\u00e9 ni aim\u00e9 par tout le monde. Donc je le prends avec plus d&rsquo;humour. \u00c7a me fait rire parfois. Le dernier truc que j&rsquo;ai vu, c&rsquo;est quelqu&rsquo;un qui avait \u00e9crit : \u00ab\u00a0&lsquo;Coeur maladroit&rsquo; ne sera jamais single d&rsquo;or, c&rsquo;est impossible. Ou alors dans deux ans ce gros flop\u00a0\u00bb. Et en fait, vraiment une semaine apr\u00e8s, il a \u00e9t\u00e9 certifi\u00e9 disque d&rsquo;or. J&rsquo;\u00e9tais l\u00e0 : \u00ab\u00a0Encore un visionnaire !\u00a0\u00bb (Rires) De toute fa\u00e7on, les gens ont le droit de ne pas m&rsquo;aimer. Parfois, ce n&rsquo;est pas pour des bonnes raisons mais c&rsquo;est comme \u00e7a, c&rsquo;est la vie. Je me concentre plus sur tout l&rsquo;amour que je re\u00e7ois et qui est vraiment beaucoup plus pr\u00e9sent pour le coup.<\/p>\n<p><b>Comment tu as v\u00e9cu <a href=\"https:\/\/www.chartsinfrance.net\/Marine\/news-134569.html\" class=\"articlepage-link\" target=\"_blank\" rel=\"noopener\">la premi\u00e8re date de ta tourn\u00e9e<\/a> ?<\/b> <br \/> C&rsquo;\u00e9tait intense, forc\u00e9ment. Diff\u00e9rent d&rsquo;une tourn\u00e9e o\u00f9 on est \u00e0 neuf pour tenir le show. L\u00e0, c&rsquo;\u00e9tait vraiment ma sc\u00e8ne, mon public, ma musique, mon album. Donc c&rsquo;\u00e9tait assez dingue. En m\u00eame temps, je sais que je peux faire mieux parce que j&rsquo;\u00e9tais tr\u00e8s stress\u00e9e et tr\u00e8s dans ma t\u00eate, dans le contr\u00f4le et tout. J&rsquo;avais envie de faire bien, mais c&rsquo;\u00e9tait trop cool. J&rsquo;ai h\u00e2te d&rsquo;y retourner.<\/p>\n<p class=\"content-paragraph\"><b>Faire mieux sur quoi par exemple ?<\/b><br \/>Je crois qu&rsquo;en fait, il y a un moment qui me stresse particuli\u00e8rement, ce sont les moments o\u00f9 je dois parler. Parce que chanter \u00e7a va, mais parler&#8230; Forc\u00e9ment, il y a une ligne globale qui est \u00e9crite mais j&rsquo;ai aussi envie d&rsquo;improviser autour. J&rsquo;ai envie d&rsquo;interagir avec les gens, d&rsquo;\u00eatre plus naturelle et spontan\u00e9e parce que je sais que c&rsquo;est \u00e7a qui me d\u00e9finit. C&rsquo;est un peu difficile pour moi quand je suis sur sc\u00e8ne de le faire. Donc j&rsquo;aimerais am\u00e9liorer mon aisance avec le public dans mes moments parl\u00e9s. Musicalement, \u00e7a va. Apr\u00e8s, ce sont des d\u00e9tails, des transitions entre les titres. \u00c0 quel moment est-ce que je peux boire un coup ? Parce que j&rsquo;aime pas trop boire devant les gens mais j&rsquo;en ai besoin, j&rsquo;ai la gorge s\u00e8che. (Rires) Mais c&rsquo;est vrai que ce sont des d\u00e9tails qui vont se r\u00e9gler au fur et \u00e0 mesure avec l&rsquo;exp\u00e9rience.<\/p>\n<p class=\"content-paragraph\"><b>Pierre et Helena vont <a href=\"https:\/\/www.chartsinfrance.net\/Les-Enfoires\/news-132990.html\" class=\"articlepage-link\" target=\"_blank\" rel=\"noopener\">faire partie des Enfoir\u00e9s<\/a> en janvier 2026. Est-ce que tu accepterais si on te proposait ?<\/b><br \/>Forc\u00e9ment, les Enfoir\u00e9s au profit des Restos du Coeur, \u00e7a m&rsquo;int\u00e9resse. En plus, ma mamie pour qui j&rsquo;ai \u00e9crit \u00ab\u00a0Dalida\u00a0\u00bb, elle \u00e9tait b\u00e9n\u00e9vole aux Restos du Coeur. Parfois j&rsquo;allais avec elle. Donc franchement oui, c&rsquo;est s\u00fbr que c&rsquo;est une belle cause et j&rsquo;aimerais bien en faire partie, mais on verra !<\/p>\n<p class=\"content-paragraph\"><b>Tu as \u00e9t\u00e9 plusieurs fois \u00e0 la \u00ab\u00a0Star Academy\u00a0\u00bb ces derni\u00e8res semaines. As-tu <a href=\"https:\/\/www.chartsinfrance.net\/Marine\/news-134605.html\" class=\"articlepage-link\" target=\"_blank\" rel=\"noopener\">un coup de coeur parmi les \u00e9l\u00e8ves<\/a> ?<\/b> <br \/>Wow, j&rsquo;ai plein de coups de coeur, c&rsquo;est trop dur ! Moi j&rsquo;adore Ambre, Sarah, Anouk, M\u00e9lissa. Que les filles quasiment ! J&rsquo;ai moins de coups de coeur chez les gar\u00e7ons. Ah si, Victor il chante bien quand m\u00eame. Ils sont tous bien franchement, ils sont sympas. Ils ont tous leurs personnalit\u00e9s, leurs timbres. C&rsquo;est vrai que si moi je devais choisir une gagnante objectivement, je dirais Ambre. Mais apr\u00e8s, c&rsquo;est au public de choisir&#8230;<\/p>\n<p class=\"content-paragraph\"><b>Il faut quoi comme qualit\u00e9s selon toi pour gagner ?<\/b><br \/>D\u00e9j\u00e0, il faut bien chanter forc\u00e9ment, il y a un truc de voix. Mais on s&rsquo;est rendu compte qu&rsquo;il n&rsquo;y a pas que la voix. C&rsquo;est aussi la personnalit\u00e9, la fa\u00e7on dont les gens s&rsquo;attachent, la danse. C&rsquo;est un peu un tout en vrai. \u00c7a d\u00e9pend aussi de la carri\u00e8re qu&rsquo;on veut faire apr\u00e8s. Mais je pense que c&rsquo;est surtout la voix et la personnalit\u00e9 quand m\u00eame dans le format qui est la \u00ab\u00a0Star Ac\u00a0\u00bb. Comme c&rsquo;est un format o\u00f9 on nous suit beaucoup H24, o\u00f9 on nous voit vivre, il y a aussi un attachement&#8230;<\/p>\n<p>    <script async src=\"https:\/\/platform.twitter.com\/widgets.js\" charset=\"utf-8\"><\/script><\/p>\n","protected":false},"excerpt":{"rendered":"Marine sort la r\u00e9\u00e9dition de son nouvel album \u00ab\u00a0Coeur maladroit\u00a0\u00bb. En interview sur Purecharts, la chanteuse se confie&hellip;\n","protected":false},"author":2,"featured_media":583660,"comment_status":"","ping_status":"","sticky":false,"template":"","format":"standard","meta":{"footnotes":""},"categories":[1355],"tags":[58,59,1011,27,1361,873],"class_list":{"0":"post-583659","1":"post","2":"type-post","3":"status-publish","4":"format-standard","5":"has-post-thumbnail","7":"category-musique","8":"tag-divertissement","9":"tag-entertainment","10":"tag-fr","11":"tag-france","12":"tag-music","13":"tag-musique"},"share_on_mastodon":{"url":"https:\/\/pubeurope.com\/@fr\/115676877768762965","error":""},"_links":{"self":[{"href":"https:\/\/www.europesays.com\/fr\/wp-json\/wp\/v2\/posts\/583659","targetHints":{"allow":["GET"]}}],"collection":[{"href":"https:\/\/www.europesays.com\/fr\/wp-json\/wp\/v2\/posts"}],"about":[{"href":"https:\/\/www.europesays.com\/fr\/wp-json\/wp\/v2\/types\/post"}],"author":[{"embeddable":true,"href":"https:\/\/www.europesays.com\/fr\/wp-json\/wp\/v2\/users\/2"}],"replies":[{"embeddable":true,"href":"https:\/\/www.europesays.com\/fr\/wp-json\/wp\/v2\/comments?post=583659"}],"version-history":[{"count":0,"href":"https:\/\/www.europesays.com\/fr\/wp-json\/wp\/v2\/posts\/583659\/revisions"}],"wp:featuredmedia":[{"embeddable":true,"href":"https:\/\/www.europesays.com\/fr\/wp-json\/wp\/v2\/media\/583660"}],"wp:attachment":[{"href":"https:\/\/www.europesays.com\/fr\/wp-json\/wp\/v2\/media?parent=583659"}],"wp:term":[{"taxonomy":"category","embeddable":true,"href":"https:\/\/www.europesays.com\/fr\/wp-json\/wp\/v2\/categories?post=583659"},{"taxonomy":"post_tag","embeddable":true,"href":"https:\/\/www.europesays.com\/fr\/wp-json\/wp\/v2\/tags?post=583659"}],"curies":[{"name":"wp","href":"https:\/\/api.w.org\/{rel}","templated":true}]}}