{"id":583663,"date":"2025-12-07T06:32:18","date_gmt":"2025-12-07T06:32:18","guid":{"rendered":"https:\/\/www.europesays.com\/fr\/583663\/"},"modified":"2025-12-07T06:32:18","modified_gmt":"2025-12-07T06:32:18","slug":"cette-habitude-hivernale-est-un-vrai-danger-pour-la-sante-alertent-les-experts","status":"publish","type":"post","link":"https:\/\/www.europesays.com\/fr\/583663\/","title":{"rendered":"cette habitude hivernale est un vrai danger pour la sant\u00e9, alertent les experts"},"content":{"rendered":"<p>Hiver, couette et Netflix : pourquoi on adore rester chez<br \/>\nsoi<\/p>\n<p>Novembre installe ses soir\u00e9es pr\u00e9coces et l\u2019envie de se glisser<br \/>\nsous la couette devient irr\u00e9sistible. Plaid, grosses chaussettes,<br \/>\nchocolat chaud et s\u00e9rie sur Netflix : le tableau parle \u00e0 tout le<br \/>\nmonde. Cette atmosph\u00e8re de cocooning colle \u00e0 la saison et aux<br \/>\njourn\u00e9es qui raccourcissent, surtout quand le<br \/>\n<strong>t\u00e9l\u00e9travail<\/strong> simplifie le fait de ne quasiment pas<br \/>\nmettre le nez dehors.<\/p>\n<p>Les psychologues le rappellent, ce r\u00e9flexe est humain. \u00ab\u00a0Il est<br \/>\ntout \u00e0 fait normal de ne pas avoir envie de sortir. \u00c0 cette \u00e9poque<br \/>\nde l\u2019ann\u00e9e, nous avons tendance \u00e0 entrer en mode hibernation\u00a0\u00bb,<br \/>\nexplique le Dr. Daniels, psychologue clinicien, au magazine Strong<br \/>\nWomen. Reste \u00e0 savoir \u00e0 partir de quand cette routine d\u2019hiver<br \/>\ncommence \u00e0 nous jouer des tours\u2026<\/p>\n<p>Rester chez soi toute la journ\u00e9e : ce que disent les<br \/>\nexperts<\/p>\n<p>Quand cette tentation devient une habitude, l\u2019alerte s\u2019impose.<br \/>\n\u00ab\u00a0On a constat\u00e9 que lorsqu\u2019on reste trop longtemps \u00e0 l\u2019int\u00e9rieur, on<br \/>\nne satisfait plus nos besoins fondamentaux ce qui peut avoir des<br \/>\ncons\u00e9quences sur notre sant\u00e9 mentale\u00a0\u00bb, pr\u00e9vient Dr. Daniels. En<br \/>\nclair, se couper du dehors finit par rogner ce qui nourrit<br \/>\nl\u2019\u00e9quilibre psychique au quotidien, au premier rang desquels le<br \/>\nlien aux autres.<\/p>\n<p>Le psychologue insiste sur ces micro\u2011contacts qui rythment une<br \/>\njourn\u00e9e et que l\u2019on croit anodins : \u00ab\u00a0Le contact en face \u00e0 face est<br \/>\nessentiel \u00e0 notre bien-\u00eatre\u00a0\u00bb. Et de donner des exemples concrets<br \/>\nqui parlent \u00e0 chacun : \u00ab\u00a0Parler \u00e0 la caissi\u00e8re au supermarch\u00e9,<br \/>\nsourire aux inconnus, faire une promenade avec un ami sont des<br \/>\npetites choses \u00e0 ne pas n\u00e9gliger\u00a0\u00bb. \u00c0 force d\u2019\u00e9viter ces \u00e9changes,<br \/>\nl\u2019<strong>isolement social<\/strong> s\u2019installe et la morosit\u00e9<br \/>\navec.<\/p>\n<p>S\u00e9dentarit\u00e9, lumi\u00e8re naturelle et moral : pourquoi l\u2019hiver<br \/>\naccentue les risques<\/p>\n<p>L\u2019hiver r\u00e9unit plusieurs facteurs qui, mis bout \u00e0 bout, p\u00e8sent<br \/>\nsur la sant\u00e9. D\u2019abord, la <strong>s\u00e9dentarit\u00e9<\/strong> augmente<br \/>\nm\u00e9caniquement quand on vit au ralenti entre quatre murs : on marche<br \/>\nmoins, on reste plus souvent assis, on bouge peu. R\u00e9sultat, le<br \/>\ncorps \u201crouille\u201d, les tensions s\u2019accumulent et l\u2019humeur en prend un<br \/>\ncoup. Ensuite, sortir m\u00eame quelques minutes, c\u2019est respirer l\u2019air<br \/>\nfrais et se reconnecter \u00e0 un environnement qui apaise. De<br \/>\nnombreuses \u00e9tudes ont d\u2019ailleurs observ\u00e9 qu\u2019une simple balade en<br \/>\nfor\u00eat suffit \u00e0 booster l\u2019humeur et \u00e0 r\u00e9duire la sensation de<br \/>\ndouleur.<\/p>\n<p>Autre cl\u00e9 largement sous\u2011estim\u00e9e : la <strong>lumi\u00e8re<br \/>\nnaturelle<\/strong>. Les courtes journ\u00e9es privent l\u2019organisme d\u2019un<br \/>\nrep\u00e8re essentiel pour le moral et le sommeil, sans parler du coup<br \/>\nde pouce \u00e0 la <strong>vitamine D<\/strong>. \u00c0 l\u2019inverse, passer des<br \/>\nheures sous une lumi\u00e8re artificielle et face aux \u00e9crans s\u2019associe \u00e0<br \/>\ndavantage de probl\u00e8mes de sant\u00e9, dont un risque accru de diab\u00e8te,<br \/>\nde d\u00e9pression et d\u2019ob\u00e9sit\u00e9. Au passage, ce trop\u2011plein lumineux en<br \/>\nint\u00e9rieur peut aussi d\u00e9r\u00e9gler le cycle veille\u2011sommeil, ce qui<br \/>\ncomplique les endormissements et la r\u00e9cup\u00e9ration. Aujourd\u00a0\u00bbhui,<br \/>\nl\u2019enjeu est moins de \u201ctenir bon\u201d \u00e0 l\u2019int\u00e9rieur que de r\u00e9introduire<br \/>\nde vrais rep\u00e8res.<\/p>\n<p>Que faire si vous devez rester enferm\u00e9<br \/>\nchez vous cet hiver ?<\/p>\n<p>Il y a des jours o\u00f9 les imp\u00e9ratifs personnels ou pro emp\u00eachent<br \/>\nde sortir. Dans ce cas, r\u00e9activer le mouvement devient prioritaire.<br \/>\n\u00ab\u00a0L\u2019activit\u00e9 physique est essentielle, elle nous aide \u00e0 se<br \/>\nd\u00e9barrasser des tensions et des angoisses accumul\u00e9es, lib\u00e8re les<br \/>\nendorphines et renforce notre capacit\u00e9 de r\u00e9action face aux<br \/>\ninfections\u00a0\u00bb, rappelle Dr. Daniels. Concr\u00e8tement, on peut programmer<br \/>\nde courtes sessions de renforcement, faire des \u00e9tirements entre<br \/>\ndeux r\u00e9unions, monter des escaliers, danser cinq minutes sur sa<br \/>\nmusique pr\u00e9f\u00e9r\u00e9e. L\u2019id\u00e9e n\u2019est pas la performance, c\u2019est de rompre<br \/>\nl\u2019inertie.<\/p>\n<p>Reste le lien aux autres, m\u00eame quand on ne peut pas mettre le<br \/>\npied dehors. Les <strong>appels en visio<\/strong> recr\u00e9ent ce<br \/>\nfameux face \u00e0 face si pr\u00e9cieux \u00e0 l\u2019\u00e9quilibre, mieux qu\u2019un simple<br \/>\ntexto. Le sp\u00e9cialiste recommande aussi de glisser des respirations<br \/>\nmentales dans la journ\u00e9e : m\u00e9ditation guid\u00e9e, respiration en<br \/>\ncoh\u00e9rence cardiaque, ou encore des <strong>activit\u00e9s<br \/>\ncr\u00e9atives<\/strong> pour stimuler l\u2019esprit et casser la monotonie.<br \/>\nDeux ou trois rep\u00e8res simples, r\u00e9p\u00e9t\u00e9s chaque jour, suffisent<br \/>\nsouvent \u00e0 traverser l\u2019hiver sans s\u2019y perdre.<\/p>\n","protected":false},"excerpt":{"rendered":"Hiver, couette et Netflix : pourquoi on adore rester chez soi Novembre installe ses soir\u00e9es pr\u00e9coces et l\u2019envie&hellip;\n","protected":false},"author":2,"featured_media":583664,"comment_status":"","ping_status":"","sticky":false,"template":"","format":"standard","meta":{"footnotes":""},"categories":[10],"tags":[930,41124,3477,4511,52188,932,11105,21,1011,27,14402,72,66647,4743,151,74,471,71,11848,3585,9066,17151,7680],"class_list":{"0":"post-583663","1":"post","2":"type-post","3":"status-publish","4":"format-standard","5":"has-post-thumbnail","7":"category-sante","8":"tag-le","9":"tag-alertent","10":"tag-cette","11":"tag-danger","12":"tag-end","13":"tag-est","14":"tag-experts","15":"tag-fait","16":"tag-fr","17":"tag-france","18":"tag-habitude","19":"tag-health","20":"tag-hivernale","21":"tag-la","22":"tag-les","23":"tag-monde","24":"tag-pour","25":"tag-sante","26":"tag-surtout","27":"tag-tout","28":"tag-un","29":"tag-vrai","30":"tag-week"},"share_on_mastodon":{"url":"https:\/\/pubeurope.com\/@fr\/115676888675412770","error":""},"_links":{"self":[{"href":"https:\/\/www.europesays.com\/fr\/wp-json\/wp\/v2\/posts\/583663","targetHints":{"allow":["GET"]}}],"collection":[{"href":"https:\/\/www.europesays.com\/fr\/wp-json\/wp\/v2\/posts"}],"about":[{"href":"https:\/\/www.europesays.com\/fr\/wp-json\/wp\/v2\/types\/post"}],"author":[{"embeddable":true,"href":"https:\/\/www.europesays.com\/fr\/wp-json\/wp\/v2\/users\/2"}],"replies":[{"embeddable":true,"href":"https:\/\/www.europesays.com\/fr\/wp-json\/wp\/v2\/comments?post=583663"}],"version-history":[{"count":0,"href":"https:\/\/www.europesays.com\/fr\/wp-json\/wp\/v2\/posts\/583663\/revisions"}],"wp:featuredmedia":[{"embeddable":true,"href":"https:\/\/www.europesays.com\/fr\/wp-json\/wp\/v2\/media\/583664"}],"wp:attachment":[{"href":"https:\/\/www.europesays.com\/fr\/wp-json\/wp\/v2\/media?parent=583663"}],"wp:term":[{"taxonomy":"category","embeddable":true,"href":"https:\/\/www.europesays.com\/fr\/wp-json\/wp\/v2\/categories?post=583663"},{"taxonomy":"post_tag","embeddable":true,"href":"https:\/\/www.europesays.com\/fr\/wp-json\/wp\/v2\/tags?post=583663"}],"curies":[{"name":"wp","href":"https:\/\/api.w.org\/{rel}","templated":true}]}}