{"id":583671,"date":"2025-12-07T06:36:15","date_gmt":"2025-12-07T06:36:15","guid":{"rendered":"https:\/\/www.europesays.com\/fr\/583671\/"},"modified":"2025-12-07T06:36:15","modified_gmt":"2025-12-07T06:36:15","slug":"ces-5-dates-a-ne-surtout-pas-rater-en-decembre-pour-eviter-une-mauvaise-surprise-en-2026","status":"publish","type":"post","link":"https:\/\/www.europesays.com\/fr\/583671\/","title":{"rendered":"ces 5 dates \u00e0 ne surtout pas rater en d\u00e9cembre pour \u00e9viter une mauvaise surprise en 2026"},"content":{"rendered":"<p><strong>D\u00e9cembre est un mois fiscalement strat\u00e9gique : plusieurs dates limites \u00e0 respecter pour \u00e9viter de mauvaises surprises l\u2019ann\u00e9e prochaine.<\/strong> Le mois de d\u00e9cembre marque la fin de l\u2019ann\u00e9e fiscale et son lot d\u2019<strong>\u00e9ch\u00e9ances importantes<\/strong> pour les contribuables. Si vous souhaitez \u00e9viter des <strong>erreurs co\u00fbteuses<\/strong>, des <strong>trop-per\u00e7us \u00e0 rembourser<\/strong> ou des <strong>pr\u00e9l\u00e8vements inattendus<\/strong>, certaines actions doivent \u00eatre effectu\u00e9es sans d\u00e9lai. Voici <strong>quatre dates cl\u00e9s<\/strong> \u00e0 retenir pour <strong>ma\u00eetriser votre imp\u00f4t sur le revenu<\/strong> et g\u00e9rer au mieux vos obligations fiscales en 2026. <strong>Ne rien faire pourrait vous co\u00fbter cher<\/strong> dans les mois \u00e0 venir.<\/p>\n<p>3 d\u00e9cembre : derni\u00e8re chance pour corriger votre d\u00e9claration<\/p>\n<p>Si vous avez <strong>omis une charge d\u00e9ductible<\/strong> ou <strong>mal d\u00e9clar\u00e9 vos revenus 2024<\/strong>, le 3 d\u00e9cembre est votre <strong>ultime opportunit\u00e9<\/strong> de correction en ligne. Pass\u00e9e cette date, toute modification devra passer par une <strong>proc\u00e9dure plus lourde<\/strong>, souvent via le centre des finances publiques. Cette rectification peut concerner des <strong>cr\u00e9dits d\u2019imp\u00f4t<\/strong> (emploi \u00e0 domicile, garde d\u2019enfant) ou des revenus non d\u00e9clar\u00e9s. Agir maintenant permet d\u2019<strong>\u00e9viter une r\u00e9gularisation douloureuse<\/strong> au printemps 2026. Connectez-vous \u00e0 temps pour ne rien regretter. D\u00e9couvrez notre article sur le <a href=\"https:\/\/www.cesdefrance.fr\/actualite\/plan-epargne-logement-pel-voici-le-taux-prevu-au-1%e1%b5%89%ca%b3-janvier-2026-sauf-decision-de-bercy\/\" target=\"_blank\" rel=\"noopener\">plan \u00e9pargne logement (PEL) : voici le taux pr\u00e9vu au 1\u1d49\u02b3\u00a0janvier 2026.<\/a><\/p>\n<p>6 d\u00e9cembre : actualisez votre taux de pr\u00e9l\u00e8vement \u00e0 la source<\/p>\n<p>Si vous avez modifi\u00e9 votre <strong>taux d\u2019imposition \u00e0 la source<\/strong> en 2025 \u00e0 cause d\u2019un changement de situation, ce taux <strong>expire automatiquement le 31 d\u00e9cembre<\/strong>. Pour qu\u2019il soit maintenu d\u00e9but 2026, vous devez d\u00e9clarer vos <strong>revenus estim\u00e9s pour l\u2019ann\u00e9e \u00e0 venir<\/strong> avant le 6 d\u00e9cembre. Cela vous \u00e9vitera une <strong>hausse ou baisse inattendue<\/strong> de votre salaire net en janvier. Tout se passe dans votre espace personnel sur <strong>impots.gouv.fr<\/strong>, rubrique \u00ab g\u00e9rer mon pr\u00e9l\u00e8vement \u00e0 la source \u00bb.<\/p>\n<p>12 d\u00e9cembre : modifiez l\u2019avance de cr\u00e9dit d\u2019imp\u00f4t si n\u00e9cessaire<\/p>\n<p>Chaque 15 janvier, l\u2019administration fiscale verse une <strong>avance de 60 %<\/strong> sur certains cr\u00e9dits d\u2019imp\u00f4t. Mais si vos d\u00e9penses 2025 sont <strong>en forte baisse<\/strong> par rapport \u00e0 2024 (exemple : votre enfant n\u2019est plus gard\u00e9), cette avance pourrait \u00eatre <strong>trop \u00e9lev\u00e9e<\/strong>. Vous devrez alors <strong>rembourser le trop-per\u00e7u en septembre 2026<\/strong>. Pour \u00e9viter cette m\u00e9saventure, vous pouvez <strong>r\u00e9duire ou annuler l\u2019avance<\/strong> dans votre espace en ligne <strong>jusqu\u2019au 12 d\u00e9cembre<\/strong>. Une simple pr\u00e9caution pour <strong>\u00e9viter une mauvaise surprise post-rentr\u00e9e<\/strong>.<\/p>\n<p>15 d\u00e9cembre : mensualisez votre taxe fonci\u00e8re 2026<\/p>\n<p>Payer d\u2019un coup la <strong>taxe fonci\u00e8re en septembre<\/strong> peut s\u2019av\u00e9rer difficile, surtout avec d\u2019autres d\u00e9penses importantes \u00e0 cette p\u00e9riode. Heureusement, vous pouvez <strong>lisser le paiement<\/strong> en demandant la <strong>mensualisation avant le 15 d\u00e9cembre<\/strong>. Cela permet d\u2019\u00e9taler la charge de janvier \u00e0 octobre (voire d\u00e9cembre en cas d\u2019augmentation). Un choix pratique pour mieux <strong>g\u00e9rer son budget mensuel<\/strong>. Si vous ratez cette date, les pr\u00e9l\u00e8vements ne d\u00e9buteront qu\u2019en f\u00e9vrier. Anticipez pour <strong>\u00e9viter une facture lourde d\u2019un seul coup<\/strong>. Retrouvez \u00e9galement notre article sur les <a href=\"https:\/\/www.cesdefrance.fr\/actualite\/impots-une-simple-action-a-faire-avant-le-6-decembre-pour-eviter-une-baisse-de-salaire-en-2026\/\" target=\"_blank\" rel=\"noopener\">imp\u00f4ts : une simple action \u00e0 faire avant le 6 d\u00e9cembre pour \u00e9viter une baisse de salaire en 2026.<\/a><\/p>\n<p>Conclusion<\/p>\n<p>En r\u00e9sum\u00e9, ces <strong>quatre dates de d\u00e9cembre<\/strong> peuvent vous \u00e9viter des <strong>d\u00e9sagr\u00e9ments fiscaux majeurs en 2026<\/strong>. Correction de d\u00e9claration, actualisation du taux \u00e0 la source, ajustement de l\u2019avance de cr\u00e9dit d\u2019imp\u00f4t, ou mensualisation de la taxe fonci\u00e8re : <strong>chacune m\u00e9rite votre attention<\/strong>. Une simple action aujourd\u2019hui peut vous <strong>\u00e9pargner des tracas financiers demain<\/strong>. Ces rappels vous ont \u00e9t\u00e9 utiles ? <strong>Partagez votre avis ou vos questions en commentaire.<\/strong><\/p>\n<p>En tant que jeune m\u00e9dia ind\u00e9pendant, CESdeFrance a besoin de votre aide. Soutenez-nous en nous suivant et en nous ajoutant \u00e0 vos favoris sur Google News. Merci !<\/p>\n<p><a href=\"https:\/\/news.google.com\/publications\/CAAqBwgKMNnPrAsw5trEAw?hl=fr&amp;gl=FR&amp;ceid=FR%3Afr\" target=\"_blank\" rel=\"external noopener\">Suivez-nous sur Google News <\/a><\/p>\n","protected":false},"excerpt":{"rendered":"D\u00e9cembre est un mois fiscalement strat\u00e9gique : plusieurs dates limites \u00e0 respecter pour \u00e9viter de mauvaises surprises l\u2019ann\u00e9e&hellip;\n","protected":false},"author":2,"featured_media":583672,"comment_status":"","ping_status":"","sticky":false,"template":"","format":"standard","meta":{"footnotes":""},"categories":[6],"tags":[35,33,34,1011,27],"class_list":{"0":"post-583671","1":"post","2":"type-post","3":"status-publish","4":"format-standard","5":"has-post-thumbnail","7":"category-economie","8":"tag-business","9":"tag-economie","10":"tag-economy","11":"tag-fr","12":"tag-france"},"share_on_mastodon":{"url":"https:\/\/pubeurope.com\/@fr\/115676904579673154","error":""},"_links":{"self":[{"href":"https:\/\/www.europesays.com\/fr\/wp-json\/wp\/v2\/posts\/583671","targetHints":{"allow":["GET"]}}],"collection":[{"href":"https:\/\/www.europesays.com\/fr\/wp-json\/wp\/v2\/posts"}],"about":[{"href":"https:\/\/www.europesays.com\/fr\/wp-json\/wp\/v2\/types\/post"}],"author":[{"embeddable":true,"href":"https:\/\/www.europesays.com\/fr\/wp-json\/wp\/v2\/users\/2"}],"replies":[{"embeddable":true,"href":"https:\/\/www.europesays.com\/fr\/wp-json\/wp\/v2\/comments?post=583671"}],"version-history":[{"count":0,"href":"https:\/\/www.europesays.com\/fr\/wp-json\/wp\/v2\/posts\/583671\/revisions"}],"wp:featuredmedia":[{"embeddable":true,"href":"https:\/\/www.europesays.com\/fr\/wp-json\/wp\/v2\/media\/583672"}],"wp:attachment":[{"href":"https:\/\/www.europesays.com\/fr\/wp-json\/wp\/v2\/media?parent=583671"}],"wp:term":[{"taxonomy":"category","embeddable":true,"href":"https:\/\/www.europesays.com\/fr\/wp-json\/wp\/v2\/categories?post=583671"},{"taxonomy":"post_tag","embeddable":true,"href":"https:\/\/www.europesays.com\/fr\/wp-json\/wp\/v2\/tags?post=583671"}],"curies":[{"name":"wp","href":"https:\/\/api.w.org\/{rel}","templated":true}]}}