{"id":583673,"date":"2025-12-07T06:37:17","date_gmt":"2025-12-07T06:37:17","guid":{"rendered":"https:\/\/www.europesays.com\/fr\/583673\/"},"modified":"2025-12-07T06:37:17","modified_gmt":"2025-12-07T06:37:17","slug":"si-loccupation-israelienne-cesse-le-hamas-se-dit-pret-a-deposer-les-armes","status":"publish","type":"post","link":"https:\/\/www.europesays.com\/fr\/583673\/","title":{"rendered":"\u00ab\u00a0Si l\u2019occupation\u00a0\u00bb isra\u00e9lienne \u00ab\u00a0cesse\u00a0\u00bb, le Hamas se dit pr\u00eat \u00e0 d\u00e9poser les armes"},"content":{"rendered":"<p>Le <a href=\"https:\/\/www.20minutes.fr\/monde\/hamas\/\" class=\"c-link c-link--is-underlined\" target=\"_blank\" rel=\"noopener\">Hamas<\/a> se dit pr\u00eat \u00e0 abandonner ses armes, \u00e0 une condition\u00a0: que l\u2019<a href=\"https:\/\/www.20minutes.fr\/dossier\/armee_israelienne\" class=\"c-link c-link--is-underlined\" target=\"_blank\" rel=\"noopener\">arm\u00e9e isra\u00e9lienne<\/a> \u00ab\u00a0cesse\u00a0\u00bb <a href=\"https:\/\/www.20minutes.fr\/monde\/4167213-20250808-conflit-proche-orient-hamas-affirme-decision-israel-occuper-gaza-conduira-sacrifice-otages\" class=\"c-link c-link--is-underlined\" target=\"_blank\" rel=\"noopener\">son occupation<\/a>. C\u2019est ce que le groupe islamiste a d\u00e9clar\u00e9 samedi, pr\u00e9cisant qu\u2019il remettrait son arsenal dans la bande de Gaza \u00e0 une autorit\u00e9 palestinienne gouvernant le territoire.<\/p>\n<p>\u00ab\u00a0Nos armes sont li\u00e9es \u00e0 l\u2019existence de l\u2019occupation et de l\u2019agression\u00a0\u00bb, a d\u00e9clar\u00e9 dans un communiqu\u00e9 Khalil al-Hayya, chef du Hamas pour Gaza et principal n\u00e9gociateur du mouvement islamiste palestinien, qui ajoute\u00a0: \u00ab\u00a0si l\u2019occupation prend fin, ces armes seront plac\u00e9es sous l\u2019autorit\u00e9 de l\u2019\u00c9tat.\u00a0\u00bb Interrog\u00e9 par l\u2019AFP, le bureau de Khalil al-Hayya a pr\u00e9cis\u00e9 qu\u2019il parlait l\u00e0 d\u2019un Etat de Palestine souverain et ind\u00e9pendant.<\/p>\n<\/p>\n<p>\u00ab\u00a0Nous acceptons le d\u00e9ploiement de forces de l\u2019<a href=\"https:\/\/www.20minutes.fr\/monde\/onu\/\" class=\"c-link c-link--is-underlined\" target=\"_blank\" rel=\"noopener\">ONU<\/a> en tant que forces de s\u00e9paration, charg\u00e9es de surveiller les fronti\u00e8res et de veiller au respect du <a href=\"https:\/\/www.20minutes.fr\/monde\/4182239-20251029-israel-annonce-retour-cessez-feu-gaza-apres-frappes-meurtrieres\" class=\"c-link c-link--is-underlined\" target=\"_blank\" rel=\"noopener\">cessez-le-feu \u00e0 Gaza<\/a>\u00a0\u00bb, a ajout\u00e9 Khalil al-Hayya, signifiant ainsi clairement le refus de son mouvement du d\u00e9ploiement d\u2019une force internationale dans la bande de Gaza qui aurait pour mission de le d\u00e9sarmer.<\/p>\n","protected":false},"excerpt":{"rendered":"Le Hamas se dit pr\u00eat \u00e0 abandonner ses armes, \u00e0 une condition\u00a0: que l\u2019arm\u00e9e isra\u00e9lienne \u00ab\u00a0cesse\u00a0\u00bb son occupation.&hellip;\n","protected":false},"author":2,"featured_media":583674,"comment_status":"","ping_status":"","sticky":false,"template":"","format":"standard","meta":{"footnotes":""},"categories":[5],"tags":[47,11,7613,3259,1011,27,665,3519,14,664,74,12,3518,7612,28],"class_list":{"0":"post-583673","1":"post","2":"type-post","3":"status-publish","4":"format-standard","5":"has-post-thumbnail","7":"category-international","8":"tag-actualite","9":"tag-actualites","10":"tag-conflit-au-proche-orient","11":"tag-conflit-israelo-palestinien","12":"tag-fr","13":"tag-france","14":"tag-gaza","15":"tag-hamas","16":"tag-international","17":"tag-israel","18":"tag-monde","19":"tag-news","20":"tag-palestine","21":"tag-proche-orient","22":"tag-world"},"share_on_mastodon":{"url":"https:\/\/pubeurope.com\/@fr\/115676908536895651","error":""},"_links":{"self":[{"href":"https:\/\/www.europesays.com\/fr\/wp-json\/wp\/v2\/posts\/583673","targetHints":{"allow":["GET"]}}],"collection":[{"href":"https:\/\/www.europesays.com\/fr\/wp-json\/wp\/v2\/posts"}],"about":[{"href":"https:\/\/www.europesays.com\/fr\/wp-json\/wp\/v2\/types\/post"}],"author":[{"embeddable":true,"href":"https:\/\/www.europesays.com\/fr\/wp-json\/wp\/v2\/users\/2"}],"replies":[{"embeddable":true,"href":"https:\/\/www.europesays.com\/fr\/wp-json\/wp\/v2\/comments?post=583673"}],"version-history":[{"count":0,"href":"https:\/\/www.europesays.com\/fr\/wp-json\/wp\/v2\/posts\/583673\/revisions"}],"wp:featuredmedia":[{"embeddable":true,"href":"https:\/\/www.europesays.com\/fr\/wp-json\/wp\/v2\/media\/583674"}],"wp:attachment":[{"href":"https:\/\/www.europesays.com\/fr\/wp-json\/wp\/v2\/media?parent=583673"}],"wp:term":[{"taxonomy":"category","embeddable":true,"href":"https:\/\/www.europesays.com\/fr\/wp-json\/wp\/v2\/categories?post=583673"},{"taxonomy":"post_tag","embeddable":true,"href":"https:\/\/www.europesays.com\/fr\/wp-json\/wp\/v2\/tags?post=583673"}],"curies":[{"name":"wp","href":"https:\/\/api.w.org\/{rel}","templated":true}]}}