{"id":583679,"date":"2025-12-07T06:41:29","date_gmt":"2025-12-07T06:41:29","guid":{"rendered":"https:\/\/www.europesays.com\/fr\/583679\/"},"modified":"2025-12-07T06:41:29","modified_gmt":"2025-12-07T06:41:29","slug":"le-blindcat-cede-la-place-a-casa-gina","status":"publish","type":"post","link":"https:\/\/www.europesays.com\/fr\/583679\/","title":{"rendered":"le Blindcat c\u00e8de la place \u00e0 Casa Gina"},"content":{"rendered":"<p>Ciao le Blindcat. Buongiorno Casa Gina. Apr\u00e8s quatre mois de suspens, le restaurant de la Maison des Chanoines, ferm\u00e9 depuis d\u00e9but ao\u00fbt, vient de r\u00e9v\u00e9ler le concept qui va succ\u00e9der \u00e0 celui autour des ann\u00e9es vingt, d\u00e9velopp\u00e9 depuis cinq ans.<\/p>\n<p>Dans cet \u00e9difice dot\u00e9 notamment d\u2019une loggia aux colonnes tr\u00e8s Renaissance, place d\u00e9sormais \u00e0 une tr\u00e8s propice ambiance italienne, moderne et immersive. \u00ab\u00a0Dans l\u2019esprit des Mama Shelter et Big Mamma\u00a0\u00bb, pr\u00e9cise Fabrice Ariza. Mais avec sa propre personnalit\u00e9.<\/p>\n<p>Environ 300\u00a0000\u00a0euros investis pour tout transformer<\/p>\n<p>En tout cas, c\u2019est ce que promettent les entrepreneurs, car pour l\u2019instant, la demeure class\u00e9e aux Monuments historiques du boulevard Waldeck-Rousseau est encore en pleins travaux. Mais c\u2019est la derni\u00e8re ligne droite\u00a0: l\u2019ouverture est annonc\u00e9e pour le 16\u00a0d\u00e9cembre.<\/p>\n<p>Tout va \u00eatre transform\u00e9 pour offrir une toute nouvelle identit\u00e9. Environ 300\u00a0000\u00a0euros ont pour cela \u00e9t\u00e9 investis. Mais pourquoi ce bouleversement\u00a0?<\/p>\n<p>\u00ab\u00a0Dans la continuit\u00e9\u00a0\u00bb du Blindcat<\/p>\n<p>\u00ab\u00a0Le&#8230;<\/p>\n","protected":false},"excerpt":{"rendered":"Ciao le Blindcat. Buongiorno Casa Gina. Apr\u00e8s quatre mois de suspens, le restaurant de la Maison des Chanoines,&hellip;\n","protected":false},"author":2,"featured_media":583680,"comment_status":"","ping_status":"","sticky":false,"template":"","format":"standard","meta":{"footnotes":""},"categories":[9653],"tags":[1111,11,2430,4406,33,7539,1777,674,1011,27,3367,6016,12,25,9669,9670,4001],"class_list":{"0":"post-583679","1":"post","2":"type-post","3":"status-publish","4":"format-standard","5":"has-post-thumbnail","7":"category-saint-etienne","8":"tag-actu","9":"tag-actualites","10":"tag-auvergne-rhone-alpes","11":"tag-commerce-et-services","12":"tag-economie","13":"tag-edition-loire-sud","14":"tag-eu","15":"tag-europe","16":"tag-fr","17":"tag-france","18":"tag-loire","19":"tag-magazine-cuisine-et-vins","20":"tag-news","21":"tag-republique-francaise","22":"tag-saint-chamond","23":"tag-saint-chamond-ville","24":"tag-saint-etienne"},"share_on_mastodon":{"url":"https:\/\/pubeurope.com\/@fr\/115676924097042857","error":""},"_links":{"self":[{"href":"https:\/\/www.europesays.com\/fr\/wp-json\/wp\/v2\/posts\/583679","targetHints":{"allow":["GET"]}}],"collection":[{"href":"https:\/\/www.europesays.com\/fr\/wp-json\/wp\/v2\/posts"}],"about":[{"href":"https:\/\/www.europesays.com\/fr\/wp-json\/wp\/v2\/types\/post"}],"author":[{"embeddable":true,"href":"https:\/\/www.europesays.com\/fr\/wp-json\/wp\/v2\/users\/2"}],"replies":[{"embeddable":true,"href":"https:\/\/www.europesays.com\/fr\/wp-json\/wp\/v2\/comments?post=583679"}],"version-history":[{"count":0,"href":"https:\/\/www.europesays.com\/fr\/wp-json\/wp\/v2\/posts\/583679\/revisions"}],"wp:featuredmedia":[{"embeddable":true,"href":"https:\/\/www.europesays.com\/fr\/wp-json\/wp\/v2\/media\/583680"}],"wp:attachment":[{"href":"https:\/\/www.europesays.com\/fr\/wp-json\/wp\/v2\/media?parent=583679"}],"wp:term":[{"taxonomy":"category","embeddable":true,"href":"https:\/\/www.europesays.com\/fr\/wp-json\/wp\/v2\/categories?post=583679"},{"taxonomy":"post_tag","embeddable":true,"href":"https:\/\/www.europesays.com\/fr\/wp-json\/wp\/v2\/tags?post=583679"}],"curies":[{"name":"wp","href":"https:\/\/api.w.org\/{rel}","templated":true}]}}