{"id":583681,"date":"2025-12-07T06:42:12","date_gmt":"2025-12-07T06:42:12","guid":{"rendered":"https:\/\/www.europesays.com\/fr\/583681\/"},"modified":"2025-12-07T06:42:12","modified_gmt":"2025-12-07T06:42:12","slug":"a-cahors-les-eleves-de-saint-etienne-preparent-un-spectacle-artistique-geant","status":"publish","type":"post","link":"https:\/\/www.europesays.com\/fr\/583681\/","title":{"rendered":"A Cahors, les \u00e9l\u00e8ves de Saint \u00c9tienne pr\u00e9parent un spectacle artistique g\u00e9ant"},"content":{"rendered":"<p>                    Par<br \/>\n        <strong><br \/>\n            <a href=\"https:\/\/actu.fr\/auteur\/jeanclaude\" title=\"Consulter tous les articles de Jean-Claude Bonnem\u00e8re\" target=\"_blank\" rel=\"noopener\">Jean-Claude Bonnem\u00e8re<\/a><br \/>\n                    <\/strong><\/p>\n<p>        Publi\u00e9 le<\/p>\n<p>            7 d\u00e9c. 2025 \u00e0 7h17        <\/p>\n<p data-end=\"932\">Depuis plus d\u2019un mois, l\u2019E<b>nsemble scolaire Saint \u00c9tienne<\/b> vit au rythme des r\u00e9p\u00e9titions. Coll\u00e9giens, lyc\u00e9ens et adultes mettent en commun leurs talents pour fa\u00e7onner une <b>c\u00e9l\u00e9bration de No\u00ebl<\/b> qui promet d\u2019\u00eatre particuli\u00e8rement vibrante. Chorale, danse, chants et instruments : un v\u00e9ritable travail artistique collectif se d\u00e9ploie pour offrir un moment fort, empreint d\u2019\u00e9motion et d\u2019unit\u00e9.<\/p>\n<p>Une chorale de 80 \u00e9l\u00e8ves, musiciens et danseurs<\/p>\n<p class=\" wall-content\">Les \u00e9l\u00e8ves de l\u2019ensemble scolaire St Etienne sont \u00e0 l\u2019\u0153uvre pour mettre leurs talents artistiques au service d\u2019une c\u00e9l\u00e9bration de No\u00ebl qui s\u2019annonce haute en couleurs. Cette c\u00e9l\u00e9bration est pilot\u00e9e par Jos\u00e9phine Gouasdon, animatrice en pastorale de l\u2019Ensemble scolaire Saint Etienne.<\/p>\n<p class=\" wall-content\">Les artistes du coll\u00e8ge et du lyc\u00e9e St Etienne\u00a0travaillent en effet, \u00e0 marier danse et chants, afin de composer\u00a0une c\u00e9l\u00e9bration inspirante, qui saura toucher toutes les\u00a0g\u00e9n\u00e9rations.<\/p>\n<p class=\" wall-content\">Cerise sur le g\u00e2teau, une chorale constitu\u00e9e d\u2019adultes et de\u00a0plus jeunes s\u2019\u00e9vertue depuis plusieurs semaines \u00e0\u00a0interpr\u00e9ter un hymne en Anglais. Une chorale de 80 \u00e9l\u00e8ves\u00a0de 6e apportera sa contribution, sans compter des\u00a0instrumentistes, des danseurs\u2026<\/p>\n<p>Vid\u00e9os : en ce moment sur Actu<\/p>\n<p class=\" wall-content\">Venez donc profiter de ce temps fort unique, qui fera vibrer cet \u00e9crin mill\u00e9naire qu\u2019est la Cath\u00e9drale de Cahors.<\/p>\n<p>Le vendredi 19 d\u00e9cembre \u00e0 10h \u00e0 Cahors<\/p>\n<p class=\" wall-content\">Avec une chorale interg\u00e9n\u00e9rationnelle, 80 \u00e9l\u00e8ves de 6\u1d49, des instrumentistes et des danseurs, cette c\u00e9l\u00e9bration s\u2019annonce comme un \u00e9v\u00e9nement rare dans le cadre majestueux de la cath\u00e9drale de Cahors. Un rendez-vous \u00e0 ne pas manquer le vendredi 19 d\u00e9cembre \u00e0 10h, pour partager un temps de f\u00eate, de beaut\u00e9 et de rassemblement.<\/p>\n<p class=\" wall-content\">Personnalisez votre actualit\u00e9 en ajoutant vos villes et m\u00e9dias en favori avec <a href=\"https:\/\/moncompte.actu.fr\" title=\"D\u00e9couvez Mon Actu\" rel=\"nofollow noopener\" data-trk=\"{&quot;cta&quot;:{&quot;action&quot;:&quot;https:\\\/\\\/moncompte.actu.fr&quot;,&quot;category&quot;:&quot;mon compte&quot;,&quot;from&quot;:&quot;article footer&quot;,&quot;name&quot;:&quot;Mon actu&quot;,&quot;type&quot;:&quot;cta&quot;}}\" target=\"_blank\">Mon Actu<\/a>.<\/p>\n","protected":false},"excerpt":{"rendered":"Par Jean-Claude Bonnem\u00e8re Publi\u00e9 le 7 d\u00e9c. 2025 \u00e0 7h17 Depuis plus d\u2019un mois, l\u2019Ensemble scolaire Saint \u00c9tienne&hellip;\n","protected":false},"author":2,"featured_media":583682,"comment_status":"","ping_status":"","sticky":false,"template":"","format":"standard","meta":{"footnotes":""},"categories":[9653],"tags":[1111,11,2430,1777,674,1011,27,1757,25167,12,15830,25,4001,853],"class_list":{"0":"post-583681","1":"post","2":"type-post","3":"status-publish","4":"format-standard","5":"has-post-thumbnail","7":"category-saint-etienne","8":"tag-actu","9":"tag-actualites","10":"tag-auvergne-rhone-alpes","11":"tag-eu","12":"tag-europe","13":"tag-fr","14":"tag-france","15":"tag-insolite","16":"tag-le-lot","17":"tag-news","18":"tag-noel","19":"tag-republique-francaise","20":"tag-saint-etienne","21":"tag-spectacles"},"share_on_mastodon":{"url":"https:\/\/pubeurope.com\/@fr\/115676927978364647","error":""},"_links":{"self":[{"href":"https:\/\/www.europesays.com\/fr\/wp-json\/wp\/v2\/posts\/583681","targetHints":{"allow":["GET"]}}],"collection":[{"href":"https:\/\/www.europesays.com\/fr\/wp-json\/wp\/v2\/posts"}],"about":[{"href":"https:\/\/www.europesays.com\/fr\/wp-json\/wp\/v2\/types\/post"}],"author":[{"embeddable":true,"href":"https:\/\/www.europesays.com\/fr\/wp-json\/wp\/v2\/users\/2"}],"replies":[{"embeddable":true,"href":"https:\/\/www.europesays.com\/fr\/wp-json\/wp\/v2\/comments?post=583681"}],"version-history":[{"count":0,"href":"https:\/\/www.europesays.com\/fr\/wp-json\/wp\/v2\/posts\/583681\/revisions"}],"wp:featuredmedia":[{"embeddable":true,"href":"https:\/\/www.europesays.com\/fr\/wp-json\/wp\/v2\/media\/583682"}],"wp:attachment":[{"href":"https:\/\/www.europesays.com\/fr\/wp-json\/wp\/v2\/media?parent=583681"}],"wp:term":[{"taxonomy":"category","embeddable":true,"href":"https:\/\/www.europesays.com\/fr\/wp-json\/wp\/v2\/categories?post=583681"},{"taxonomy":"post_tag","embeddable":true,"href":"https:\/\/www.europesays.com\/fr\/wp-json\/wp\/v2\/tags?post=583681"}],"curies":[{"name":"wp","href":"https:\/\/api.w.org\/{rel}","templated":true}]}}