{"id":583683,"date":"2025-12-07T06:44:20","date_gmt":"2025-12-07T06:44:20","guid":{"rendered":"https:\/\/www.europesays.com\/fr\/583683\/"},"modified":"2025-12-07T06:44:20","modified_gmt":"2025-12-07T06:44:20","slug":"un-univers-marin-pour-lhiver-2025-2026","status":"publish","type":"post","link":"https:\/\/www.europesays.com\/fr\/583683\/","title":{"rendered":"Un univers marin pour l\u2019hiver 2025-2026"},"content":{"rendered":"<p class=\"insetTitle\">Des salles pour les enfants, les adolescents et\u2026 les \u00ab\u00a0\u00e9ternels ados\u00a0\u00bb<\/p>\n<p>Les ados et enfants ne devraient pas trop rechigner \u00e0 descendre l\u2019escalier situ\u00e9 pr\u00e8s de la chapelle. En sous-sol, les attendent, pr\u00e8s du salon de th\u00e9, et de l\u2019espace o\u00f9 sont pr\u00e9sent\u00e9es les d\u00e9corations participatives, deux espaces.<\/p>\n<p><a href=\"https:\/\/www.estrepublicain.fr\/culture-loisirs\/2024\/12\/29\/ateliers-pour-les-enfants-et-salon-de-the-pour-tous-au-chateau-de-luneville-cet-hiver\" target=\"_blank\" rel=\"noopener\">Un pour les plus jeunes o\u00f9, d\u00e9j\u00e0 l\u2019an pass\u00e9, apr\u00e8s avoir descendu un second escalier, ils avaient pu venir \u00e9couter des contes, dessiner,\u00a0etc\u2026<\/a> Pour cette seconde \u00e9dition d\u2019Un hiver au ch\u00e2teau, ils pourront toujours y \u00e9couter, casque audio sur la t\u00eate, des contes traditionnels enregistr\u00e9s par l\u2019\u00e9quipe de m\u00e9diation, participer \u00e0 des ateliers cr\u00e9atifs en acc\u00e8s libre, mais aussi s\u2019assoir sur un tr\u00f4ne pour des photos souvenirs, et admirer un mini-mapping, Fen\u00eatres sur cour \u00a0\u00e0 d\u00e9couvrir, pendant une dizaine de minutes, toujours casque sur la t\u00eate, dans une des alc\u00f4ves de la salle du puits. Il s\u2019agit d\u2019une cr\u00e9ation du <a href=\"https:\/\/www.estrepublicain.fr\/culture-loisirs\/2024\/10\/16\/christophe-morocz-a-la-tete-d-un-spectacle-evenement-du-menil-saint-michel\" target=\"_blank\" rel=\"noopener\">compositeur lun\u00e9villois Christophe Morocz<\/a>.<\/p>\n<p>Du r\u00e9tro-gaming de style n\u00e9o-Renaissance<\/p>\n<p>En cet hiver 2025-2026, c\u2019est ambiance gaming au ch\u00e2teau puisque pour la premi\u00e8re fois, les ados vont pouvoir partager des moments ludiques lors de cette visite avec leurs parents ou grands-parents en s\u2019installant devant des\u2026 consoles de jeux vid\u00e9o, pour du r\u00e9tro gaming des ann\u00e9es 80-90.<\/p>\n<p>Mais ch\u00e2teau oblige, l\u2019ambiance sera dans un style n\u00e9o-Renaissance pour s\u2019harmoniser avec les pierres ancestrales du lieu. Le ch\u00e2teau a fait appel \u00e0 <a href=\"https:\/\/www.estrepublicain.fr\/le-mag\/2017\/06\/18\/le-grand-jeu\" target=\"_blank\" rel=\"noopener\">une compagnie nanc\u00e9ienne, La Mince Affaire<\/a> qui a recycl\u00e9 des tables de style Henri II en bornes de jeux vid\u00e9o.<\/p>\n<p>Elles accueillent \u00ab\u00a0des jeux tomb\u00e9s dans le domaine public, accessibles \u00e0 tous d\u00e8s 6-7 ans\u00a0\u00bb, pr\u00e9cise Jean-Charles Masson, charg\u00e9 de programmation au domaine d\u00e9partemental du ch\u00e2teau de Lun\u00e9ville.<\/p>\n<p class=\"insetSignature\">C.C.<\/p>\n","protected":false},"excerpt":{"rendered":"Des salles pour les enfants, les adolescents et\u2026 les \u00ab\u00a0\u00e9ternels ados\u00a0\u00bb Les ados et enfants ne devraient pas&hellip;\n","protected":false},"author":2,"featured_media":583684,"comment_status":"","ping_status":"","sticky":false,"template":"","format":"standard","meta":{"footnotes":""},"categories":[9635],"tags":[1111,11,1687,1707,1777,674,1011,27,775,10634,19678,1702,12,25],"class_list":{"0":"post-583683","1":"post","2":"type-post","3":"status-publish","4":"format-standard","5":"has-post-thumbnail","7":"category-nancy","8":"tag-actu","9":"tag-actualites","10":"tag-culture-loisirs","11":"tag-edition-luneville","12":"tag-eu","13":"tag-europe","14":"tag-fr","15":"tag-france","16":"tag-grand-est","17":"tag-luneville","18":"tag-luneville-ville-54a","19":"tag-nancy","20":"tag-news","21":"tag-republique-francaise"},"share_on_mastodon":{"url":"https:\/\/pubeurope.com\/@fr\/115676935962598927","error":""},"_links":{"self":[{"href":"https:\/\/www.europesays.com\/fr\/wp-json\/wp\/v2\/posts\/583683","targetHints":{"allow":["GET"]}}],"collection":[{"href":"https:\/\/www.europesays.com\/fr\/wp-json\/wp\/v2\/posts"}],"about":[{"href":"https:\/\/www.europesays.com\/fr\/wp-json\/wp\/v2\/types\/post"}],"author":[{"embeddable":true,"href":"https:\/\/www.europesays.com\/fr\/wp-json\/wp\/v2\/users\/2"}],"replies":[{"embeddable":true,"href":"https:\/\/www.europesays.com\/fr\/wp-json\/wp\/v2\/comments?post=583683"}],"version-history":[{"count":0,"href":"https:\/\/www.europesays.com\/fr\/wp-json\/wp\/v2\/posts\/583683\/revisions"}],"wp:featuredmedia":[{"embeddable":true,"href":"https:\/\/www.europesays.com\/fr\/wp-json\/wp\/v2\/media\/583684"}],"wp:attachment":[{"href":"https:\/\/www.europesays.com\/fr\/wp-json\/wp\/v2\/media?parent=583683"}],"wp:term":[{"taxonomy":"category","embeddable":true,"href":"https:\/\/www.europesays.com\/fr\/wp-json\/wp\/v2\/categories?post=583683"},{"taxonomy":"post_tag","embeddable":true,"href":"https:\/\/www.europesays.com\/fr\/wp-json\/wp\/v2\/tags?post=583683"}],"curies":[{"name":"wp","href":"https:\/\/api.w.org\/{rel}","templated":true}]}}