{"id":583687,"date":"2025-12-07T06:46:14","date_gmt":"2025-12-07T06:46:14","guid":{"rendered":"https:\/\/www.europesays.com\/fr\/583687\/"},"modified":"2025-12-07T06:46:14","modified_gmt":"2025-12-07T06:46:14","slug":"ce-dimanche-le-rct-poursuit-sa-saga-europeenne-en-ecosse","status":"publish","type":"post","link":"https:\/\/www.europesays.com\/fr\/583687\/","title":{"rendered":"ce dimanche, le RCT poursuit sa saga europ\u00e9enne en \u00c9cosse"},"content":{"rendered":"<p class=\"fs-5 \">Lorsqu\u2019on cause de coupe d\u2019Europe au pied du Faron, les supporters ont toujours un peu des \u00e9toiles dans les yeux. La g\u00e9n\u00e9ration des \u00ab Galactiques \u00bb de Toulon a laiss\u00e9 une trace (1) et le club vit, quoi qu\u2019on en dise, avec cet h\u00e9ritage. La constellation jaune qui orne le logo au muguet en est une image.<\/p>\n<p class=\"fs-5 \">Or, le tandem Bernard Lemaitre &#8211; Pierre Mignoni l\u2019a souvent r\u00e9p\u00e9t\u00e9 : ce groupe toulonnais doit aussi \u00e9crire sa propre histoire. Il y a deux ans, pour la premi\u00e8re Champions Cup d\u2019une nouvelle \u00e8re, le tome inaugural avait \u00e9t\u00e9 un navet. Battu quatre fois de suite en poule, le RCT subissait les foudres de la critique.<\/p>\n<p>                                                                                Les enseignements d\u2019un quart&#8230;<\/p>\n<p class=\"fs-5 \">Une gifle presque compens\u00e9e par le deuxi\u00e8me \u00e9pisode, la saison suivante. Plus convaincants, les Rouge et Noir avaient tir\u00e9 \u00e0 la ligne jusqu\u2019en quart de finale\u2026 Avant d\u2019\u00eatre \u00e9limin\u00e9s au terme d\u2019un cruel sc\u00e9nario, contre Toulouse.<\/p>\n<p class=\"fs-5 \">\u00ab Je suis s\u00fbr que c\u2019\u00e9tait un match de progr\u00e8s. Notre \u00e9quipe a besoin de passer par des d\u00e9faites comme celles-l\u00e0, analysait le coach varois en conf\u00e9rence de presse, vendredi. Quand tu perds, c\u2019est difficile de dire aux joueurs qu\u2019il faut apprendre. Eux ne voient qu\u2019un truc, c\u2019est la finalit\u00e9, le fait que tu as perdu le quart de finale. Mais si tu l\u2019as perdu, ce n\u2019est pas qu\u2019\u00e0 cause d\u2019une p\u00e9nalit\u00e9 \u00e0 la fin. C\u2019est qu\u2019il a aussi manqu\u00e9 des choses. C\u2019est de \u00e7a qu\u2019on a essay\u00e9 de se servir. Et on s\u2019en sert aujourd\u2019hui encore, sur ce type de match. \u00bb<\/p>\n<p class=\"fs-5 \">Par \u00ab ce type de match \u00bb, Pierre Mignoni entend \u00ab le tr\u00e8s haut niveau \u00bb. Celui qui \u00ab se rapproche du niveau international \u00bb. Car, d\u00e8s ce dimanche, le RCT ajoutera un nouveau titre \u00e0 sa saga \u00ab coupe d\u2019Europe \u00bb. \u00ab C\u2019est toujours excitant de jouer la Champions Cup\u2026 Surtout \u00e0 Toulon, o\u00f9 l\u2019on a un historique tr\u00e8s fort \u00bb, poursuivait l\u2019homme fort du club au muguet.<\/p>\n<p class=\"fs-5 \">Cette ann\u00e9e, l\u2019histoire d\u00e9bute dans le froid d\u2019\u00c9dimbourg, en \u00c9cosse, avec Murrayfield en toile de fond et le Hive Stadium en sc\u00e8ne principale. Ben White, demi de m\u00eal\u00e9e \u00e9cossais du RCT, pr\u00e9sente l\u2019antagoniste : \u00ab Edimbourg est une \u00e9quipe costaude. Elle aime le combat, les t\u00e2ches difficiles, et a plusieurs joueurs de la s\u00e9lection d\u2019\u00c9cosse. Elle n\u2019est peut-\u00eatre que dixi\u00e8me du classement d\u2019United Rugby Championship (sur seize \u00e9quipes), mais c\u2019\u00e9tait tr\u00e8s serr\u00e9 sur leurs trois d\u00e9faites. On aura besoin de mettre \u00e9norm\u00e9ment d\u2019\u00e9nergie et d\u2019impact. \u00bb<\/p>\n<p class=\"fs-5 \">Pierre Mignoni approuve : \u00ab Ils jouent sur une surface synth\u00e9tique et mettent beaucoup de pression sur l\u2019adversaire. Ils ne te laissent pas trop d\u2019oxyg\u00e8ne pour faire ton jeu. \u00bb<\/p>\n<p>                                                                                \u00ab Le moment \u00bb des cadres<\/p>\n<p class=\"fs-5 \">Heureusement, le technicien sent ses hommes \u00ab bien plus pr\u00eats qu\u2019il y a deux ans \u00bb. Pour r\u00e9aliser, dans la continuit\u00e9 de l\u2019ann\u00e9e pass\u00e9e, un parcours europ\u00e9en digne du grand Toulon ? \u00ab L\u2019objectif est de faire du mieux possible \u00bb, coupe Mignoni, \u00e9vasif sur les ambitions concr\u00e8tes du club en Champions Cup.<\/p>\n<p class=\"fs-5 \">Elles n\u2019en demeurent pas moins \u00e9lev\u00e9es : \u00ab Bien s\u00fbr qu\u2019on voudrait finir premiers (du groupe). Mais on conna\u00eet notre poule. [&#8230;] On est revenu en Champions Cup sur la pointe des pieds. Le club ne la jouait plus depuis des ann\u00e9es. Il y a deux ans, on n\u2019avait pas \u00e9t\u00e9 au niveau. Et l\u2019ann\u00e9e derni\u00e8re, on s\u2019est qualifi\u00e9. [&#8230;] On va voir cette saison. C\u2019est un format court (quatre matchs de poule, Ndlr), o\u00f9 tu ne peux pas trop te planter. Sinon, tu ne recevras pas en phase finale. Les choses sont claires. \u00bb<\/p>\n<p class=\"fs-5 \">Et l\u2019aventure pr\u00eate \u00e0 \u00eatre lanc\u00e9e. Alors, aux cadres toulonnais de performer. Pierre Mignoni l\u2019a assur\u00e9 : \u00ab C\u2019est leur moment. \u00bb Le moment de commencer \u00e0 \u00e9crire un chapitre dont on se rappellera.<\/p>\n<p class=\"fs-5 \">1. Avec trois troph\u00e9es europ\u00e9ens remport\u00e9s (2013, 2014 et 2015).<\/p>\n<p>                                                                                Mignoni analyse la poule<\/p>\n<p class=\"fs-5 \">Interrog\u00e9 sur les confrontations \u00e0 venir en Champions Cup, Pierre Mignoni a soulign\u00e9 la qualit\u00e9 des diverses oppositions : \u00ab \u00c9dimbourg est une \u00e9quipe difficile \u00e0 jouer. Elle est toujours tr\u00e8s accrocheuse. Apr\u00e8s, on a Bath, qui est actuellement la meilleure formation du championnat anglais. Pour moi, c\u2019est la plus fran\u00e7aise des \u00e9quipes anglaises, avec un jeu extr\u00eamement physique. Puis, il y a le Munster\u2026 Est-ce que je dois pr\u00e9senter le Munster ? Il y a deux ans, on avait perdu chez nous contre eux, avec un match difficile. On n\u2019\u00e9tait pas au niveau. Ces trois premiers matchs vont nous permettre de voir o\u00f9 on en est. \u00bb<\/p>\n<p class=\"fs-5 \">Pour cl\u00f4turer la phase de groupes, le RCT se d\u00e9placera enfin chez les Anglais de Gloucester, actuels avant-derniers de Premiership. Un match s\u00fbrement un peu plus abordable, m\u00eame si, d\u2019ici l\u00e0 (17 janvier), les dynamiques auront eu le temps de changer.<\/p>\n<p>        <img src=\"https:\/\/www.europesays.com\/fr\/wp-content\/uploads\/2025\/12\/d498d70_upload-1-kv0l6tko3ony-image-svatouxxq101-fm-juan-ignacio-brex-rct-pau-04102025-1.jpg\"   loading=\"lazy\" decoding=\"async\" alt=\"Arriv\u00e9 cette saison, \u00ab\u2005Nacho\u2005\u00bb fait partie des cadres de retour de s\u00e9lection qui devront accompagner le jeune J\u00e9r\u00e9my Toevalu pour sa premi\u00e8re. \" class=\"img-fluid position-absolute w-100 object-fit-cover rounded-2\" width=\"600\" height=\"400\"\/><\/p>\n","protected":false},"excerpt":{"rendered":"Lorsqu\u2019on cause de coupe d\u2019Europe au pied du Faron, les supporters ont toujours un peu des \u00e9toiles dans&hellip;\n","protected":false},"author":2,"featured_media":583688,"comment_status":"","ping_status":"","sticky":false,"template":"","format":"standard","meta":{"footnotes":""},"categories":[9619],"tags":[1111,11,1777,674,1011,27,12,882,3461,25,2310],"class_list":{"0":"post-583687","1":"post","2":"type-post","3":"status-publish","4":"format-standard","5":"has-post-thumbnail","7":"category-toulon","8":"tag-actu","9":"tag-actualites","10":"tag-eu","11":"tag-europe","12":"tag-fr","13":"tag-france","14":"tag-news","15":"tag-provence-alpes-cote-dazur","16":"tag-rct","17":"tag-republique-francaise","18":"tag-toulon"},"share_on_mastodon":{"url":"https:\/\/pubeurope.com\/@fr\/115676944584313375","error":""},"_links":{"self":[{"href":"https:\/\/www.europesays.com\/fr\/wp-json\/wp\/v2\/posts\/583687","targetHints":{"allow":["GET"]}}],"collection":[{"href":"https:\/\/www.europesays.com\/fr\/wp-json\/wp\/v2\/posts"}],"about":[{"href":"https:\/\/www.europesays.com\/fr\/wp-json\/wp\/v2\/types\/post"}],"author":[{"embeddable":true,"href":"https:\/\/www.europesays.com\/fr\/wp-json\/wp\/v2\/users\/2"}],"replies":[{"embeddable":true,"href":"https:\/\/www.europesays.com\/fr\/wp-json\/wp\/v2\/comments?post=583687"}],"version-history":[{"count":0,"href":"https:\/\/www.europesays.com\/fr\/wp-json\/wp\/v2\/posts\/583687\/revisions"}],"wp:featuredmedia":[{"embeddable":true,"href":"https:\/\/www.europesays.com\/fr\/wp-json\/wp\/v2\/media\/583688"}],"wp:attachment":[{"href":"https:\/\/www.europesays.com\/fr\/wp-json\/wp\/v2\/media?parent=583687"}],"wp:term":[{"taxonomy":"category","embeddable":true,"href":"https:\/\/www.europesays.com\/fr\/wp-json\/wp\/v2\/categories?post=583687"},{"taxonomy":"post_tag","embeddable":true,"href":"https:\/\/www.europesays.com\/fr\/wp-json\/wp\/v2\/tags?post=583687"}],"curies":[{"name":"wp","href":"https:\/\/api.w.org\/{rel}","templated":true}]}}