{"id":583691,"date":"2025-12-07T06:48:13","date_gmt":"2025-12-07T06:48:13","guid":{"rendered":"https:\/\/www.europesays.com\/fr\/583691\/"},"modified":"2025-12-07T06:48:13","modified_gmt":"2025-12-07T06:48:13","slug":"un-cheque-de-pres-de-14-000-e-remis-a-linstitut-du-cancer-de-montpellier","status":"publish","type":"post","link":"https:\/\/www.europesays.com\/fr\/583691\/","title":{"rendered":"Un ch\u00e8que de pr\u00e8s de 14 000 \u20ac remis \u00e0 l\u2019Institut du cancer de Montpellier"},"content":{"rendered":"<p>Chaque ann\u00e9e le mois d\u2019octobre est marqu\u00e9 par la campagne Octobre Rose, d\u00e9di\u00e9e \u00e0 la sensibilisation du cancer du sein. Pour cette troisi\u00e8me \u00e9dition, la municipalit\u00e9 s\u2019est \u00e0 nouveau engag\u00e9e aux c\u00f4t\u00e9s de l\u2019Institut du cancer du sein de Montpellier (ICM). Dans ce cadre le Boulidou s\u2019est par\u00e9 de rose afin de soutenir les femmes atteintes du cancer du sein et sensibiliser la population sur le d\u00e9pistage avec un symbole : le parapluie rose.<\/p>\n<p><b>Une recette qui a doubl\u00e9<\/b><\/p>\n<p>En effet, si le cancer du sein peut survenir \u00e0 tout \u00e2ge, il touche plus fr\u00e9quemment les femmes apr\u00e8s la m\u00e9nopause. C\u2019est dans cette optique que les autorit\u00e9s sanitaires en France proposent \u00e0 toutes les femmes entre 50 et 74 ans ne pr\u00e9sentant pas de sympt\u00f4mes ou d\u2019ant\u00e9c\u00e9dents familiaux du cancer du sein ou de l\u2019ovaire de se faire d\u00e9pister tous les 2 ans dans un centre de radiologie agr\u00e9\u00e9 dont l\u2019ICM fait partie.<\/p>\n<p>Lundi 1er d\u00e9cembre \u00e0 17 h 30 dans la salle du Conseil, J\u00e9r\u00f4me Pouget, maire, s\u2019est r\u00e9joui de la mobilisation de toute la commune et, avec une immense fiert\u00e9, il a remis un ch\u00e8que de 13 560 \u20ac (7 000 \u20ac en 2024), somme collect\u00e9e lors des manifestations d\u2019Octobre Rose, aux responsables des donateurs et lib\u00e9ralit\u00e9s de L\u2019Institut du cancer de Montpellier, qui \u0153uvre sans rel\u00e2che dans la lutte du cancer du Sein.<\/p>\n<p>Correspondant Midi Libre : 06 27 02 26 04<\/p>\n","protected":false},"excerpt":{"rendered":"Chaque ann\u00e9e le mois d\u2019octobre est marqu\u00e9 par la campagne Octobre Rose, d\u00e9di\u00e9e \u00e0 la sensibilisation du cancer&hellip;\n","protected":false},"author":2,"featured_media":583692,"comment_status":"","ping_status":"","sticky":false,"template":"","format":"standard","meta":{"footnotes":""},"categories":[9599],"tags":[1111,11,1777,674,1011,27,7089,2208,12,2680,25,69709,801,1857],"class_list":{"0":"post-583691","1":"post","2":"type-post","3":"status-publish","4":"format-standard","5":"has-post-thumbnail","7":"category-montpellier","8":"tag-actu","9":"tag-actualites","10":"tag-eu","11":"tag-europe","12":"tag-fr","13":"tag-france","14":"tag-herault","15":"tag-montpellier","16":"tag-news","17":"tag-occitanie","18":"tag-republique-francaise","19":"tag-saintclementderiviere","20":"tag-social","21":"tag-sociu00e9tu00e9"},"share_on_mastodon":{"url":"https:\/\/pubeurope.com\/@fr\/115676951579972951","error":""},"_links":{"self":[{"href":"https:\/\/www.europesays.com\/fr\/wp-json\/wp\/v2\/posts\/583691","targetHints":{"allow":["GET"]}}],"collection":[{"href":"https:\/\/www.europesays.com\/fr\/wp-json\/wp\/v2\/posts"}],"about":[{"href":"https:\/\/www.europesays.com\/fr\/wp-json\/wp\/v2\/types\/post"}],"author":[{"embeddable":true,"href":"https:\/\/www.europesays.com\/fr\/wp-json\/wp\/v2\/users\/2"}],"replies":[{"embeddable":true,"href":"https:\/\/www.europesays.com\/fr\/wp-json\/wp\/v2\/comments?post=583691"}],"version-history":[{"count":0,"href":"https:\/\/www.europesays.com\/fr\/wp-json\/wp\/v2\/posts\/583691\/revisions"}],"wp:featuredmedia":[{"embeddable":true,"href":"https:\/\/www.europesays.com\/fr\/wp-json\/wp\/v2\/media\/583692"}],"wp:attachment":[{"href":"https:\/\/www.europesays.com\/fr\/wp-json\/wp\/v2\/media?parent=583691"}],"wp:term":[{"taxonomy":"category","embeddable":true,"href":"https:\/\/www.europesays.com\/fr\/wp-json\/wp\/v2\/categories?post=583691"},{"taxonomy":"post_tag","embeddable":true,"href":"https:\/\/www.europesays.com\/fr\/wp-json\/wp\/v2\/tags?post=583691"}],"curies":[{"name":"wp","href":"https:\/\/api.w.org\/{rel}","templated":true}]}}