{"id":583695,"date":"2025-12-07T06:51:12","date_gmt":"2025-12-07T06:51:12","guid":{"rendered":"https:\/\/www.europesays.com\/fr\/583695\/"},"modified":"2025-12-07T06:51:12","modified_gmt":"2025-12-07T06:51:12","slug":"pourquoi-y-a-t-il-des-falaises-a-rouen-et-autour-des-boucles-de-la-seine-cest-une-histoire-fascinante","status":"publish","type":"post","link":"https:\/\/www.europesays.com\/fr\/583695\/","title":{"rendered":"Pourquoi y a-t-il des falaises \u00e0 Rouen et autour des boucles de la Seine ? \u00ab\u00a0C&rsquo;est une histoire fascinante ! \u00bb"},"content":{"rendered":"<p>                    Par<br \/>\n        <strong><br \/>\n            <a href=\"https:\/\/actu.fr\/auteur\/jessie-leclerc\" title=\"Consulter tous les articles de Jessie Leclerc\" target=\"_blank\" rel=\"noopener\">Jessie Leclerc<\/a><br \/>\n                    <\/strong><\/p>\n<p>        Publi\u00e9 le<\/p>\n<p>            7 d\u00e9c. 2025 \u00e0 7h24        <\/p>\n<p>La <strong>Seine-Maritime<\/strong> est connue pour son palais de <a href=\"https:\/\/actu.fr\/normandie\/fecamp_76259\/apres-jeremstar-a-halloween-combien-ca-coute-une-soiree-au-palais-benedictine-de-fecamp_63398774.html\" target=\"_blank\" rel=\"noopener\">la B\u00e9n\u00e9dictine<\/a>, ses longs chemins de randonn\u00e9e, son c\u0153ur de Neufch\u00e2tel coulant, ses plages de galets gris\u2026 Et<strong> ses imposantes falaises<\/strong>\u2009! Si on pense spontan\u00e9ment au pic d\u2019\u00c9tretat bond\u00e9 de touristes, les falaises ne se limitent pas au littoral. On en trouve aussi\u2026 dans l\u2019agglom\u00e9ration<strong> de Rouen<\/strong>\u2009! Mais pourquoi jusque-l\u00e0\u2009? Comment ces falaises sont-elles apparues\u2009? C\u2019est<a href=\"https:\/\/actu.fr\/insolite\/la-question-pas-si-bete-a-quoi-ressemblait-la-seine-maritime-il-y-a-2000-ans_62998239.html\" target=\"_blank\" rel=\"noopener\"> la question pas si b\u00eate<\/a> de la semaine.<\/p>\n<p class=\" wall-content\">Et selon Aur\u00e9lie Lasnier, charg\u00e9e de mission paysage au Parc naturel r\u00e9gional des Boucles de la Seine Normande depuis 2008, \u00ab\u2009c\u2019est <strong>une histoire fascinante<\/strong> qui se joue sur des <strong>millions d\u2019ann\u00e9es<\/strong>\u2009\u00bb. Elle nous raconte.<\/p>\n<p>De l\u2019eau, des tremblements, du froid\u2026 Une longue histoire\u2009!<\/p>\n<p class=\" wall-content\">Tout commence <strong>300\u00a0millions d\u2019ann\u00e9es avant J\u00e9sus-Christ<\/strong>. Il y a donc tr\u00e8s tr\u00e8s longtemps\u2009! Des centaines de millions d\u2019ann\u00e9es avant m\u00eame l\u2019arriv\u00e9e de la vie humaine sur notre plan\u00e8te. Mais \u00e0 l\u2019\u00e9chelle de la vie de la Terre, qui a 4,5\u00a0milliards d\u2019ann\u00e9es, c\u2019est finalement plut\u00f4t r\u00e9cent.<\/p>\n<p class=\" wall-content\">C\u2019est \u00e0 cette p\u00e9riode que se forme le <strong>bassin parisien<\/strong> qui n\u2019est alors qu\u2019une grande cuvette. Peu \u00e0 peu, et jusqu\u2019\u00e0 -66\u00a0millions d\u2019ann\u00e9es,<strong> la mer<\/strong> avance et vient <strong>remplir cette cuvette<\/strong>. Pendant des dizaines de millions d\u2019ann\u00e9es, <a href=\"https:\/\/actu.fr\/normandie\/rouen_76540\/hippocampe-orque-petit-requin-ces-animaux-etonnants-deja-retrouves-dans-la-seine_61301620.html\" target=\"_blank\" rel=\"noopener\">animaux marins<\/a> morts, boue et v\u00e9g\u00e9taux s\u2019accumulent, se compactent et se transforment avec la pression pour constituer une \u00e9paisse couche de calcaire. Jusque-l\u00e0, rien de bien glamour.<\/p>\n<p class=\" wall-content\">Lorsque la mer se retire, entre -66\u00a0millions et -2,6\u00a0millions d\u2019ann\u00e9es, elle <strong>d\u00e9voile une roche calcaire<\/strong> \u00e0 l\u2019air libre. Cette roche se recouvre peu \u00e0 peu de prairies et <a href=\"https:\/\/actu.fr\/normandie\/darnetal_76212\/le-retour-a-la-pratique-ancestrale-du-debardage-a-cheval_62333291.html\" target=\"_blank\" rel=\"noopener\">de for\u00eats denses<\/a>.<\/p>\n<p class=\" wall-content\">\u00c0 des milliers de kilom\u00e8tres de l\u00e0, la <strong>plaque africaine entre en mouvement<\/strong>. Elle pousse la plaque europ\u00e9enne sur laquelle se situe la France. C\u2019est alors que sortent de terre les <strong>montagnes des Pyr\u00e9n\u00e9es et des Alpes<\/strong>. Par interm\u00e9diaire, l\u2019actuelle Seine-Maritime bouge \u00e0 son tour et son niveau monte aussi.<\/p>\n<p>La Seine, sculptrice de paysages<\/p>\n<p class=\" wall-content\">Aux alentours de<strong> -3\u00a0millions d\u2019ann\u00e9es, la Seine appara\u00eet<\/strong> et s\u2019installe sur ce plateau calcaire, tr\u00e8s friable. En cherchant son point le plus bas pour rejoindre la mer, elle serpente, forme des m\u00e9andres et<strong> creuse fortement<\/strong> l\u2019ext\u00e9rieur de ses courbes.<\/p>\n<p class=\" wall-content\">\u00ab\u2009La Seine est venue chercher son \u00e9nergie l\u00e0 o\u00f9 elle coule le plus vite, donc \u00e0 l\u2019ext\u00e9rieur des virages\u2009\u00bb, explique Aur\u00e9lie Lasnier.<\/p>\n<p>Votre r\u00e9gion, votre actu !<\/p>\n<p>Recevez chaque jour les infos qui comptent pour vous.<\/p>\n<p>\t<a href=\"https:\/\/actu.fr\/newsletter\" class=\"ac-btn ac-btn--corner ac-btn--medium ac-btn--blue800\" target=\"_blank\" rel=\"noopener\">S&rsquo;incrire<\/a><\/p>\n<p class=\" wall-content\">La rive droite de Rouen se trouve pr\u00e9cis\u00e9ment sur l\u2019ext\u00e9rieur de l\u2019un de ces m\u00e9andres. L\u00e0, la Seine est venue creuser plus fortement la craie. D\u2019o\u00f9 les<strong> mont\u00e9es abruptes<\/strong> <a href=\"https:\/\/actu.fr\/normandie\/mont-saint-aignan_76451\/l-image-voici-a-quoi-ressemblera-la-nouvelle-bibliotheque-de-la-fac-de-mont-saint-aignan_63110782.html\" target=\"_blank\" rel=\"noopener\">vers Mont-Saint-Aignan<\/a>, tandis que vers la rive gauche les pentes, fa\u00e7onn\u00e9es plus lentement, sont plus douces.<\/p>\n<p class=\" wall-content\">Les p\u00e9riodes de glaciation, 2,6\u00a0millions d\u2019ann\u00e9es avant notre aire, <a href=\"https:\/\/actu.fr\/planete\/erosion-un-rapport-alarmant-en-seine-maritime-on-ne-pourra-pas-dire-qu-on-ne-savait-pas_60917898.html\" target=\"_blank\" rel=\"noopener\">accentuent encore l\u2019\u00e9rosion<\/a>. En tout, <strong>quatre p\u00e9riodes de glaciation<\/strong> puis de redoux. La Seine charg\u00e9e de blocs de glaces et de roches, entaille fortement le plateau avant de se calmer lors des \u00e9pisodes plus chauds. \u00c0 chaque cycle, elle creuse un peu plus profond\u00e9ment, par \u00e0-coups, jusque dans le Pays de Caux.<\/p>\n<p class=\" wall-content\">Et si on retrouve des falaises parfois plus \u00e9loign\u00e9es <a href=\"https:\/\/actu.fr\/normandie\/duclair_76222\/fleuve-chateau-nature-decouvrez-cette-charmante-ville-nichee-dans-une-boucle-de-la-seine-pres-de-rouen_62987632.html\" target=\"_blank\" rel=\"noopener\">de la Seine<\/a>, c\u2019est parce que le fleuve passait tr\u00e8s probablement par l\u00e0 avant. \u00ab\u2009On oublie qu\u2019elle a boug\u00e9. Parfois elle a <strong>pris d\u2019autres chemins<\/strong> et a coup\u00e9 tout droit les boucles qui devenaient trop serr\u00e9es\u2009\u00bb, pr\u00e9cise Aur\u00e9lie.<\/p>\n<p>Un patrimoine naturel et culturel<\/p>\n<p class=\" wall-content\">Selon la sp\u00e9cialiste, les falaises sont de v\u00e9ritables <strong>\u00ab\u2009livres ouverts\u2009\u00bb<\/strong> qui racontent<strong> l\u2019histoire<\/strong> <a href=\"https:\/\/actu.fr\/normandie\/rouen_76540\/video-un-universitaire-a-imagine-rouen-en-2100-face-a-la-montee-des-eaux_63392140.html\" target=\"_blank\" rel=\"noopener\">g\u00e9ologique du territoire<\/a>, mais aussi celle de ses habitants. \u00ab\u2009Le long de la Seine, les b\u00e2tisseurs ont utilis\u00e9 l\u2019argile issue de la d\u00e9composition du calcaire, tr\u00e8s pr\u00e9sente dans nos sous-sols, plut\u00f4t que de la pierre dure comme en Bretagne\u2009\u00bb, d\u00e9taille-t-elle.<\/p>\n<p class=\" wall-content\">Aujourd\u2019hui, de nombreux sites offrent <a href=\"https:\/\/actu.fr\/normandie\/bonsecours_76103\/cote-sainte-catherine-travaux-de-debroussaillage-pour-mieux-discerner-le-terrain_62333342.html\" target=\"_blank\" rel=\"noopener\">un panorama<\/a> unique sur ces parois model\u00e9es par le fleuve. Aur\u00e9lie appr\u00e9cie particuli\u00e8rement ceux de<strong>\u00a0La Bouille<\/strong> et de <strong>Varangeville-sur-Mer<\/strong>.<\/p>\n<p class=\" wall-content\">Et ces falaises sont devenues un<strong> marqueur du territoire<\/strong>. \u00ab\u2009Beaucoup de Seinomarins ont cit\u00e9 les falaises lorsque je suis all\u00e9e les interroger sur ce qui les rattache \u00e0 leur paysage\u2009\u00bb, note la paysagiste.<\/p>\n<p>Des falaises en danger\u2009?<\/p>\n<p class=\" wall-content\">\u00ab\u2009Les falaises ne sont pas en <strong>danger<\/strong>, les hommes si\u2009\u00bb, pr\u00e9vient Aur\u00e9lie. \u00ab<a href=\"https:\/\/actu.fr\/societe\/la-question-pas-si-bete-pourquoi-n-a-t-on-pas-le-droit-de-prendre-des-galets-sur-la-plage_42561403.html\" target=\"_blank\" rel=\"noopener\">\u2009L\u2019\u00e9rosion<\/a> due \u00e0 la pluie, le gel et la pousse des racines \u00e7a a toujours \u00e9t\u00e9\u2009\u00bb, ajoute-t-elle. Mais les risques apparaissent lorsque l\u2019homme a construit en haut ou en bas des parois.<\/p>\n<p class=\" wall-content\">Filets, coupes de v\u00e9g\u00e9tation ou renforcement de la roche ne font que retarder les effondrements. \u00ab\u2009On veut contr\u00f4ler les<strong> ph\u00e9nom\u00e8nes naturels<\/strong>, mais ils seront toujours l\u00e0\u2009\u00bb, conclut Aur\u00e9lie.<\/p>\n<p class=\" wall-content\">\u00c0 nous donc de nous adapter \u00e0 ces g\u00e9ants de calcaire qui \u00e9taient l\u00e0 bien avant nous.<\/p>\n<p>Suivez l\u2019actualit\u00e9 de Rouen <a href=\"https:\/\/www.whatsapp.com\/channel\/0029VaKfnf99hXF2ddApFB1D\" target=\"_blank\" rel=\"noopener\">sur notre cha\u00eene WhatsApp<\/a> et <a href=\"https:\/\/www.tiktok.com\/@76actu.fr?lang=fr\" target=\"_blank\" rel=\"noopener\">sur notre compte TikTok<\/a><\/p>\n<p class=\" wall-content\">Personnalisez votre actualit\u00e9 en ajoutant vos villes et m\u00e9dias en favori avec <a href=\"https:\/\/moncompte.actu.fr\" title=\"D\u00e9couvez Mon Actu\" rel=\"nofollow noopener\" data-trk=\"{&quot;cta&quot;:{&quot;action&quot;:&quot;https:\\\/\\\/moncompte.actu.fr&quot;,&quot;category&quot;:&quot;mon compte&quot;,&quot;from&quot;:&quot;article footer&quot;,&quot;name&quot;:&quot;Mon actu&quot;,&quot;type&quot;:&quot;cta&quot;}}\" target=\"_blank\">Mon Actu<\/a>.<\/p>\n<p>                    <script async src=\"\/\/www.tiktok.com\/embed.js\"><\/script><\/p>\n","protected":false},"excerpt":{"rendered":"Par Jessie Leclerc Publi\u00e9 le 7 d\u00e9c. 2025 \u00e0 7h24 La Seine-Maritime est connue pour son palais de&hellip;\n","protected":false},"author":2,"featured_media":583696,"comment_status":"","ping_status":"","sticky":false,"template":"","format":"standard","meta":{"footnotes":""},"categories":[9587],"tags":[1111,11,436,1777,674,1011,27,937,5353,12,5161,52,25,9590],"class_list":{"0":"post-583695","1":"post","2":"type-post","3":"status-publish","4":"format-standard","5":"has-post-thumbnail","7":"category-rouen","8":"tag-actu","9":"tag-actualites","10":"tag-environnement","11":"tag-eu","12":"tag-europe","13":"tag-fr","14":"tag-france","15":"tag-histoire","16":"tag-la-seine","17":"tag-news","18":"tag-normandie","19":"tag-planete","20":"tag-republique-francaise","21":"tag-rouen"},"share_on_mastodon":{"url":"https:\/\/pubeurope.com\/@fr\/115676963337534963","error":""},"_links":{"self":[{"href":"https:\/\/www.europesays.com\/fr\/wp-json\/wp\/v2\/posts\/583695","targetHints":{"allow":["GET"]}}],"collection":[{"href":"https:\/\/www.europesays.com\/fr\/wp-json\/wp\/v2\/posts"}],"about":[{"href":"https:\/\/www.europesays.com\/fr\/wp-json\/wp\/v2\/types\/post"}],"author":[{"embeddable":true,"href":"https:\/\/www.europesays.com\/fr\/wp-json\/wp\/v2\/users\/2"}],"replies":[{"embeddable":true,"href":"https:\/\/www.europesays.com\/fr\/wp-json\/wp\/v2\/comments?post=583695"}],"version-history":[{"count":0,"href":"https:\/\/www.europesays.com\/fr\/wp-json\/wp\/v2\/posts\/583695\/revisions"}],"wp:featuredmedia":[{"embeddable":true,"href":"https:\/\/www.europesays.com\/fr\/wp-json\/wp\/v2\/media\/583696"}],"wp:attachment":[{"href":"https:\/\/www.europesays.com\/fr\/wp-json\/wp\/v2\/media?parent=583695"}],"wp:term":[{"taxonomy":"category","embeddable":true,"href":"https:\/\/www.europesays.com\/fr\/wp-json\/wp\/v2\/categories?post=583695"},{"taxonomy":"post_tag","embeddable":true,"href":"https:\/\/www.europesays.com\/fr\/wp-json\/wp\/v2\/tags?post=583695"}],"curies":[{"name":"wp","href":"https:\/\/api.w.org\/{rel}","templated":true}]}}