{"id":583697,"date":"2025-12-07T06:54:14","date_gmt":"2025-12-07T06:54:14","guid":{"rendered":"https:\/\/www.europesays.com\/fr\/583697\/"},"modified":"2025-12-07T06:54:14","modified_gmt":"2025-12-07T06:54:14","slug":"le-marche-aux-sapins-sinstalle-a-grenoble-on-va-tomber-amoureux-dun-sapin-et-puis-on-va-le-ramener","status":"publish","type":"post","link":"https:\/\/www.europesays.com\/fr\/583697\/","title":{"rendered":"Le march\u00e9 aux sapins s&rsquo;installe \u00e0 Grenoble\u00a0: \u00ab\u00a0On va tomber amoureux d&rsquo;un sapin et puis on va le ramener\u00a0!\u00a0\u00bb"},"content":{"rendered":"<p>Avoir un sapin de No\u00ebl local \u00e0 la maison pour les f\u00eates, c&rsquo;est possible\u00a0: le traditionnel march\u00e9 aux sapins de Grenoble s&rsquo;est install\u00e9 ce samedi 6 d\u00e9cembre le long du boulevard Cl\u00e9menceau. Sept producteurs is\u00e9rois vont vendre leurs arbres tous les jours jusqu&rsquo;au 24 d\u00e9cembre.<\/p>\n<p>Des dizaines et des dizaines de sapins sont d\u00e9sormais align\u00e9s le long du boulevard Cl\u00e9menceau \u00e0 Grenoble\u00a0: sept producteurs is\u00e9rois viennent de s&rsquo;installer ce samedi 6 d\u00e9cembre pour le traditionnel march\u00e9 aux sapins. Ils seront l\u00e0 tous les jours, de 8H \u00e0 19H, jusqu&rsquo;au 24 d\u00e9cembre.<\/p>\n<p>Sept producteurs locaux<\/p>\n<p>Marin a rapidement saut\u00e9 du v\u00e9lo de ses parents car il a rep\u00e9r\u00e9 le sapin parfait. \u00ab\u00a0Je trouve qu&rsquo;il est joli, parce qu&rsquo;il est bien rond et il est bien \u00e0 la hauteur\u00a0\u00bb estime le petit gar\u00e7on. Un petit peu trop haut pour ses parents, qui s&rsquo;attendent \u00e0 rester un moment sur le march\u00e9. \u00ab\u00a0On va regarder toute l&rsquo;all\u00e9e, on va tomber amoureux d&rsquo;un sapin et on va le ramener\u00a0\u00bb sourit Juliette, \u00ab\u00a0on va essayer d&rsquo;\u00eatre tous d&rsquo;accord\u00a0\u00bb. Les crit\u00e8res, \u00ab\u00a0un peu touffu, qu&rsquo;il rentre dans l&rsquo;espace qu&rsquo;on a\u00a0\u00bb continue-t-elle. \u00ab\u00a0Un petit trapu, avec du caract\u00e8re\u00a0\u00bb s&rsquo;amuse J\u00e9r\u00f4me.<\/p>\n<p>Chaque producteur envisage de vendre environ 400 sapins sur ce march\u00e9 local. Marie est secr\u00e9taire m\u00e9dicale, elle prend des jours de cong\u00e9s sp\u00e9cialement pour aider son mari, producteur dans le Vercors, \u00e0 vendre ses arbres ici. \u00ab\u00a0C&rsquo;est 17 jours o\u00f9 je suis sur le march\u00e9, 17 jours o\u00f9 je sais que j&rsquo;apporte du sourire aux gens.\u00a0\u00bb<\/p>\n","protected":false},"excerpt":{"rendered":"Avoir un sapin de No\u00ebl local \u00e0 la maison pour les f\u00eates, c&rsquo;est possible\u00a0: le traditionnel march\u00e9 aux&hellip;\n","protected":false},"author":2,"featured_media":583698,"comment_status":"","ping_status":"","sticky":false,"template":"","format":"standard","meta":{"footnotes":""},"categories":[9566],"tags":[1111,11,2430,1777,674,1011,27,2731,12,25],"class_list":{"0":"post-583697","1":"post","2":"type-post","3":"status-publish","4":"format-standard","5":"has-post-thumbnail","7":"category-grenoble","8":"tag-actu","9":"tag-actualites","10":"tag-auvergne-rhone-alpes","11":"tag-eu","12":"tag-europe","13":"tag-fr","14":"tag-france","15":"tag-grenoble","16":"tag-news","17":"tag-republique-francaise"},"share_on_mastodon":{"url":"https:\/\/pubeurope.com\/@fr\/115676975131767985","error":""},"_links":{"self":[{"href":"https:\/\/www.europesays.com\/fr\/wp-json\/wp\/v2\/posts\/583697","targetHints":{"allow":["GET"]}}],"collection":[{"href":"https:\/\/www.europesays.com\/fr\/wp-json\/wp\/v2\/posts"}],"about":[{"href":"https:\/\/www.europesays.com\/fr\/wp-json\/wp\/v2\/types\/post"}],"author":[{"embeddable":true,"href":"https:\/\/www.europesays.com\/fr\/wp-json\/wp\/v2\/users\/2"}],"replies":[{"embeddable":true,"href":"https:\/\/www.europesays.com\/fr\/wp-json\/wp\/v2\/comments?post=583697"}],"version-history":[{"count":0,"href":"https:\/\/www.europesays.com\/fr\/wp-json\/wp\/v2\/posts\/583697\/revisions"}],"wp:featuredmedia":[{"embeddable":true,"href":"https:\/\/www.europesays.com\/fr\/wp-json\/wp\/v2\/media\/583698"}],"wp:attachment":[{"href":"https:\/\/www.europesays.com\/fr\/wp-json\/wp\/v2\/media?parent=583697"}],"wp:term":[{"taxonomy":"category","embeddable":true,"href":"https:\/\/www.europesays.com\/fr\/wp-json\/wp\/v2\/categories?post=583697"},{"taxonomy":"post_tag","embeddable":true,"href":"https:\/\/www.europesays.com\/fr\/wp-json\/wp\/v2\/tags?post=583697"}],"curies":[{"name":"wp","href":"https:\/\/api.w.org\/{rel}","templated":true}]}}