{"id":583699,"date":"2025-12-07T06:56:17","date_gmt":"2025-12-07T06:56:17","guid":{"rendered":"https:\/\/www.europesays.com\/fr\/583699\/"},"modified":"2025-12-07T06:56:17","modified_gmt":"2025-12-07T06:56:17","slug":"je-prefere-faire-jouer-ma-grand-mere-que-faire-des-cadeaux-sourit-luis-enrique-apres-la-balade-face-a-rennes","status":"publish","type":"post","link":"https:\/\/www.europesays.com\/fr\/583699\/","title":{"rendered":"\u00abJe pr\u00e9f\u00e8re faire jouer ma grand-m\u00e8re que faire des cadeaux\u00bb , sourit Luis Enrique apr\u00e8s la balade face \u00e0 Rennes"},"content":{"rendered":"<p>\n    Tr\u00e8s agac\u00e9 sur une question portant sur le forfait d\u2019Illya Zabarnyi, le coach parisien a fait le point en conf\u00e9rence de presse samedi, au Parc, apr\u00e8s le carton face \u00e0 Rennes (5-0).<\/p>\n<p class=\"fig-paragraph\"><strong>Soir\u00e9e parfaite<\/strong>\u00a0: \u00abBien s\u00fbr. \u00c7a a \u00e9t\u00e9 parfait, une soir\u00e9e presque parfaite. On est contents. On a marqu\u00e9 cinq buts, on n\u2019en a pas conc\u00e9d\u00e9. Rennes a tr\u00e8s bien jou\u00e9, ils ne m\u00e9ritent pas cet \u00e9cart mais on a \u00e9t\u00e9 tr\u00e8s efficaces. On s\u2019est cr\u00e9\u00e9 beaucoup d\u2019occasions, on a marqu\u00e9 cinq fois. C\u2019est positif, tout positif.\u00bb<\/p>\n<p class=\"fig-paragraph\"><strong>Si le forfait de derni\u00e8re minute de l\u2019Ukrainien Illya Zabarnyi est li\u00e9 \u00e0 la titularisation du Russe Matfey Safonov<\/strong>\u00a0: \u00abC\u2019est incroyable\u2026 \u00c0 chaque fois que vous posez une question, c\u2019est un peu probl\u00e9matique (dans le sens de chercher la pol\u00e9mique, NDLR). Tout le temps\u2026 Non, ce n\u2019est rien, il \u00e9tait malade, tout simplement\u2026 Il a \u00e9t\u00e9 malade les deux derniers jours. Je sais que c\u2019est plus important de chercher la pol\u00e9mique tout le temps mais en fait, rien, il est malade\u00bb.<\/p>\n<p>                                            <a class=\"fig-a11y-skip\" href=\"#fig-a11y-skip-main-inarticle\" data-module=\"a11y-skip\" data-context=\"was @visible\"><br \/>\n    Passer la publicit\u00e9<br \/>\n<\/a>            <\/p>\n<p class=\"fig-paragraph\"><strong>Les attaquants en panne ces derni\u00e8res semaines et buteurs samedi<\/strong>\u00a0: \u00abCe qui a chang\u00e9\u00a0? Rien. (tr\u00e8s \u00e9nerv\u00e9, il passe \u00e0 l\u2019espagnol) Les gens cherchent des pol\u00e9miques, c\u2019est typique chez les journalistes. Hier (vendredi en conf\u00e9rence de presse de veille de match),\u00a0<a href=\"http:\/\/www.lefigaro.fr\/sports\/football\/ligue-1\/psg-en-ce-moment-la-meilleure-equipe-c-est-clairement-lens-admet-luis-enrique-motive-par-les-difficultes-20251205\" data-fig-type=\"NewsFlash\" data-gtm-custom-categorie=\"navigation\" data-gtm-custom-action=\"crossclick\" data-gtm-custom-label=\"Contextuel\" data-gtm-event=\"customEventSPE\" data-fig-domain=\"LEFIGARO\" target=\"_blank\" rel=\"noopener\">on me questionnait sur Khvicha Kvaratskhelia<\/a> \u00a0qui n\u2019\u00e9tait pas bon en Ligue 1 a priori, compar\u00e9 \u00e0 la Ligue des champions (<a href=\"http:\/\/www.lefigaro.fr\/sports\/football\/ligue-1\/psg-rennes-le-magicien-georgien-fait-mouche-samba-et-jacquet-a-la-faute-barcola-encore-rate-coups-de-coeur-et-coups-de-griffe-20251206\" data-fig-type=\"NewsFlash\" data-gtm-custom-categorie=\"navigation\" data-gtm-custom-action=\"crossclick\" data-gtm-custom-label=\"Contextuel\" data-gtm-event=\"customEventSPE\" data-fig-domain=\"LEFIGARO\" target=\"_blank\" rel=\"noopener\">le G\u00e9orgien a r\u00e9alis\u00e9 un match plein et a inscrit deux buts samedi<\/a> , NDLR)\u2026 C\u2019est mieux de ne pas attacher d\u2019importance \u00e0 ce genre de chose.\u00bb<\/p>\n<p class=\"fig-paragraph\"><strong>Le suspense en Ligue 1<\/strong>\u00a0: \u00abEn ce moment dans le championnat, il y a plus d\u2019\u00e9quipes qui jouent tr\u00e8s bien. Lens est premier\u00a0<a href=\"https:\/\/www.lefigaro.fr\/sports\/football\/ligue-1\/classement\" target=\"_blank\" rel=\"noopener\" data-gtm-custom-categorie=\"navigation\" data-gtm-custom-action=\"crossclick\" data-gtm-custom-label=\"Contextuel\" data-gtm-event=\"customEventSPE\">au classement<\/a> , ils le m\u00e9ritent. Pour nous, c\u2019est une motivation d\u2019avoir plus d\u2019\u00e9quipes qui luttent pour le titre. On cherche \u00e0 nous am\u00e9liorer chaque semaine, \u00e0 obtenir de meilleurs r\u00e9sultats que la saison derni\u00e8re. On sait que c\u2019est difficile, surtout quand tu as un d\u00e9but de saison aussi particulier que c\u2019est le cas cette ann\u00e9e\u2026\u00bb<\/p>\n<blockquote class=\"fig-quote&#10;    \">\n<p class=\"fig-quote__text\">Je pr\u00e9f\u00e8re faire jouer ma grand-m\u00e8re que faire des cadeaux.<\/p>\n<p>            Luis Enrique\n    <\/p><\/blockquote>\n<p class=\"fig-paragraph\"><strong>Pourquoi les titis David Boly et Noham Kamara n\u2019ont pas encore jou\u00e9 avec les pros, contrairement \u00e0 plusieurs autres jeunes (Mbaye, Ndjantou&#8230;) <\/strong>: \u00abJe ne fais aucun cadeau. Quand un titi joue, c\u2019est qu\u2019il m\u00e9rite de jouer. Ils veulent tous jouer. Je pr\u00e9f\u00e8re faire jouer ma grand-m\u00e8re que faire des cadeaux. Avec \u00e7a, c\u2019est tr\u00e8s clair. Pas de cadeau. Au PSG, tu joues si tu m\u00e9rites de jouer, sinon, tu dois encore t\u2019am\u00e9liorer.\u00bb<\/p>\n<p class=\"fig-paragraph\"><strong>Le bilan de l\u2019ann\u00e9e 2025<\/strong>\u00a0: \u00abIl reste encore des matchs \u00e0 jouer, mais \u00e7a restera comme une ann\u00e9e sensationnelle pour tous les Parisiens, le PSG et moi-m\u00eame.\u00bb<\/p>\n<p class=\"fig-paragraph\"><strong>S\u2019il est fier de ses joueurs<\/strong>\u00a0: \u00abBien s\u00fbr. Je suis fier des joueurs mais aussi des supporters. Il y a une ambiance incroyable \u00e0 tous les matchs, c\u2019est un plaisir de jouer au Parc des Princes. F\u00e9licitations \u00e0 la fondation du club (PSG for Communities). 25 ans, c\u2019est important, \u00e7a repr\u00e9sente beaucoup de fiert\u00e9. En tant que club, c\u2019est important.\u00bb<\/p>\n<p>                                            <a class=\"fig-a11y-skip\" href=\"#fig-a11y-skip-main-inarticle_mtf\" data-module=\"a11y-skip\" data-context=\"was @visible\"><br \/>\n    Passer la publicit\u00e9<br \/>\n<\/a>            <\/p>\n<p class=\"fig-paragraph\">Propos recueillis en conf\u00e9rence de presse<\/p>\n","protected":false},"excerpt":{"rendered":"Tr\u00e8s agac\u00e9 sur une question portant sur le forfait d\u2019Illya Zabarnyi, le coach parisien a fait le point&hellip;\n","protected":false},"author":2,"featured_media":583700,"comment_status":"","ping_status":"","sticky":false,"template":"","format":"standard","meta":{"footnotes":""},"categories":[2821],"tags":[1111,11,829,1777,674,1011,27,13297,12,93,584,25,3087],"class_list":{"0":"post-583699","1":"post","2":"type-post","3":"status-publish","4":"format-standard","5":"has-post-thumbnail","7":"category-rennes","8":"tag-actu","9":"tag-actualites","10":"tag-bretagne","11":"tag-eu","12":"tag-europe","13":"tag-fr","14":"tag-france","15":"tag-khvicha-kvaratskhelia","16":"tag-news","17":"tag-psg","18":"tag-rennes","19":"tag-republique-francaise","20":"tag-stade-rennais"},"share_on_mastodon":{"url":"https:\/\/pubeurope.com\/@fr\/115676983144296658","error":""},"_links":{"self":[{"href":"https:\/\/www.europesays.com\/fr\/wp-json\/wp\/v2\/posts\/583699","targetHints":{"allow":["GET"]}}],"collection":[{"href":"https:\/\/www.europesays.com\/fr\/wp-json\/wp\/v2\/posts"}],"about":[{"href":"https:\/\/www.europesays.com\/fr\/wp-json\/wp\/v2\/types\/post"}],"author":[{"embeddable":true,"href":"https:\/\/www.europesays.com\/fr\/wp-json\/wp\/v2\/users\/2"}],"replies":[{"embeddable":true,"href":"https:\/\/www.europesays.com\/fr\/wp-json\/wp\/v2\/comments?post=583699"}],"version-history":[{"count":0,"href":"https:\/\/www.europesays.com\/fr\/wp-json\/wp\/v2\/posts\/583699\/revisions"}],"wp:featuredmedia":[{"embeddable":true,"href":"https:\/\/www.europesays.com\/fr\/wp-json\/wp\/v2\/media\/583700"}],"wp:attachment":[{"href":"https:\/\/www.europesays.com\/fr\/wp-json\/wp\/v2\/media?parent=583699"}],"wp:term":[{"taxonomy":"category","embeddable":true,"href":"https:\/\/www.europesays.com\/fr\/wp-json\/wp\/v2\/categories?post=583699"},{"taxonomy":"post_tag","embeddable":true,"href":"https:\/\/www.europesays.com\/fr\/wp-json\/wp\/v2\/tags?post=583699"}],"curies":[{"name":"wp","href":"https:\/\/api.w.org\/{rel}","templated":true}]}}