{"id":583701,"date":"2025-12-07T06:57:13","date_gmt":"2025-12-07T06:57:13","guid":{"rendered":"https:\/\/www.europesays.com\/fr\/583701\/"},"modified":"2025-12-07T06:57:13","modified_gmt":"2025-12-07T06:57:13","slug":"strasbourg-le-makerland-festival-creatif-solidaire-et-technologique-se-poursuit-dimanche","status":"publish","type":"post","link":"https:\/\/www.europesays.com\/fr\/583701\/","title":{"rendered":"Strasbourg. Le Makerland Festival, cr\u00e9atif, solidaire et technologique, se poursuit dimanche"},"content":{"rendered":"<p>Pr\u00e8s de 1400 personnes (soit une augmentation de 30\u00a0% de la fr\u00e9quentation) se sont rendues <a href=\"https:\/\/www.dna.fr\/culture-loisirs\/2025\/12\/04\/makerland-le-festival-du-faire-soi-meme-revient-ce-week-end-aux-ateliers-eclaires\" target=\"_blank\" rel=\"noopener\">au Makerland Festival<\/a> ce samedi 6\u00a0d\u00e9cembre, premier jour de cette \u00e9dition 2025. Comme toujours, de nombreuses activit\u00e9s \u00e0 destination des enfants y sont propos\u00e9es.<\/p>\n<p>Dune, 6 ans, s\u2019active \u00e0 d\u00e9couper pour r\u00e9aliser une cr\u00e9ation pop-up, guid\u00e9e par Nadia B. Studio. \u00ab\u00a0J\u2019interviens souvent dans les m\u00e9diath\u00e8ques\u00a0; je propose des projets \u00e0 destination des enfants de 6 \u00e0 12 ans\u00a0\u00bb, indique l\u2019artiste que l\u2019on pourra retrouver \u00e0 partir du 13\u00a0d\u00e9cembre aux halles du Scilt \u00e0&#8230;<\/p>\n","protected":false},"excerpt":{"rendered":"Pr\u00e8s de 1400 personnes (soit une augmentation de 30\u00a0% de la fr\u00e9quentation) se sont rendues au Makerland Festival&hellip;\n","protected":false},"author":2,"featured_media":583702,"comment_status":"","ping_status":"","sticky":false,"template":"","format":"standard","meta":{"footnotes":""},"categories":[2820],"tags":[1111,11,1687,2880,1777,674,107,1685,1011,27,775,12,25,640,2879],"class_list":{"0":"post-583701","1":"post","2":"type-post","3":"status-publish","4":"format-standard","5":"has-post-thumbnail","7":"category-strasbourg","8":"tag-actu","9":"tag-actualites","10":"tag-culture-loisirs","11":"tag-edition-strasbourg","12":"tag-eu","13":"tag-europe","14":"tag-fil-info","15":"tag-foire-et-salon","16":"tag-fr","17":"tag-france","18":"tag-grand-est","19":"tag-news","20":"tag-republique-francaise","21":"tag-strasbourg","22":"tag-strasbourg-ville"},"share_on_mastodon":{"url":"https:\/\/pubeurope.com\/@fr\/115676987086712458","error":""},"_links":{"self":[{"href":"https:\/\/www.europesays.com\/fr\/wp-json\/wp\/v2\/posts\/583701","targetHints":{"allow":["GET"]}}],"collection":[{"href":"https:\/\/www.europesays.com\/fr\/wp-json\/wp\/v2\/posts"}],"about":[{"href":"https:\/\/www.europesays.com\/fr\/wp-json\/wp\/v2\/types\/post"}],"author":[{"embeddable":true,"href":"https:\/\/www.europesays.com\/fr\/wp-json\/wp\/v2\/users\/2"}],"replies":[{"embeddable":true,"href":"https:\/\/www.europesays.com\/fr\/wp-json\/wp\/v2\/comments?post=583701"}],"version-history":[{"count":0,"href":"https:\/\/www.europesays.com\/fr\/wp-json\/wp\/v2\/posts\/583701\/revisions"}],"wp:featuredmedia":[{"embeddable":true,"href":"https:\/\/www.europesays.com\/fr\/wp-json\/wp\/v2\/media\/583702"}],"wp:attachment":[{"href":"https:\/\/www.europesays.com\/fr\/wp-json\/wp\/v2\/media?parent=583701"}],"wp:term":[{"taxonomy":"category","embeddable":true,"href":"https:\/\/www.europesays.com\/fr\/wp-json\/wp\/v2\/categories?post=583701"},{"taxonomy":"post_tag","embeddable":true,"href":"https:\/\/www.europesays.com\/fr\/wp-json\/wp\/v2\/tags?post=583701"}],"curies":[{"name":"wp","href":"https:\/\/api.w.org\/{rel}","templated":true}]}}