{"id":583703,"date":"2025-12-07T06:58:12","date_gmt":"2025-12-07T06:58:12","guid":{"rendered":"https:\/\/www.europesays.com\/fr\/583703\/"},"modified":"2025-12-07T06:58:12","modified_gmt":"2025-12-07T06:58:12","slug":"ligue-1-mais-ou-etait-passee-lattaque-du-racing-club-de-strasbourg-a-toulouse","status":"publish","type":"post","link":"https:\/\/www.europesays.com\/fr\/583703\/","title":{"rendered":"Ligue 1. Mais o\u00f9 \u00e9tait pass\u00e9e l\u2019attaque du Racing Club de Strasbourg \u00e0 Toulouse ?"},"content":{"rendered":"<p>On se demande bien comment <a href=\"https:\/\/www.dna.fr\/sport\/2025\/12\/03\/le-racing-a-ecarte-son-buteur-pour-le-match-de-samedi-a-toulouse-emegha-le-brouhaha-permanent\" target=\"_blank\" rel=\"noopener\">Emmanuel Emegha, le capitaine suspendu par son club<\/a> qui avait tenu \u00e0 accompagner ses co\u00e9quipiers dans la Ville Rose, a v\u00e9cu les 90 minutes pass\u00e9es dans les tribunes du Stadium.<\/p>\n<p>Cela a sans doute d\u00fb fumer sous le cr\u00e2ne du grand N\u00e9erlandais dont la sortie, parmi tant d\u2019autres, \u00ab\u00a0\u00e0 Paris j\u2019\u00e9tais pas, \u00e0 Lyon, j\u2019\u00e9tais pas l\u00e0, \u00e0 Rennes j\u2019\u00e9tais pas l\u00e0\u00a0\u00bb pour expliquer les mauvais r\u00e9sultats du Racing \u00e0 l\u2019ext\u00e9rieur, a pr\u00e9cipit\u00e9 sa sanction en interne. Une semaine apr\u00e8s \u00e0 Lens, il \u00e9tait sur la&#8230;<\/p>\n","protected":false},"excerpt":{"rendered":"On se demande bien comment Emmanuel Emegha, le capitaine suspendu par son club qui avait tenu \u00e0 accompagner&hellip;\n","protected":false},"author":2,"featured_media":583704,"comment_status":"","ping_status":"","sticky":false,"template":"","format":"standard","meta":{"footnotes":""},"categories":[2820],"tags":[328,1111,11,2880,1777,674,107,63,1011,27,775,12,41281,25,517,640,2879],"class_list":{"0":"post-583703","1":"post","2":"type-post","3":"status-publish","4":"format-standard","5":"has-post-thumbnail","7":"category-strasbourg","8":"tag-a-la-une","9":"tag-actu","10":"tag-actualites","11":"tag-edition-strasbourg","12":"tag-eu","13":"tag-europe","14":"tag-fil-info","15":"tag-football","16":"tag-fr","17":"tag-france","18":"tag-grand-est","19":"tag-news","20":"tag-racing-club-strasbourg-masculin","21":"tag-republique-francaise","22":"tag-sport","23":"tag-strasbourg","24":"tag-strasbourg-ville"},"share_on_mastodon":{"url":"https:\/\/pubeurope.com\/@fr\/115676990976221593","error":""},"_links":{"self":[{"href":"https:\/\/www.europesays.com\/fr\/wp-json\/wp\/v2\/posts\/583703","targetHints":{"allow":["GET"]}}],"collection":[{"href":"https:\/\/www.europesays.com\/fr\/wp-json\/wp\/v2\/posts"}],"about":[{"href":"https:\/\/www.europesays.com\/fr\/wp-json\/wp\/v2\/types\/post"}],"author":[{"embeddable":true,"href":"https:\/\/www.europesays.com\/fr\/wp-json\/wp\/v2\/users\/2"}],"replies":[{"embeddable":true,"href":"https:\/\/www.europesays.com\/fr\/wp-json\/wp\/v2\/comments?post=583703"}],"version-history":[{"count":0,"href":"https:\/\/www.europesays.com\/fr\/wp-json\/wp\/v2\/posts\/583703\/revisions"}],"wp:featuredmedia":[{"embeddable":true,"href":"https:\/\/www.europesays.com\/fr\/wp-json\/wp\/v2\/media\/583704"}],"wp:attachment":[{"href":"https:\/\/www.europesays.com\/fr\/wp-json\/wp\/v2\/media?parent=583703"}],"wp:term":[{"taxonomy":"category","embeddable":true,"href":"https:\/\/www.europesays.com\/fr\/wp-json\/wp\/v2\/categories?post=583703"},{"taxonomy":"post_tag","embeddable":true,"href":"https:\/\/www.europesays.com\/fr\/wp-json\/wp\/v2\/tags?post=583703"}],"curies":[{"name":"wp","href":"https:\/\/api.w.org\/{rel}","templated":true}]}}