{"id":583710,"date":"2025-12-07T07:05:31","date_gmt":"2025-12-07T07:05:31","guid":{"rendered":"https:\/\/www.europesays.com\/fr\/583710\/"},"modified":"2025-12-07T07:05:31","modified_gmt":"2025-12-07T07:05:31","slug":"lextreme-gauche-en-ordre-disperse-face-au-ps-et-a-la-droite","status":"publish","type":"post","link":"https:\/\/www.europesays.com\/fr\/583710\/","title":{"rendered":"l\u2019extr\u00eame gauche en ordre dispers\u00e9 face au PS et \u00e0 la droite"},"content":{"rendered":"<p>\n    La France insoumise n\u2019\u00e9carterait pas une union des gauches au second tour des municipales de mars pour faire barrage \u00e0 la droite, a \u00e9voqu\u00e9 le d\u00e9put\u00e9 Andy Kerbrat, alors qu\u2019une liste concurrente proche de LFI pourrait voir le jour dans les prochaines semaines.<\/p>\n<p class=\"fig-paragraph\">La petite phrase a soulev\u00e9 bien des sourcils\u00a0<a href=\"https:\/\/www.lefigaro.fr\/nantes\" target=\"_blank\" data-fig-type=\"Section\" rel=\"sponsored noopener\" data-gtm-custom-categorie=\"navigation\" data-gtm-custom-action=\"crossclick\" data-gtm-custom-label=\"Contextuel\" data-gtm-event=\"customEventSPE\" data-fig-domain=\"LEFIGARO\">\u00e0 Nantes<\/a>, aussi bien chez les opposants de\u00a0<a href=\"http:\/\/www.lefigaro.fr\/actualite-france\/de-plus-en-plus-radicalises-les-jeunes-musulmans-constituent-un-vivier-electoral-pour-la-france-insoumise-20251117\" target=\"_blank\" data-fig-type=\"Article\" rel=\"noopener\" data-gtm-custom-categorie=\"navigation\" data-gtm-custom-action=\"crossclick\" data-gtm-custom-label=\"Contextuel\" data-gtm-event=\"customEventSPE\" data-fig-domain=\"LEFIGARO\">La France insoumise<\/a>\u2026 que dans les propres rangs du mouvement, dans la Cit\u00e9 des ducs. \u00c0 quatre mois des \u00e9lections municipales, le d\u00e9put\u00e9\u00a0<a href=\"http:\/\/www.lefigaro.fr\/politique\/le-stigmate-me-restera-a-la-peau-pris-en-flagrant-delit-d-achat-de-drogue-le-depute-lfi-andy-kerbrat-fait-son-retour-a-l-assemblee-20250711\" target=\"_blank\" data-fig-type=\"NewsFlash\" rel=\"noopener\" data-gtm-custom-categorie=\"navigation\" data-gtm-custom-action=\"crossclick\" data-gtm-custom-label=\"Contextuel\" data-gtm-event=\"customEventSPE\" data-fig-domain=\"LEFIGARO\">Andy Kerbrat<\/a>\u00a0(LFI) a indiqu\u00e9, dans un entretien paru le 2 d\u00e9cembre dans le quotidien local\u00a0<a href=\"https:\/\/www.ouest-france.fr\/pays-de-la-loire\/nantes-44000\/municipales-a-nantes-linsoumis-andy-kerbrat-defend-la-fusion-des-listes-de-gauche-au-2e-tour-pour-contrer-la-droite-11756674-ced3-11f0-9f92-1f1697d8d1ab\" target=\"_blank\" rel=\"sponsored noopener\" data-gtm-custom-categorie=\"navigation\" data-gtm-custom-action=\"crossclick\" data-gtm-custom-label=\"Contextuel\" data-gtm-event=\"customEventSPE\">Presse Oc\u00e9an<\/a>, que la liste insoumise port\u00e9e par William Aucant serait susceptible de rejoindre, au second tour, le groupe d\u2019union \u00e9colo-socialiste form\u00e9 autour de la mairie sortante,\u00a0<a href=\"http:\/\/www.lefigaro.fr\/elections\/municipales\/johanna-rolland-l-atout-municipal-du-parti-socialiste-20251130\" target=\"_blank\" data-fig-type=\"Article\" rel=\"noopener\" data-gtm-custom-categorie=\"navigation\" data-gtm-custom-action=\"crossclick\" data-gtm-custom-label=\"Contextuel\" data-gtm-event=\"customEventSPE\" data-fig-domain=\"LEFIGARO\">Johanna Rolland<\/a>\u00a0(PS). Envisag\u00e9e en barrage \u00e0 la droite, cette union ne pourrait cependant \u00eatre valid\u00e9e qu\u2019\u00e0 la condition d\u2019une place au futur conseil municipal, a ajout\u00e9 l\u2019\u00e9lu. Jug\u00e9e \u00abd\u00e9faitiste\u00bb par certains sympathisants, la sortie du d\u00e9put\u00e9 n\u2019a pas manqu\u00e9 de faire r\u00e9agir \u00e0 Nantes, alors que d\u2019autres mouvements radicaux ont profit\u00e9 des derniers jours pour avancer leurs propres pions.<\/p>\n<p class=\"fig-paragraph\">Occup\u00e9e \u00e0\u00a0<a href=\"http:\/\/www.lefigaro.fr\/nantes\/a-nantes-noel-est-devenu-un-gros-mot-le-candidat-de-la-droite-aux-municipales-denonce-le-delire-woke-de-la-mairie-20251203\" target=\"_blank\" data-fig-type=\"NewsFlash\" rel=\"noopener\" data-gtm-custom-categorie=\"navigation\" data-gtm-custom-action=\"crossclick\" data-gtm-custom-label=\"Contextuel\" data-gtm-event=\"customEventSPE\" data-fig-domain=\"LEFIGARO\">batailler sur les d\u00e9corations de No\u00ebl avec le candidat des R\u00e9publicains \u00e0 Nantes<\/a>, Johanna Rolland n\u2019a pas r\u00e9agi \u00e0 la piste soulev\u00e9e par Andy Kerbrat. Sa principale alli\u00e9e, la cheffe des \u00e9cologistes nantais,\u00a0<a href=\"http:\/\/www.lefigaro.fr\/nantes\/nantes-marie-vitoux-l-ecolo-radicale-qui-veut-rassembler-la-gauche-en-vue-des-prochaines-municipales-20240929\" target=\"_blank\" data-fig-type=\"NewsFlash\" rel=\"noopener\" data-gtm-custom-categorie=\"navigation\" data-gtm-custom-action=\"crossclick\" data-gtm-custom-label=\"Contextuel\" data-gtm-event=\"customEventSPE\" data-fig-domain=\"LEFIGARO\">Marie Vitoux<\/a>, a elle tendu la main aux Insoumis, pour \u00abrassembler les forces de gauche\u00bb. Prenant acte de la rencontre manqu\u00e9e pour le premier tour des \u00e9lections, l\u2019\u00e9lue municipale &#8211; qui avait, par le pass\u00e9, assur\u00e9 des fonctions de campagne aupr\u00e8s d\u2019Andy Kerbrat &#8211; a propos\u00e9 \u00e0 La France insoumise de \u00abpoursuivre les discussions autour de notre projet pour Nantes\u00bb.<\/p>\n<p>    Le candidat de La France insoumise \u00e0 Nantes, William Aucant (au centre), aux c\u00f4t\u00e9s de sa colisti\u00e8re Erika Cadersah (3e en partant de la gauche).<br \/>\n                Simon Cherner, Le Figaro<\/p>\n<p>                                            <a class=\"fig-a11y-skip\" href=\"#fig-a11y-skip-main-inarticle\" data-module=\"a11y-skip\" data-context=\"was @visible\"><br \/>\n    Passer la publicit\u00e9<br \/>\n<\/a>            <\/p>\n<p class=\"fig-paragraph\">L\u2019invitation a cependant \u00e9t\u00e9 \u00e9cart\u00e9e par la t\u00eate de liste insoumise \u00e0 Nantes. \u00abIl n\u2019y a pas lieu de commenter aujourd\u2019hui, au mois de d\u00e9cembre, des alliances hypoth\u00e9tiques alors que nous proposons un programme de rupture qui doit convaincre les \u00e9lecteurs\u00bb, a balay\u00e9 William Aucant, rescap\u00e9 de\u00a0<a href=\"http:\/\/www.lefigaro.fr\/nantes\/suspension-avertissements-a-nantes-les-chefs-de-files-lfi-aux-municipales-sanctionnes-20250805\" target=\"_blank\" data-fig-type=\"NewsFlash\" rel=\"noopener\" data-gtm-custom-categorie=\"navigation\" data-gtm-custom-action=\"crossclick\" data-gtm-custom-label=\"Contextuel\" data-gtm-event=\"customEventSPE\" data-fig-domain=\"LEFIGARO\">plusieurs mois difficiles qui ont vu la campagne m\u00e9lenchoniste vaciller<\/a>, s\u2019interrompre\u00a0<a href=\"http:\/\/www.lefigaro.fr\/nantes\/municipales-a-nantes-les-insoumis-retrouvent-un-etat-major-20251008\" target=\"_blank\" data-fig-type=\"NewsFlash\" rel=\"noopener\" data-gtm-custom-categorie=\"navigation\" data-gtm-custom-action=\"crossclick\" data-gtm-custom-label=\"Contextuel\" data-gtm-event=\"customEventSPE\" data-fig-domain=\"LEFIGARO\">puis reprendre, enfin<\/a>, malgr\u00e9 quelques troubles persistants en interne. \u00abIl n\u2019y aura donc aucune alliance automatique. Le programme primera toujours pour les Insoumis\u00bb, a-t-il ajout\u00e9.<\/p>\n<p>                                            Sentiment d\u2019abandon<\/p>\n<p class=\"fig-paragraph\">Brouillonne, la s\u00e9quence n\u2019a pas manqu\u00e9 d\u2019irriter le candidat de La France insoumise qui pr\u00e9sentait, jeudi, le premier chapitre de sa campagne, baptis\u00e9e \u00abLa nouvelle Nantes\u00bb, centr\u00e9e sur la lutte contre la ville ch\u00e8re, le racisme et les discriminations. \u00abNotre liste, c\u2019est la liste des gens qu\u2019on oublie, qu\u2019on laisse sur le c\u00f4t\u00e9, qu\u2019on ne va plus chercher. Car ce qui est le plus frappant, quand on fait les porte-\u00e0-porte, c\u2019est le sentiment d\u2019\u00eatre abandonn\u00e9 par la municipalit\u00e9, le sentiment d\u2019une pr\u00e9carit\u00e9 extr\u00eamement forte\u00bb, d\u00e9crit William Aucant, en assumant, sans rel\u00e2che, proposer un programme de rupture avec la majorit\u00e9 \u00e9colo-socialiste au pouvoir dans la Cit\u00e9 des ducs.<\/p>\n<p>    Margot Medkour (en bas \u00e0 gauche), aux c\u00f4t\u00e9s d\u2019Arnaud Kongolo, Victoria Pressigout et d\u2019autres militants de Nantes populaire.<br \/>\n                Simon Cherner, Le Figaro<\/p>\n<p class=\"fig-paragraph\">Dans le sillon des Insoumis, d\u2019autres formations veulent \u00e9galement croire \u00e0 leur bonne \u00e9toile en mobilisant leur part d\u2019habitants oppos\u00e9s \u00e0 la droite, mais rebut\u00e9s par le socialisme \u00e9cologiste pratiqu\u00e9 par la mairie. C\u2019est le cas, bien s\u00fbr, des traditionnelles &#8211; mais confidentielles &#8211; listes d\u2019extr\u00eame gauche,\u00a0<a href=\"http:\/\/www.lefigaro.fr\/politique\/a-la-fete-de-lutte-ouvriere-les-reves-de-revolution-trotskiste-se-heurtent-a-la-realite-des-elections-europeennes-20240521\" target=\"_blank\" data-fig-type=\"Article\" rel=\"noopener\" data-gtm-custom-categorie=\"navigation\" data-gtm-custom-action=\"crossclick\" data-gtm-custom-label=\"Contextuel\" data-gtm-event=\"customEventSPE\" data-fig-domain=\"LEFIGARO\">Lutte ouvri\u00e8re<\/a>\u00a0et le Nouveau parti anticapitaliste, qui ont annonc\u00e9 cette semaine leurs candidats. Surtout, sur une ligne tr\u00e8s proche de LFI, le mouvement Nantes populaire, form\u00e9 \u00e0 la rentr\u00e9e autour de Margot Medkour, a d\u00e9ploy\u00e9 ses ailes en profitant des difficult\u00e9s de la campagne insoumise.<\/p>\n<p class=\"fig-paragraph\">En conf\u00e9rence de presse, l\u2019ex-candidate, en 2020, de la liste citoyenne alors soutenue par LFI, a ainsi pr\u00e9sent\u00e9 mercredi une s\u00e9rie de propositions sur la th\u00e9matique du logement, en compl\u00e9ment de mesures contre la vie ch\u00e8re et l\u2019ins\u00e9curit\u00e9 alimentaire pr\u00e9c\u00e9demment mises en avant. Les pr\u00e9mices d\u2019une campagne de plus, \u00e0 la gauche de la gauche nantaise\u00a0? \u00abL\u2019essentiel, c\u2019est de faire en sorte qu\u2019il y ait des d\u00e9bats de fond dans cette ville, dans les prochaines semaines, pour qu\u2019on n\u2019ait pas l\u2019impression de seulement avoir le choix entre Johanna Rolland et\u00a0<a href=\"http:\/\/www.lefigaro.fr\/nantes\/qui-est-foulques-chombart-de-lauwe-nouveau-champion-de-la-droite-a-nantes-20250901\" target=\"_blank\" data-fig-type=\"NewsFlash\" rel=\"noopener\" data-gtm-custom-categorie=\"navigation\" data-gtm-custom-action=\"crossclick\" data-gtm-custom-label=\"Contextuel\" data-gtm-event=\"customEventSPE\" data-fig-domain=\"LEFIGARO\">Foulques Chombart\u00a0de\u00a0Lauwe<\/a> \u00a0(le candidat de la droite, NDLR)\u00bb, lance Margot Medkour, qui entretient le myst\u00e8re sur une \u00e9ventuelle candidature aux municipales d\u00e9j\u00e0 qualifi\u00e9e d\u2019\u00abaventure personnelle\u00bb, dans l\u2019\u00e9tat-major de la campagne insoumise. \u00abQuel est l\u2019int\u00e9r\u00eat, pour les classes populaires, d\u2019avoir une candidature de plus\u00a0?\u00bb, y souffle-t-on, sans enthousiasme. Le premier tour des \u00e9lections municipales aura lieu le 15 mars 2026.<\/p>\n","protected":false},"excerpt":{"rendered":"La France insoumise n\u2019\u00e9carterait pas une union des gauches au second tour des municipales de mars pour faire&hellip;\n","protected":false},"author":2,"featured_media":583711,"comment_status":"","ping_status":"","sticky":false,"template":"","format":"standard","meta":{"footnotes":""},"categories":[2818],"tags":[1111,11,4188,1777,674,1011,27,6945,2338,766,12,2636,429,25],"class_list":{"0":"post-583710","1":"post","2":"type-post","3":"status-publish","4":"format-standard","5":"has-post-thumbnail","7":"category-nantes","8":"tag-actu","9":"tag-actualites","10":"tag-elections-municipales","11":"tag-eu","12":"tag-europe","13":"tag-fr","14":"tag-france","15":"tag-johanna-rolland","16":"tag-la-france-insoumise","17":"tag-nantes","18":"tag-news","19":"tag-pays-de-la-loire","20":"tag-ps","21":"tag-republique-francaise"},"share_on_mastodon":{"url":"https:\/\/pubeurope.com\/@fr\/115677018396642252","error":""},"_links":{"self":[{"href":"https:\/\/www.europesays.com\/fr\/wp-json\/wp\/v2\/posts\/583710","targetHints":{"allow":["GET"]}}],"collection":[{"href":"https:\/\/www.europesays.com\/fr\/wp-json\/wp\/v2\/posts"}],"about":[{"href":"https:\/\/www.europesays.com\/fr\/wp-json\/wp\/v2\/types\/post"}],"author":[{"embeddable":true,"href":"https:\/\/www.europesays.com\/fr\/wp-json\/wp\/v2\/users\/2"}],"replies":[{"embeddable":true,"href":"https:\/\/www.europesays.com\/fr\/wp-json\/wp\/v2\/comments?post=583710"}],"version-history":[{"count":0,"href":"https:\/\/www.europesays.com\/fr\/wp-json\/wp\/v2\/posts\/583710\/revisions"}],"wp:featuredmedia":[{"embeddable":true,"href":"https:\/\/www.europesays.com\/fr\/wp-json\/wp\/v2\/media\/583711"}],"wp:attachment":[{"href":"https:\/\/www.europesays.com\/fr\/wp-json\/wp\/v2\/media?parent=583710"}],"wp:term":[{"taxonomy":"category","embeddable":true,"href":"https:\/\/www.europesays.com\/fr\/wp-json\/wp\/v2\/categories?post=583710"},{"taxonomy":"post_tag","embeddable":true,"href":"https:\/\/www.europesays.com\/fr\/wp-json\/wp\/v2\/tags?post=583710"}],"curies":[{"name":"wp","href":"https:\/\/api.w.org\/{rel}","templated":true}]}}