{"id":583714,"date":"2025-12-07T07:08:12","date_gmt":"2025-12-07T07:08:12","guid":{"rendered":"https:\/\/www.europesays.com\/fr\/583714\/"},"modified":"2025-12-07T07:08:12","modified_gmt":"2025-12-07T07:08:12","slug":"vins-de-bordeaux-au-discret-chateau-fieuzal-on-invite-a-redecouvrir-qui-se-cache-derriere-nos-vins","status":"publish","type":"post","link":"https:\/\/www.europesays.com\/fr\/583714\/","title":{"rendered":"Vins de Bordeaux. Au discret ch\u00e2teau Fieuzal, \u00ab\u00a0on invite \u00e0 red\u00e9couvrir qui se cache derri\u00e8re\u00a0nos vins\u00a0\u00bb"},"content":{"rendered":"<p>\u00ab\u00a0Fieuzal\u00a0\u00bb cultive d\u2019ordinaire la discr\u00e9tion. Aucun panneau n\u2019a d\u2019ailleurs \u00e9t\u00e9 d\u00e9pos\u00e9 sur la route. \u00ab\u00a0Si les gens veulent venir nous visiter, ils savent o\u00f9 nous trouver\u00a0\u00bb, sourit Maud Ballion, charg\u00e9e des relations publiques. Illustration sur le parking o\u00f9 le ballet des visiteurs, ceux qui arrivent et ceux qui en repartent, ne s\u2019arr\u00eate pas. Pass\u00e9 les grilles, le public peut d\u00e9couvrir les diff\u00e9rents cuviers au sein desquels les contenants portent les pr\u00e9noms des petits-enfants des propri\u00e9taires irlandais du domaine\u00a0: la famille Quinn. Direction ensuite sous terre, o\u00f9 reposent les chais aux 650 barriques.<\/p>\n<p>        <img decoding=\"async\" id=\"26999403\" src=\"https:\/\/www.europesays.com\/fr\/wp-content\/uploads\/2025\/12\/img-20251206-163251.jpg\" alt=\"La visite du ch\u00e2teau Fieuzal, grand cru class\u00e9 de Graves, s\u2019ouvre sur l\u2019un des cuviers, o\u00f9 chaque contenant porte le nom d\u2019un petit-enfant des propri\u00e9taires.\" itemprop=\"contentURL\"\/><\/p>\n<p>    La visite du ch\u00e2teau Fieuzal, grand cru class\u00e9 de Graves, s\u2019ouvre sur l\u2019un des cuviers, o\u00f9 chaque contenant porte le nom d\u2019un petit-enfant des propri\u00e9taires.<\/p>\n<p>Jean-Charles Galiacy<\/p>\n<p>Ces portes ouvertes invitent \u00ab\u00a0\u00e0 red\u00e9couvrir qui se cache derri\u00e8re nos vins\u00a0\u00bb, confie Maud Ballion. Elles permettent \u00e9galement d\u2019aborder les \u00e9volutions prises par le grand cru class\u00e9 ces derni\u00e8res ann\u00e9es. Avec de nouveaux ma\u00eetre de chai et \u0153nologue (Thomas Duclos) depuis 2019, la propri\u00e9t\u00e9 a op\u00e9r\u00e9 un virage, tout particuli\u00e8rement sur son vin rouge, travaillant sur l\u2019aromatique et sur une nouvelle approche\u00a0: avec davantage de merlot, une option \u00e0 siroter ses vins plus jeunes. En fin de parcours, les visiteurs pourront d\u2019ailleurs d\u00e9guster le mill\u00e9sime 2019. Le ch\u00e2teau Fieuzal attend jusqu\u2019\u00e0 2000 personnes durant ces deux jours.<\/p>\n","protected":false},"excerpt":{"rendered":"\u00ab\u00a0Fieuzal\u00a0\u00bb cultive d\u2019ordinaire la discr\u00e9tion. Aucun panneau n\u2019a d\u2019ailleurs \u00e9t\u00e9 d\u00e9pos\u00e9 sur la route. \u00ab\u00a0Si les gens veulent&hellip;\n","protected":false},"author":2,"featured_media":583715,"comment_status":"","ping_status":"","sticky":false,"template":"","format":"standard","meta":{"footnotes":""},"categories":[2817],"tags":[1111,11,1997,1777,674,1011,27,12,2219,25],"class_list":{"0":"post-583714","1":"post","2":"type-post","3":"status-publish","4":"format-standard","5":"has-post-thumbnail","7":"category-bordeaux","8":"tag-actu","9":"tag-actualites","10":"tag-bordeaux","11":"tag-eu","12":"tag-europe","13":"tag-fr","14":"tag-france","15":"tag-news","16":"tag-nouvelle-aquitaine","17":"tag-republique-francaise"},"share_on_mastodon":{"url":"https:\/\/pubeurope.com\/@fr\/115677030807617578","error":""},"_links":{"self":[{"href":"https:\/\/www.europesays.com\/fr\/wp-json\/wp\/v2\/posts\/583714","targetHints":{"allow":["GET"]}}],"collection":[{"href":"https:\/\/www.europesays.com\/fr\/wp-json\/wp\/v2\/posts"}],"about":[{"href":"https:\/\/www.europesays.com\/fr\/wp-json\/wp\/v2\/types\/post"}],"author":[{"embeddable":true,"href":"https:\/\/www.europesays.com\/fr\/wp-json\/wp\/v2\/users\/2"}],"replies":[{"embeddable":true,"href":"https:\/\/www.europesays.com\/fr\/wp-json\/wp\/v2\/comments?post=583714"}],"version-history":[{"count":0,"href":"https:\/\/www.europesays.com\/fr\/wp-json\/wp\/v2\/posts\/583714\/revisions"}],"wp:featuredmedia":[{"embeddable":true,"href":"https:\/\/www.europesays.com\/fr\/wp-json\/wp\/v2\/media\/583715"}],"wp:attachment":[{"href":"https:\/\/www.europesays.com\/fr\/wp-json\/wp\/v2\/media?parent=583714"}],"wp:term":[{"taxonomy":"category","embeddable":true,"href":"https:\/\/www.europesays.com\/fr\/wp-json\/wp\/v2\/categories?post=583714"},{"taxonomy":"post_tag","embeddable":true,"href":"https:\/\/www.europesays.com\/fr\/wp-json\/wp\/v2\/tags?post=583714"}],"curies":[{"name":"wp","href":"https:\/\/api.w.org\/{rel}","templated":true}]}}