{"id":583716,"date":"2025-12-07T07:09:14","date_gmt":"2025-12-07T07:09:14","guid":{"rendered":"https:\/\/www.europesays.com\/fr\/583716\/"},"modified":"2025-12-07T07:09:14","modified_gmt":"2025-12-07T07:09:14","slug":"noel-sans-illuminations-electriques-letonnante-initiative-de-sobriete-energetique-dans-cette-ville-pres-de-toulouse","status":"publish","type":"post","link":"https:\/\/www.europesays.com\/fr\/583716\/","title":{"rendered":"No\u00ebl sans illuminations \u00e9lectriques\u00a0: l\u2019\u00e9tonnante initiative de sobri\u00e9t\u00e9 \u00e9nerg\u00e9tique dans cette ville pr\u00e8s de Toulouse"},"content":{"rendered":"<p>\n                                                                    l&rsquo;essentiel<br \/>\n                                                                La sobri\u00e9t\u00e9 \u00e9nerg\u00e9tique s\u2019invite \u00e0 Plaisance-du-Touch avec des d\u00e9corations r\u00e9fl\u00e9chissantes pour No\u00ebl. Ces panneaux, install\u00e9s sur les ronds-points, offrent une ambiance festive sans consommation \u00e9lectrique. Une initiative exemplaire pour une c\u00e9l\u00e9bration responsable.\n                            <\/p>\n<p>\u00c0 Plaisance-du-Touch, la municipalit\u00e9 a fait le choix d\u2019un No\u00ebl sans illuminations \u00e9lectriques, misant sur des d\u00e9corations r\u00e9fl\u00e9chissantes pour concilier sobri\u00e9t\u00e9 \u00e9nerg\u00e9tique et ambiance festive. Install\u00e9s sur une dizaine de ronds-points, ces panneaux restituent l\u2019esprit des f\u00eates en r\u00e9agissant simplement \u00e0 la lumi\u00e8re des phares des voitures.<\/p>\n<p>L\u2019id\u00e9e est n\u00e9e apr\u00e8s une premi\u00e8re ann\u00e9e marqu\u00e9e par une forte r\u00e9duction des \u00e9clairages, d\u00e9cision qui avait suscit\u00e9 des r\u00e9actions de la part des habitants, attach\u00e9s \u00e0 l\u2019atmosph\u00e8re des f\u00eates de fin d\u2019ann\u00e9e. \u00c0 la faveur du budget participatif, une habitante, Manon, a propos\u00e9 de r\u00e9introduire des \u00e9l\u00e9ments d\u00e9coratifs. Apr\u00e8s avoir \u00e9tudi\u00e9 les possibilit\u00e9s avec elle et un fournisseur local, la mairie a retenu des panneaux r\u00e9fl\u00e9chissants, capables de donner l\u2019impression d\u2019\u00eatre illumin\u00e9s sans consommer d\u2019\u00e9nergie.<\/p>\n<p>L\u2019esprit des f\u00eates<\/p>\n<p>Les motifs choisis, vari\u00e9s et color\u00e9s, repr\u00e9sentent des nounours, des tra\u00eeneaux, des lutins, des personnages de f\u00eates ou encore des animaux. Au total, entre quinze et vingt \u00e9l\u00e9ments d\u00e9coratifs ont \u00e9t\u00e9 pos\u00e9s, compl\u00e9t\u00e9s par des cr\u00e9ations con\u00e7ues par les services techniques \u00e0 partir de chutes de bois, afin de renforcer encore la d\u00e9marche de sobri\u00e9t\u00e9.<\/p>\n<p>        <img decoding=\"async\" class=\"std-img__img responsive-img\" src=\"https:\/\/www.europesays.com\/fr\/wp-content\/uploads\/2025\/12\/1765091354_380_image.jpg\" alt=\"Les d\u00e9corations r\u00e9fl\u00e9chissantes s\u2019illuminent lorsqu\u2019elles sont \u00e9clair\u00e9es par les phares d\u2019un v\u00e9hicule.\"\/><\/p>\n<p>                Les d\u00e9corations r\u00e9fl\u00e9chissantes s\u2019illuminent lorsqu\u2019elles sont \u00e9clair\u00e9es par les phares d\u2019un v\u00e9hicule.<br \/>\n                                    DDM &#8211; K. C.<\/p>\n<p>Le co\u00fbt consacr\u00e9 aux d\u00e9corations reste stable\u00a0: environ dix mille euros par an, comme lorsque la commune utilisait des illuminations traditionnelles. Le projet des panneaux r\u00e9fl\u00e9chissants s\u2019inscrit d\u2019ailleurs dans ce cadre, puisqu\u2019un projet du budget participatif ne peut d\u00e9passer ce montant. L\u2019ensemble des ronds-points d\u00e9cor\u00e9s a donc \u00e9t\u00e9 financ\u00e9 pour une enveloppe d\u2019environ dix mille euros, avec un int\u00e9r\u00eat majeur\u00a0: ces panneaux pourront \u00eatre r\u00e9utilis\u00e9s d\u2019une ann\u00e9e sur l\u2019autre.<\/p>\n<p>Des \u00e9conomies plut\u00f4t symboliques<\/p>\n<p>Si les \u00e9conomies d\u2019\u00e9nergie r\u00e9elles restent limit\u00e9es \u2013 les guirlandes Led consommant relativement peu \u2013, le maire Philippe Guyot insiste sur la dimension exemplaire du dispositif. Selon lui, l\u2019enjeu est \u00ab\u00a0d\u2019inciter \u00e0 une prise de conscience collective sur la consommation de ressources, notamment \u00e9lectriques, et de montrer qu\u2019une ville peut c\u00e9l\u00e9brer No\u00ebl autrement, sans renoncer \u00e0 la cr\u00e9ativit\u00e9 ni \u00e0 la convivialit\u00e9\u00a0\u00bb.<\/p>\n<p>Interrog\u00e9 sur une \u00e9ventuelle tendance plus large, l\u2019\u00e9lu ne sait pas si d\u2019autres villes ont d\u00e9j\u00e0 adopt\u00e9 ce syst\u00e8me. Pour Plaisance-du-Touch, la solution a \u00e9merg\u00e9 d\u2019un \u00e9change avec un fournisseur sp\u00e9cialis\u00e9 dans les d\u00e9corations de No\u00ebl, implant\u00e9 dans la commune et habituellement d\u00e9di\u00e9 aux guirlandes lumineuses. La mairie a toutefois limit\u00e9 l\u2019usage de ces derni\u00e8res au march\u00e9 de No\u00ebl et \u00e0 quelques \u00e9l\u00e9ments ponctuels, afin de rester coh\u00e9rente avec son objectif de sobri\u00e9t\u00e9.<\/p>\n<p>En optant pour ces panneaux r\u00e9fl\u00e9chissants, la ville propose une autre mani\u00e8re de c\u00e9l\u00e9brer les f\u00eates\u00a0: plus responsable, mais tout aussi chaleureuse.<\/p>\n","protected":false},"excerpt":{"rendered":"l&rsquo;essentiel La sobri\u00e9t\u00e9 \u00e9nerg\u00e9tique s\u2019invite \u00e0 Plaisance-du-Touch avec des d\u00e9corations r\u00e9fl\u00e9chissantes pour No\u00ebl. Ces panneaux, install\u00e9s sur les&hellip;\n","protected":false},"author":2,"featured_media":583717,"comment_status":"","ping_status":"","sticky":false,"template":"","format":"standard","meta":{"footnotes":""},"categories":[2816],"tags":[1111,11,872,1777,674,1011,27,69124,2722,12,69711,2680,69710,25,2312],"class_list":{"0":"post-583716","1":"post","2":"type-post","3":"status-publish","4":"format-standard","5":"has-post-thumbnail","7":"category-toulouse","8":"tag-actu","9":"tag-actualites","10":"tag-culture-et-loisirs","11":"tag-eu","12":"tag-europe","13":"tag-fr","14":"tag-france","15":"tag-fu00eates-et-festivals","16":"tag-haute-garonne","17":"tag-news","18":"tag-nou00ebl-et-nouvel-an","19":"tag-occitanie","20":"tag-plaisancedutouch","21":"tag-republique-francaise","22":"tag-toulouse"},"share_on_mastodon":{"url":"https:\/\/pubeurope.com\/@fr\/115677034901549245","error":""},"_links":{"self":[{"href":"https:\/\/www.europesays.com\/fr\/wp-json\/wp\/v2\/posts\/583716","targetHints":{"allow":["GET"]}}],"collection":[{"href":"https:\/\/www.europesays.com\/fr\/wp-json\/wp\/v2\/posts"}],"about":[{"href":"https:\/\/www.europesays.com\/fr\/wp-json\/wp\/v2\/types\/post"}],"author":[{"embeddable":true,"href":"https:\/\/www.europesays.com\/fr\/wp-json\/wp\/v2\/users\/2"}],"replies":[{"embeddable":true,"href":"https:\/\/www.europesays.com\/fr\/wp-json\/wp\/v2\/comments?post=583716"}],"version-history":[{"count":0,"href":"https:\/\/www.europesays.com\/fr\/wp-json\/wp\/v2\/posts\/583716\/revisions"}],"wp:featuredmedia":[{"embeddable":true,"href":"https:\/\/www.europesays.com\/fr\/wp-json\/wp\/v2\/media\/583717"}],"wp:attachment":[{"href":"https:\/\/www.europesays.com\/fr\/wp-json\/wp\/v2\/media?parent=583716"}],"wp:term":[{"taxonomy":"category","embeddable":true,"href":"https:\/\/www.europesays.com\/fr\/wp-json\/wp\/v2\/categories?post=583716"},{"taxonomy":"post_tag","embeddable":true,"href":"https:\/\/www.europesays.com\/fr\/wp-json\/wp\/v2\/tags?post=583716"}],"curies":[{"name":"wp","href":"https:\/\/api.w.org\/{rel}","templated":true}]}}