{"id":583718,"date":"2025-12-07T07:10:18","date_gmt":"2025-12-07T07:10:18","guid":{"rendered":"https:\/\/www.europesays.com\/fr\/583718\/"},"modified":"2025-12-07T07:10:18","modified_gmt":"2025-12-07T07:10:18","slug":"spacers-toulouse-cetait-lheure-de-guerin","status":"publish","type":"post","link":"https:\/\/www.europesays.com\/fr\/583718\/","title":{"rendered":"Spacer\u2019s Toulouse\u00a0: c\u2019\u00e9tait l\u2019heure de Gu\u00e9rin\u00a0!"},"content":{"rendered":"<p>\n                                                                    l&rsquo;essentiel<br \/>\n                                                                Rarement titulaire depuis le d\u00e9but de la saison le central Augustin Guerin (25 ans) a cette fois marqu\u00e9 des points lors du facile succ\u00e8s face \u00e0 Cannes, samedi \u00e0 domicile (3-0).\n                            <\/p>\n<p>La seule fois o\u00f9 Augustin Gu\u00e9rin avait d\u00e9but\u00e9 dans le six de d\u00e9part c\u2019\u00e9tait un peu par d\u00e9faut\u00a0: le central mexicain Axel Tellez n\u2019\u00e9tait pas du voyage au Plessis-Robinson (1-3) le 22\u00a0novembre dernier. Hier, le central arriv\u00e9 cet \u00e9t\u00e9 en provenance de Saint-Jean-d\u2019Illac n\u2019a pas perdu de temps pour marquer son territoire avec deux contres pleins d\u2019autorit\u00e9 en d\u00e9but de rencontre. Le d\u00e9but du cavalier seul des Spacer\u2019s qui ont martyris\u00e9 les Cannois en trois sets secs (25-18, 25-14, 25-18). \u00ab\u00a0\u00c7a fait toujours plaisir quand on est comp\u00e9titeur de commencer un match et plus encore quand cela se passe si bien collectivement\u00a0\u00bb, a souri celui qui partage le poste avec Tellez donc, mais aussi son co\u00e9quipier Jules Duthoit, plusieurs fois m\u00e9daill\u00e9 avec les Bleus dans les cat\u00e9gories jeunes. \u00ab\u00a0C\u2019est un choix du staff, on a voulu valoriser ceux qui ont termin\u00e9 \u00e0 Poitiers mardi dernier (3-2 apr\u00e8s avoir \u00e9t\u00e9 men\u00e9s 2-0, NDLR) et Augustin a parfaitement saisi sa chance, il m\u00e9ritait de d\u00e9buter\u00a0\u00bb, estime Zago, l\u2019adjoint de Patrick Duflos.<\/p>\n<p>Huit points dont quatre contres<\/p>\n<p>Auteur de huit points dont quatre contres, il estime \u00ab\u00a0pouvoir faire mieux au service\u00a0\u00bb mais \u00ab\u00a0oui, je suis plut\u00f4t content de moi\u00a0\u00bb, finit-il par l\u00e2cher dans un sourire. \u00ab\u00a0Le plus important ce sont ces trois points, le championnat est hyper dense et il \u00e9tait important d\u2019encha\u00eener pour continuer de grappiller des points\u00a0\u00bb, a-t-il ensuite rajout\u00e9 apr\u00e8s cette troisi\u00e8me victoire en trois matchs et ces huit points pris sur neuf possibles en sept jours.<\/p>\n<p class=\"std-elt__inline\">\n        <strong>\u00c0 lire aussi :<\/strong><br \/>\n        <a href=\"https:\/\/www.ladepeche.fr\/2025\/12\/05\/spacers-volley-le-changement-cest-tout-le-temps-ou-comment-les-toulousains-varient-les-plaisirs-13093300.php\" target=\"_blank\" rel=\"noopener\">Spacer\u2019s Volley\u00a0: le changement, c\u2019est tout le temps\u00a0! Ou comment les Toulousains varient les plaisirs\u2026<\/a>\n    <\/p>\n<p>Une semaine qui restera sans aucun doute un moment charni\u00e8re de la saison des Spacer\u2019s qui, deux jours apr\u00e8s la d\u00e9faite au Plessis-Robinson justement, ont pris l\u2019initiative de se retrouver entre eux, sans le staff, pour se dire leurs quatre v\u00e9rit\u00e9s dans l\u2019intimit\u00e9 de la salle de musculation. \u00ab\u00a0Il fallait se dire les choses et c\u2019est tr\u00e8s bien comme on a r\u00e9agi\u00a0\u00bb, confesse le central. Ses co\u00e9quipiers et lui-m\u00eame vont avoir l\u2019opportunit\u00e9 de tester leur \u00ab\u00a0nouvelle mentalit\u00e9\u00a0\u00bb face \u00e0 ce qui se fait de mieux en France depuis une d\u00e9cennie puisque leur prochain h\u00f4te, au Palais des sports, se nomme Tours, champion de France en titre, samedi prochain (18\u00a0heures). \u00ab\u00a0C\u2019est une grosse \u00e9curie mais on va l\u2019aborder pour le gagner\u00a0\u00bb, promet d\u2019ores et d\u00e9j\u00e0 Guerin.<\/p>\n","protected":false},"excerpt":{"rendered":"l&rsquo;essentiel Rarement titulaire depuis le d\u00e9but de la saison le central Augustin Guerin (25 ans) a cette fois&hellip;\n","protected":false},"author":2,"featured_media":583719,"comment_status":"","ping_status":"","sticky":false,"template":"","format":"standard","meta":{"footnotes":""},"categories":[2816],"tags":[1111,11,1777,674,1011,27,2722,12,2680,25,69673,517,2312,1632],"class_list":{"0":"post-583718","1":"post","2":"type-post","3":"status-publish","4":"format-standard","5":"has-post-thumbnail","7":"category-toulouse","8":"tag-actu","9":"tag-actualites","10":"tag-eu","11":"tag-europe","12":"tag-fr","13":"tag-france","14":"tag-haute-garonne","15":"tag-news","16":"tag-occitanie","17":"tag-republique-francaise","18":"tag-spacers-de-toulouse","19":"tag-sport","20":"tag-toulouse","21":"tag-volley-ball"},"share_on_mastodon":{"url":"https:\/\/pubeurope.com\/@fr\/115677038038133871","error":""},"_links":{"self":[{"href":"https:\/\/www.europesays.com\/fr\/wp-json\/wp\/v2\/posts\/583718","targetHints":{"allow":["GET"]}}],"collection":[{"href":"https:\/\/www.europesays.com\/fr\/wp-json\/wp\/v2\/posts"}],"about":[{"href":"https:\/\/www.europesays.com\/fr\/wp-json\/wp\/v2\/types\/post"}],"author":[{"embeddable":true,"href":"https:\/\/www.europesays.com\/fr\/wp-json\/wp\/v2\/users\/2"}],"replies":[{"embeddable":true,"href":"https:\/\/www.europesays.com\/fr\/wp-json\/wp\/v2\/comments?post=583718"}],"version-history":[{"count":0,"href":"https:\/\/www.europesays.com\/fr\/wp-json\/wp\/v2\/posts\/583718\/revisions"}],"wp:featuredmedia":[{"embeddable":true,"href":"https:\/\/www.europesays.com\/fr\/wp-json\/wp\/v2\/media\/583719"}],"wp:attachment":[{"href":"https:\/\/www.europesays.com\/fr\/wp-json\/wp\/v2\/media?parent=583718"}],"wp:term":[{"taxonomy":"category","embeddable":true,"href":"https:\/\/www.europesays.com\/fr\/wp-json\/wp\/v2\/categories?post=583718"},{"taxonomy":"post_tag","embeddable":true,"href":"https:\/\/www.europesays.com\/fr\/wp-json\/wp\/v2\/tags?post=583718"}],"curies":[{"name":"wp","href":"https:\/\/api.w.org\/{rel}","templated":true}]}}