{"id":583720,"date":"2025-12-07T07:12:57","date_gmt":"2025-12-07T07:12:57","guid":{"rendered":"https:\/\/www.europesays.com\/fr\/583720\/"},"modified":"2025-12-07T07:12:57","modified_gmt":"2025-12-07T07:12:57","slug":"bruno-genesio-encense-ethan-mbappe","status":"publish","type":"post","link":"https:\/\/www.europesays.com\/fr\/583720\/","title":{"rendered":"Bruno Genesio encense Ethan Mbapp\u00e9"},"content":{"rendered":"<p>Port\u00e9 par un but splendide d\u2019Ethan Mbapp\u00e9 (18 ans), pour sa premi\u00e8re titularisation de la saison, le LOSC a frapp\u00e9 fort en faisant tomber l\u2019Olympique de Marseille, s\u2019offrant au passage son <a href=\"https:\/\/www.footmercato.net\/a7917576164748260371-lille-om-les-notes-du-match\" target=\"_blank\" rel=\"noopener\">premier v\u00e9ritable match r\u00e9f\u00e9rence de la saison (1-0)<\/a>. Un succ\u00e8s pr\u00e9cieux qui permet aux Dogues de revenir \u00e0 deux petites longueurs du leader lensois, confirmant leur mont\u00e9e en puissance apr\u00e8s un d\u00e9but d\u2019exercice irr\u00e9gulier.<\/p>\n<p>            La suite apr\u00e8s cette publicit\u00e9<\/p>\n<p>Apr\u00e8s ce nouvel \u00e9clair, Bruno Genesio n\u2019a pas cach\u00e9 son admiration pour <a href=\"https:\/\/www.footmercato.net\/joueur\/ethan-mbappe-lottin\/\" target=\"_blank\" rel=\"noopener\">Ethan Mbapp\u00e9<\/a>, dont l\u2019impact ne cesse de grandir : \u00abEthan Mbapp\u00e9 ? Je l\u2019ai d\u00e9j\u00e0 dit, si son corps le laisse tranquille, c\u2019est un joueur qui peut rendre l\u2019\u00e9quipe meilleure. Son profil est diff\u00e9rent des autres attaquants sur le c\u00f4t\u00e9, il va tr\u00e8s vite et se cr\u00e9e des occasions, fait marquer ou marque \u00e0 chaque match\u00bb. De quoi renforcer l\u2019id\u00e9e que le cadet de la fratrie Mbapp\u00e9 est en train de franchir un cap.<\/p>\n<p>\n    Pub. le 05\/12\/2025 23:34<br \/>\n            &#8211; MAJ le 07\/12\/2025 05:34\n    <\/p>\n","protected":false},"excerpt":{"rendered":"Port\u00e9 par un but splendide d\u2019Ethan Mbapp\u00e9 (18 ans), pour sa premi\u00e8re titularisation de la saison, le LOSC&hellip;\n","protected":false},"author":2,"featured_media":583721,"comment_status":"","ping_status":"","sticky":false,"template":"","format":"standard","meta":{"footnotes":""},"categories":[2815],"tags":[1111,11,1777,674,1011,27,811,1307,12,25],"class_list":{"0":"post-583720","1":"post","2":"type-post","3":"status-publish","4":"format-standard","5":"has-post-thumbnail","7":"category-lille","8":"tag-actu","9":"tag-actualites","10":"tag-eu","11":"tag-europe","12":"tag-fr","13":"tag-france","14":"tag-hauts-de-france","15":"tag-lille","16":"tag-news","17":"tag-republique-francaise"},"share_on_mastodon":{"url":"https:\/\/pubeurope.com\/@fr\/115677049855219060","error":""},"_links":{"self":[{"href":"https:\/\/www.europesays.com\/fr\/wp-json\/wp\/v2\/posts\/583720","targetHints":{"allow":["GET"]}}],"collection":[{"href":"https:\/\/www.europesays.com\/fr\/wp-json\/wp\/v2\/posts"}],"about":[{"href":"https:\/\/www.europesays.com\/fr\/wp-json\/wp\/v2\/types\/post"}],"author":[{"embeddable":true,"href":"https:\/\/www.europesays.com\/fr\/wp-json\/wp\/v2\/users\/2"}],"replies":[{"embeddable":true,"href":"https:\/\/www.europesays.com\/fr\/wp-json\/wp\/v2\/comments?post=583720"}],"version-history":[{"count":0,"href":"https:\/\/www.europesays.com\/fr\/wp-json\/wp\/v2\/posts\/583720\/revisions"}],"wp:featuredmedia":[{"embeddable":true,"href":"https:\/\/www.europesays.com\/fr\/wp-json\/wp\/v2\/media\/583721"}],"wp:attachment":[{"href":"https:\/\/www.europesays.com\/fr\/wp-json\/wp\/v2\/media?parent=583720"}],"wp:term":[{"taxonomy":"category","embeddable":true,"href":"https:\/\/www.europesays.com\/fr\/wp-json\/wp\/v2\/categories?post=583720"},{"taxonomy":"post_tag","embeddable":true,"href":"https:\/\/www.europesays.com\/fr\/wp-json\/wp\/v2\/tags?post=583720"}],"curies":[{"name":"wp","href":"https:\/\/api.w.org\/{rel}","templated":true}]}}