{"id":583724,"date":"2025-12-07T07:15:22","date_gmt":"2025-12-07T07:15:22","guid":{"rendered":"https:\/\/www.europesays.com\/fr\/583724\/"},"modified":"2025-12-07T07:15:22","modified_gmt":"2025-12-07T07:15:22","slug":"aeroport-de-marseille-de-nouveaux-vols-vers-biarritz-les-prix-font-froid-dans-le-dos","status":"publish","type":"post","link":"https:\/\/www.europesays.com\/fr\/583724\/","title":{"rendered":"A\u00e9roport de Marseille. De nouveaux vols vers Biarritz, les prix font froid dans le dos"},"content":{"rendered":"<p>                    Par<br \/>\n        <strong><br \/>\n            <a href=\"https:\/\/actu.fr\/auteur\/thibault-nadal-actu-fr\" title=\"Consulter tous les articles de Thibault Nadal\" target=\"_blank\" rel=\"noopener\">Thibault Nadal<\/a><br \/>\n                    <\/strong><\/p>\n<p>        Publi\u00e9 le<\/p>\n<p>            7 d\u00e9c. 2025 \u00e0 5h58        <\/p>\n<p>Twin Jet a d\u00e9cid\u00e9 de miser sur la c\u00f4te atlantique. Dans un communiqu\u00e9, la compagnie annonce l\u2019ouverture d\u2019une ligne entre <a href=\"https:\/\/actu.fr\/marseille\/\" target=\"_blank\" rel=\"noopener\">Marseille<\/a> et <a href=\"https:\/\/actu.fr\/nouvelle-aquitaine\/biarritz_64122\" target=\"_blank\" rel=\"noopener\">Biarritz<\/a>, dans <strong>le Pays Basque<\/strong>.<\/p>\n<p class=\" wall-content\">Les premiers vols d\u00e9colleront du sol proven\u00e7al d\u00e9but <strong>2026<\/strong>.<\/p>\n<p class=\" wall-content\">Voici tout ce qu\u2019il faut savoir.<\/p>\n<p>Trois allers-retours par semaine<\/p>\n<p class=\" wall-content\">D\u00e8s le 26\u00a0janvier 2026, relier Marseille \u00e0 la ville des surfeurs n\u2019aura jamais \u00e9t\u00e9 aussi simple. La compagnie Twin Jet proposera <strong>trois allers-retours<\/strong> par semaine avec une dur\u00e9e de vol de 1h30.<\/p>\n<p class=\" wall-content\">Les avions quitteront l\u2019a\u00e9roport de Marignane (Bouches-du-Rh\u00f4ne) \u00e0 6h40 le <strong>lundi<\/strong> (arriv\u00e9e \u00e0 8h15) et \u00e0 11h55 le <strong>mercredi et vendredi<\/strong> pour une arriv\u00e9e \u00e0 13h30. Depuis Biarritz, le d\u00e9part s\u2019effectuera \u00e0 8h45 le lundi (arriv\u00e9e \u00e0 10h20) et \u00e0 14h mercredi et vendredi pour un atterrissage pr\u00e9vu \u00e0 15h35.<\/p>\n<p>Des vols \u00e0 partir de 287\u00a0euros<\/p>\n<p class=\" wall-content\">Si les avions de Twin Jet sont accessibles \u00e0 tous, ils visent avant tout une client\u00e8le bien sp\u00e9cifique\u2009: celle <strong>d\u2019affaires<\/strong>. Les premiers vols sont affich\u00e9s \u00e0 287\u00a0euros.<\/p>\n<p class=\" wall-content\">Avec cette nouvelle liaison, Twin Jet renforce sa pr\u00e9sence entre Marseille et la c\u00f4te atlantique. \u00c0 la rentr\u00e9e 2025, la compagnie avait <a href=\"https:\/\/actu.fr\/provence-alpes-cote-d-azur\/marignane_13054\/aeroport-de-marseille-cette-compagnie-relance-sa-ligne-vers-bordeaux-et-cible-une-clientele-precise_62953814.html\" target=\"_blank\" rel=\"noopener\">rouvert sa ligne entre la cit\u00e9 phoc\u00e9enne et Bordeaux<\/a> apr\u00e8s plusieurs ann\u00e9es de fermeture.<\/p>\n<p class=\" wall-content\">Personnalisez votre actualit\u00e9 en ajoutant vos villes et m\u00e9dias en favori avec <a href=\"https:\/\/moncompte.actu.fr\" title=\"D\u00e9couvez Mon Actu\" rel=\"nofollow noopener\" data-trk=\"{&quot;cta&quot;:{&quot;action&quot;:&quot;https:\\\/\\\/moncompte.actu.fr&quot;,&quot;category&quot;:&quot;mon compte&quot;,&quot;from&quot;:&quot;article footer&quot;,&quot;name&quot;:&quot;Mon actu&quot;,&quot;type&quot;:&quot;cta&quot;}}\" target=\"_blank\">Mon Actu<\/a>.<\/p>\n","protected":false},"excerpt":{"rendered":"Par Thibault Nadal Publi\u00e9 le 7 d\u00e9c. 2025 \u00e0 5h58 Twin Jet a d\u00e9cid\u00e9 de miser sur la&hellip;\n","protected":false},"author":2,"featured_media":583725,"comment_status":"","ping_status":"","sticky":false,"template":"","format":"standard","meta":{"footnotes":""},"categories":[2814],"tags":[1111,11,9404,1777,674,1011,27,884,12,882,25,104],"class_list":{"0":"post-583724","1":"post","2":"type-post","3":"status-publish","4":"format-standard","5":"has-post-thumbnail","7":"category-marseille","8":"tag-actu","9":"tag-actualites","10":"tag-aeroport-de-marseille-provence","11":"tag-eu","12":"tag-europe","13":"tag-fr","14":"tag-france","15":"tag-marseille","16":"tag-news","17":"tag-provence-alpes-cote-dazur","18":"tag-republique-francaise","19":"tag-societe"},"share_on_mastodon":{"url":"https:\/\/pubeurope.com\/@fr\/115677057889037054","error":""},"_links":{"self":[{"href":"https:\/\/www.europesays.com\/fr\/wp-json\/wp\/v2\/posts\/583724","targetHints":{"allow":["GET"]}}],"collection":[{"href":"https:\/\/www.europesays.com\/fr\/wp-json\/wp\/v2\/posts"}],"about":[{"href":"https:\/\/www.europesays.com\/fr\/wp-json\/wp\/v2\/types\/post"}],"author":[{"embeddable":true,"href":"https:\/\/www.europesays.com\/fr\/wp-json\/wp\/v2\/users\/2"}],"replies":[{"embeddable":true,"href":"https:\/\/www.europesays.com\/fr\/wp-json\/wp\/v2\/comments?post=583724"}],"version-history":[{"count":0,"href":"https:\/\/www.europesays.com\/fr\/wp-json\/wp\/v2\/posts\/583724\/revisions"}],"wp:featuredmedia":[{"embeddable":true,"href":"https:\/\/www.europesays.com\/fr\/wp-json\/wp\/v2\/media\/583725"}],"wp:attachment":[{"href":"https:\/\/www.europesays.com\/fr\/wp-json\/wp\/v2\/media?parent=583724"}],"wp:term":[{"taxonomy":"category","embeddable":true,"href":"https:\/\/www.europesays.com\/fr\/wp-json\/wp\/v2\/categories?post=583724"},{"taxonomy":"post_tag","embeddable":true,"href":"https:\/\/www.europesays.com\/fr\/wp-json\/wp\/v2\/tags?post=583724"}],"curies":[{"name":"wp","href":"https:\/\/api.w.org\/{rel}","templated":true}]}}