{"id":583726,"date":"2025-12-07T07:16:14","date_gmt":"2025-12-07T07:16:14","guid":{"rendered":"https:\/\/www.europesays.com\/fr\/583726\/"},"modified":"2025-12-07T07:16:14","modified_gmt":"2025-12-07T07:16:14","slug":"voici-le-classement-de-noemie-baiamonte-miss-rhone-alpes","status":"publish","type":"post","link":"https:\/\/www.europesays.com\/fr\/583726\/","title":{"rendered":"voici le classement de No\u00e9mie Baiamonte, Miss Rh\u00f4ne-Alpes"},"content":{"rendered":"<p>                    Par<br \/>\n        <strong><br \/>\n            <a href=\"https:\/\/actu.fr\/auteur\/redaction-lyon\" title=\"Consulter tous les articles de R\u00e9daction Lyon\" target=\"_blank\" rel=\"noopener\">R\u00e9daction Lyon<\/a><br \/>\n                    <\/strong><\/p>\n<p>        Publi\u00e9 le<\/p>\n<p>            7 d\u00e9c. 2025 \u00e0 6h44        <\/p>\n<p>Quelle place pour <a href=\"https:\/\/actu.fr\/auvergne-rhone-alpes\/villeurbanne_69266\/miss-france-2026-qui-est-noemie-baiamonte-la-miss-rhone-alpes-qui-peut-etre-couronnee_63536455.html\" target=\"_blank\" rel=\"noopener\">No\u00e9mie Baiamonte<\/a>, Miss Rh\u00f4ne-Alpes qui \u00e9tait en lice pour le c\u00e9l\u00e8bre concours de <a href=\"https:\/\/actu.fr\/tag\/miss-france\" target=\"_blank\" rel=\"noopener\">Miss France 2026<\/a> diffus\u00e9 samedi soir sur TF1 ? Elle n\u2019a malheureusement pas gagn\u00e9 la couronne puisque c\u2019est <a href=\"https:\/\/actu.fr\/loisirs-culture\/miss-france-2026-hinaupoko-deveze-miss-tahiti-remporte-la-couronne-et-succede-a-angelique-angarni-filopon_63541737.html\" target=\"_blank\" rel=\"noopener\">Hinaupoko Deveze, Miss Tahiti, qui a \u00e9t\u00e9 sacr\u00e9e Miss France<\/a>.\u00a0<\/p>\n<p>Pas dans les 12 demies-finalistes<\/p>\n<p class=\" wall-content\">La jeune candidate de 21 ans, et en \u00e9tudes de maquillage et d\u2019effets sp\u00e9ciaux \u00e0 Villeurbanne (Rh\u00f4ne), avait toutes ses chances pour aller loin dans l\u2019aventure.<\/p>\n<p class=\" wall-content\">Mais elle a rapidement \u00e9t\u00e9 \u00e9limin\u00e9e de la course en <strong>ne se qualifiant pas parmi les 12 demies-finalistes<\/strong> de la comp\u00e9tition. Celle qui est originaire de Saint-Etienne portait sa tenue r\u00e9gionale en hommage \u00e0 la figure du Guignol, bien connue \u00e0 <a href=\"https:\/\/actu.fr\/auvergne-rhone-alpes\/lyon_69123\" target=\"_blank\" rel=\"noopener\">Lyon<\/a>. Mais cela n\u2019a pas suffit.<\/p>\n<p>    <img   decoding=\"async\" loading=\"lazy\" src=\"https:\/\/www.europesays.com\/fr\/wp-content\/uploads\/2025\/12\/noemie-baiamonte-miss-france-2026-rhone-alpes-960x640.jpg\" alt=\"No\u00e9mie Baiamonte a \u00e9t\u00e9 \u00e9lue Miss Rh\u00f4ne-Alpes 2026.\" width=\"960\" height=\"640\"\/><br \/>\n    No\u00e9mie Baiamonte a \u00e9t\u00e9 \u00e9lue Miss Rh\u00f4ne-Alpes 2026. (\u00a9SIPA PRESS\/Benjamin DECOIN)<\/p>\n<p class=\" wall-content\">Le top 12 des Miss France 2026 :<\/p>\n<ul class=\" wall-content\">\n<li>Miss Normandie : Victoire Dupuis<\/li>\n<li>Miss C\u00f4te d\u2019Azur : Luna Maiolino\u00a0<\/li>\n<li>Miss Limousin : Alo\u00efce Sejotte<\/li>\n<li>Miss Champagne-Ardenne : Yn\u00e8s Lallemand<\/li>\n<li>Miss Nouvelle-Cal\u00e9donie : Juliette Collet<\/li>\n<li>Miss Roussillon : D\u00e9borah Adelin-Chabal<\/li>\n<li>Miss Guadeloupe : Naomi Torrent<\/li>\n<li>Miss \u00cele-de-France : Mareva Michel<\/li>\n<li>Miss Picardie : Emma Boivi<\/li>\n<li>Miss Languedoc : Lou Lambert<\/li>\n<li>Miss Tahiti : Hinaupoko Devez<\/li>\n<li>Miss Auvergne : Alice De Lima Guimaraes<\/li>\n<\/ul>\n<p>De nombreux t\u00e9l\u00e9spectateurs d\u00e9\u00e7us\u00a0<\/p>\n<p class=\" wall-content\">L\u2019\u00e9limination de Miss Rh\u00f4ne-Alpes a en tout cas d\u00e9\u00e7u de nombreux t\u00e9l\u00e9spectateurs qui ont d\u00e9plor\u00e9 la situation sur les r\u00e9seaux sociaux estimant qu\u2019elle m\u00e9ritait d\u2019aller plus loin.<\/p>\n<p>Votre r\u00e9gion, votre actu !<\/p>\n<p>Recevez chaque jour les infos qui comptent pour vous.<\/p>\n<p>\t<a href=\"https:\/\/actu.fr\/newsletter\" class=\"ac-btn ac-btn--corner ac-btn--medium ac-btn--blue800\" target=\"_blank\" rel=\"noopener\">S&rsquo;incrire<\/a><\/p>\n<p class=\" wall-content\">\n<p class=\" wall-content\">\n<p class=\" wall-content\">\n<p class=\" wall-content\">\n<p class=\" wall-content\">\n<p class=\" wall-content\">L\u2019ann\u00e9e derni\u00e8re, <a href=\"https:\/\/actu.fr\/auvergne-rhone-alpes\/lyon_69123\/miss-france-2025-voici-les-resultats-et-le-classement-d-alexcia-couly-miss-rhone-alpes_62004472.html\" target=\"_blank\" rel=\"noopener\">Alexcia Couly, Miss Rh\u00f4ne-Alpes<\/a>, \u00e9tait arriv\u00e9e derni\u00e8re du top 15 de la demi-finale de Miss France 2025.<\/p>\n<p class=\" wall-content\">Personnalisez votre actualit\u00e9 en ajoutant vos villes et m\u00e9dias en favori avec <a href=\"https:\/\/moncompte.actu.fr\" title=\"D\u00e9couvez Mon Actu\" rel=\"nofollow noopener\" data-trk=\"{&quot;cta&quot;:{&quot;action&quot;:&quot;https:\\\/\\\/moncompte.actu.fr&quot;,&quot;category&quot;:&quot;mon compte&quot;,&quot;from&quot;:&quot;article footer&quot;,&quot;name&quot;:&quot;Mon actu&quot;,&quot;type&quot;:&quot;cta&quot;}}\" target=\"_blank\">Mon Actu<\/a>.<\/p>\n","protected":false},"excerpt":{"rendered":"Par R\u00e9daction Lyon Publi\u00e9 le 7 d\u00e9c. 2025 \u00e0 6h44 Quelle place pour No\u00e9mie Baiamonte, Miss Rh\u00f4ne-Alpes qui&hellip;\n","protected":false},"author":2,"featured_media":583727,"comment_status":"","ping_status":"","sticky":false,"template":"","format":"standard","meta":{"footnotes":""},"categories":[1889],"tags":[1111,11,2430,1777,674,1011,27,2428,3034,12,25,104],"class_list":{"0":"post-583726","1":"post","2":"type-post","3":"status-publish","4":"format-standard","5":"has-post-thumbnail","7":"category-lyon","8":"tag-actu","9":"tag-actualites","10":"tag-auvergne-rhone-alpes","11":"tag-eu","12":"tag-europe","13":"tag-fr","14":"tag-france","15":"tag-lyon","16":"tag-miss-france","17":"tag-news","18":"tag-republique-francaise","19":"tag-societe"},"share_on_mastodon":{"url":"https:\/\/pubeurope.com\/@fr\/115677062654696772","error":""},"_links":{"self":[{"href":"https:\/\/www.europesays.com\/fr\/wp-json\/wp\/v2\/posts\/583726","targetHints":{"allow":["GET"]}}],"collection":[{"href":"https:\/\/www.europesays.com\/fr\/wp-json\/wp\/v2\/posts"}],"about":[{"href":"https:\/\/www.europesays.com\/fr\/wp-json\/wp\/v2\/types\/post"}],"author":[{"embeddable":true,"href":"https:\/\/www.europesays.com\/fr\/wp-json\/wp\/v2\/users\/2"}],"replies":[{"embeddable":true,"href":"https:\/\/www.europesays.com\/fr\/wp-json\/wp\/v2\/comments?post=583726"}],"version-history":[{"count":0,"href":"https:\/\/www.europesays.com\/fr\/wp-json\/wp\/v2\/posts\/583726\/revisions"}],"wp:featuredmedia":[{"embeddable":true,"href":"https:\/\/www.europesays.com\/fr\/wp-json\/wp\/v2\/media\/583727"}],"wp:attachment":[{"href":"https:\/\/www.europesays.com\/fr\/wp-json\/wp\/v2\/media?parent=583726"}],"wp:term":[{"taxonomy":"category","embeddable":true,"href":"https:\/\/www.europesays.com\/fr\/wp-json\/wp\/v2\/categories?post=583726"},{"taxonomy":"post_tag","embeddable":true,"href":"https:\/\/www.europesays.com\/fr\/wp-json\/wp\/v2\/tags?post=583726"}],"curies":[{"name":"wp","href":"https:\/\/api.w.org\/{rel}","templated":true}]}}