{"id":583728,"date":"2025-12-07T07:17:15","date_gmt":"2025-12-07T07:17:15","guid":{"rendered":"https:\/\/www.europesays.com\/fr\/583728\/"},"modified":"2025-12-07T07:17:15","modified_gmt":"2025-12-07T07:17:15","slug":"rhone-le-concert-du-gouverneur-militaire-de-lyon-fetera-les-130-ans-du-cinema","status":"publish","type":"post","link":"https:\/\/www.europesays.com\/fr\/583728\/","title":{"rendered":"Rh\u00f4ne. Le concert du Gouverneur militaire de Lyon f\u00eatera les 130 ans du cin\u00e9ma"},"content":{"rendered":"<p>Les 130 ans du cin\u00e9ma, invent\u00e9 par les fr\u00e8res Lumi\u00e8re \u00e0 Lyon, seront f\u00eat\u00e9s en musique. Le traditionnel concert du Gouverneur militaire de Lyon, pr\u00e9vu le 16\u00a0d\u00e9cembre, \u00e0 la Bourse du travail (place Guichard, Lyon 3e ), fera la part belle aux musiques cultes de films. La <a href=\"https:\/\/www.leprogres.fr\/defense-guerre-conflit\/2022\/11\/06\/quand-l-armee-se-met-au-jazz-et-a-l-opera-pour-soutenir-les-soldats-blesses\" target=\"_blank\" rel=\"noopener\">musique de l\u2019Artillerie<\/a> (Lyon) et la Fanfare du 27\u1d49 bataillon des chasseurs alpins (Annecy) se produiront d\u00e8s 20 heures. L\u2019entr\u00e9e est gratuite.<\/p>\n<p>  \u00ab\u00a0Ils font rayonner l\u2019arm\u00e9e\u00a0\u00bb<\/p>\n<p>\u00ab\u00a0Ce sont des vrais professionnels de la musique, loue le g\u00e9n\u00e9ral Alain Lardet, gouverneur militaire de Lyon. Ils font rayonner l\u2019arm\u00e9e de Terre, donnent l\u2019image d\u2019une arm\u00e9e ouverte sur le monde.\u00a0\u00bb<\/p>\n<p><a href=\"https:\/\/www.defense.gouv.fr\/defense-sud-est\/concert-du-gouverneur-militaire-lyon-cinema-lhonneur#:~:text=Le%2520mardi%252016%2520d%25C3%25A9cembre%25202025,du%2520gouverneur%2520militaire%2520de%2520Lyon.\" target=\"_blank\" rel=\"noopener\">L\u2019\u00e9v\u00e9nement<\/a> sera l\u2019occasion d\u2019une \u00ab\u00a0collecte de dons au profit du Bleuet de France, une \u0153uvre nationale qui vient en aide aux anciens combattants et \u00e0 leurs familles en cas de blessure ou de d\u00e9c\u00e8s, ainsi qu\u2019aux victimes d\u2019actes terroristes\u00a0\u00bb, pr\u00e9cise la zone de d\u00e9fense Sud-Est.<\/p>\n","protected":false},"excerpt":{"rendered":"Les 130 ans du cin\u00e9ma, invent\u00e9 par les fr\u00e8res Lumi\u00e8re \u00e0 Lyon, seront f\u00eat\u00e9s en musique. Le traditionnel&hellip;\n","protected":false},"author":2,"featured_media":583729,"comment_status":"","ping_status":"","sticky":false,"template":"","format":"standard","meta":{"footnotes":""},"categories":[1889],"tags":[1111,11,2430,1687,3206,2757,1777,674,1011,27,2428,2756,873,12,25],"class_list":{"0":"post-583728","1":"post","2":"type-post","3":"status-publish","4":"format-standard","5":"has-post-thumbnail","7":"category-lyon","8":"tag-actu","9":"tag-actualites","10":"tag-auvergne-rhone-alpes","11":"tag-culture-loisirs","12":"tag-defense-guerre-conflit","13":"tag-edition-lyon-villeurbanne","14":"tag-eu","15":"tag-europe","16":"tag-fr","17":"tag-france","18":"tag-lyon","19":"tag-lyon-bassin","20":"tag-musique","21":"tag-news","22":"tag-republique-francaise"},"share_on_mastodon":{"url":"https:\/\/pubeurope.com\/@fr\/115677065627025069","error":""},"_links":{"self":[{"href":"https:\/\/www.europesays.com\/fr\/wp-json\/wp\/v2\/posts\/583728","targetHints":{"allow":["GET"]}}],"collection":[{"href":"https:\/\/www.europesays.com\/fr\/wp-json\/wp\/v2\/posts"}],"about":[{"href":"https:\/\/www.europesays.com\/fr\/wp-json\/wp\/v2\/types\/post"}],"author":[{"embeddable":true,"href":"https:\/\/www.europesays.com\/fr\/wp-json\/wp\/v2\/users\/2"}],"replies":[{"embeddable":true,"href":"https:\/\/www.europesays.com\/fr\/wp-json\/wp\/v2\/comments?post=583728"}],"version-history":[{"count":0,"href":"https:\/\/www.europesays.com\/fr\/wp-json\/wp\/v2\/posts\/583728\/revisions"}],"wp:featuredmedia":[{"embeddable":true,"href":"https:\/\/www.europesays.com\/fr\/wp-json\/wp\/v2\/media\/583729"}],"wp:attachment":[{"href":"https:\/\/www.europesays.com\/fr\/wp-json\/wp\/v2\/media?parent=583728"}],"wp:term":[{"taxonomy":"category","embeddable":true,"href":"https:\/\/www.europesays.com\/fr\/wp-json\/wp\/v2\/categories?post=583728"},{"taxonomy":"post_tag","embeddable":true,"href":"https:\/\/www.europesays.com\/fr\/wp-json\/wp\/v2\/tags?post=583728"}],"curies":[{"name":"wp","href":"https:\/\/api.w.org\/{rel}","templated":true}]}}