{"id":583730,"date":"2025-12-07T07:21:24","date_gmt":"2025-12-07T07:21:24","guid":{"rendered":"https:\/\/www.europesays.com\/fr\/583730\/"},"modified":"2025-12-07T07:21:24","modified_gmt":"2025-12-07T07:21:24","slug":"mma-les-alesiens-de-la-warrior-academy-reviennent-dile-de-france-avec-plusieurs-trophees","status":"publish","type":"post","link":"https:\/\/www.europesays.com\/fr\/583730\/","title":{"rendered":"MMA\u00a0: les Al\u00e9siens de la Warrior Academy reviennent d\u2019\u00cele-de-France avec plusieurs troph\u00e9es"},"content":{"rendered":"<p>\n                                                                Six athl\u00e8tes se sont rendus \u00e0 Grigny pour combattre, les 29 et 30\u00a0novembre.\n                            <\/p>\n<p>La Warrior Academy d\u2019Al\u00e8s s\u2019est d\u00e9plac\u00e9e, durant le week-end des 29 et 30\u00a0novembre, jusqu\u2019en r\u00e9gion parisienne o\u00f9, \u00e0 Grigny, se d\u00e9roulaient les championnats de France de MMA G-Fight juniors et adultes. Les six athl\u00e8tes engag\u00e9s n\u2019ont conc\u00e9d\u00e9 que trois d\u00e9faites, sur les onze combats men\u00e9s.<\/p>\n<p>Deux Gardois deviennent champions de France<\/p>\n<p>Au final, Po\u00ebma Abadie et Evan Gonthier sont sacr\u00e9s champions de France. Nathan B\u00e9thune et Ronan Pallares deviennent vices-champions de France. Tess Benyahia s\u2019est inclin\u00e9e en quart de finale \u00e0 la d\u00e9cision partag\u00e9e.<\/p>\n","protected":false},"excerpt":{"rendered":"Six athl\u00e8tes se sont rendus \u00e0 Grigny pour combattre, les 29 et 30\u00a0novembre. La Warrior Academy d\u2019Al\u00e8s s\u2019est&hellip;\n","protected":false},"author":2,"featured_media":583731,"comment_status":"","ping_status":"","sticky":false,"template":"","format":"standard","meta":{"footnotes":""},"categories":[1592],"tags":[1111,11,2678,1777,674,1011,27,2679,662,12,626,25,517],"class_list":{"0":"post-583730","1":"post","2":"type-post","3":"status-publish","4":"format-standard","5":"has-post-thumbnail","7":"category-ile-de-france","8":"tag-actu","9":"tag-actualites","10":"tag-ales","11":"tag-eu","12":"tag-europe","13":"tag-fr","14":"tag-france","15":"tag-gard","16":"tag-ile-de-france","17":"tag-news","18":"tag-paris","19":"tag-republique-francaise","20":"tag-sport"},"share_on_mastodon":{"url":"https:\/\/pubeurope.com\/@fr\/115677081304416708","error":""},"_links":{"self":[{"href":"https:\/\/www.europesays.com\/fr\/wp-json\/wp\/v2\/posts\/583730","targetHints":{"allow":["GET"]}}],"collection":[{"href":"https:\/\/www.europesays.com\/fr\/wp-json\/wp\/v2\/posts"}],"about":[{"href":"https:\/\/www.europesays.com\/fr\/wp-json\/wp\/v2\/types\/post"}],"author":[{"embeddable":true,"href":"https:\/\/www.europesays.com\/fr\/wp-json\/wp\/v2\/users\/2"}],"replies":[{"embeddable":true,"href":"https:\/\/www.europesays.com\/fr\/wp-json\/wp\/v2\/comments?post=583730"}],"version-history":[{"count":0,"href":"https:\/\/www.europesays.com\/fr\/wp-json\/wp\/v2\/posts\/583730\/revisions"}],"wp:featuredmedia":[{"embeddable":true,"href":"https:\/\/www.europesays.com\/fr\/wp-json\/wp\/v2\/media\/583731"}],"wp:attachment":[{"href":"https:\/\/www.europesays.com\/fr\/wp-json\/wp\/v2\/media?parent=583730"}],"wp:term":[{"taxonomy":"category","embeddable":true,"href":"https:\/\/www.europesays.com\/fr\/wp-json\/wp\/v2\/categories?post=583730"},{"taxonomy":"post_tag","embeddable":true,"href":"https:\/\/www.europesays.com\/fr\/wp-json\/wp\/v2\/tags?post=583730"}],"curies":[{"name":"wp","href":"https:\/\/api.w.org\/{rel}","templated":true}]}}