{"id":583732,"date":"2025-12-07T07:23:15","date_gmt":"2025-12-07T07:23:15","guid":{"rendered":"https:\/\/www.europesays.com\/fr\/583732\/"},"modified":"2025-12-07T07:23:15","modified_gmt":"2025-12-07T07:23:15","slug":"le-street-artiste-c215-signe-de-nouvelles-oeuvres-sur-les-toits-de-paris-comment-se-les-offrir","status":"publish","type":"post","link":"https:\/\/www.europesays.com\/fr\/583732\/","title":{"rendered":"Le street artiste C215 signe de nouvelles \u0153uvres sur les toits de Paris : comment se les offrir\u00a0?"},"content":{"rendered":"<p>                    Par<br \/>\n        <strong><br \/>\n            <a href=\"https:\/\/actu.fr\/auteur\/ines-cussac-actu-fr\" title=\"Consulter tous les articles de In\u00e8s Cussac\" target=\"_blank\" rel=\"noopener\">In\u00e8s Cussac<\/a><br \/>\n                    <\/strong><\/p>\n<p>        Publi\u00e9 le<\/p>\n<p>            7 d\u00e9c. 2025 \u00e0 8h00        <\/p>\n<p>Le renouveau commence par un retour aux sources. Entre le tumulte de la rentr\u00e9e et les f\u00eates de fin d\u2019ann\u00e9e, la startup <strong>Toit de Paris<\/strong> a choisi son cr\u00e9neau pour d\u00e9m\u00e9nager et lancer sa collaboration avec <a href=\"https:\/\/actu.fr\/ile-de-france\/paris_75056\/paris-une-oeuvre-de-c215-a-l-effigie-de-simone-veil-degradee-pres-du-memorial-de-la-shoah_61941106.html\" target=\"_blank\" rel=\"noopener\">l\u2019artiste C215<\/a>, figure du street art en France. <\/p>\n<p class=\" wall-content\">Pour Constance Fichet-Schulz, <a href=\"https:\/\/actu.fr\/ile-de-france\/paris_75056\/s-offrir-un-bout-de-toit-de-paris-a-50-euros-c-est-possible_44245017.html\" target=\"_blank\" rel=\"noopener\">initiatrice du projet visant \u00e0 transformer des couvertures en zinc en objets d\u2019art<\/a>, cette premi\u00e8re capsule signe la rencontre entre <strong>deux symboles parisiens<\/strong>. L\u2019un, l\u2019artiste, est connu notamment pour avoir r\u00e9alis\u00e9 <a href=\"https:\/\/actu.fr\/ile-de-france\/paris_75056\/les-portraits-historiques-du-street-artist-c215-effaces-a-l-approche-des-jo-de-paris-2024_59728583.html\" target=\"_blank\" rel=\"noopener\">des portraits historiques sur les bo\u00eetes aux lettres de la capitale<\/a>. L\u2019autre, le couvreur zingueur au savoir-faire class\u00e9 au <a href=\"https:\/\/actu.fr\/ile-de-france\/paris_75056\/le-savoir-faire-des-couvreurs-zingueurs-de-paris-au-patrimoine-de-l-unesco-ca-va-faire-parler-du-metier_62383144.html\" target=\"_blank\" rel=\"noopener\">patrimoine culturel immat\u00e9riel de l\u2019Unesco<\/a>, fa\u00e7onne le gris de Paris depuis pr\u00e8s de 200\u00a0ans. \u00ab\u2009Cette collaboration avec un artiste engag\u00e9 et marqu\u00e9 \u00e0 Paris, vient sublimer l\u2019\u0153uvre de l\u2019artisan\u2009\u00bb, fait remarquer l\u2019entrepreneuse.<\/p>\n<p>Victor Hugo, Arthur Rimbaud et Charles Baudelaire<\/p>\n<p class=\" wall-content\">Apr\u00e8s un d\u00e9part de l\u2019atelier situ\u00e9 pr\u00e8s de Nantes (Loire-Atlantique) vers Clichy (Hauts-de-Seine), initi\u00e9 en octobre\u00a02025, Toit de Paris peut d\u00e9sormais revendiquer l\u2019\u00e9tiquette \u00ab\u2009fabriqu\u00e9e en \u00cele-de-France\u2009\u00bb. Entre la reprise du zinc sur les chantiers \u00e0 Paris, le stockage, le nettoyage et la d\u00e9coupe \u00e0 Villepinte (Seine-Saint-Denis) ou encore le pliage \u00e0 Massy (Essonne) la production se veut locale en plus d\u2019\u00eatre circulaire.<\/p>\n<p class=\" wall-content\">Pour rappel, le mat\u00e9riau embl\u00e9matique choisi par le baron Haussmann doit \u00eatre chang\u00e9 tous les demi-si\u00e8cles aujourd\u2019hui. \u00ab\u2009C\u2019\u00e9tait un challenge de faire un marquage sur un mat\u00e9riau de plus de 50\u00a0ans\u2009\u00bb, t\u00e9moigne Constance Fichet-Schulz dont chaque pi\u00e8ce vendue comme<strong> \u00ab\u2009un morceau de Paris\u2009\u00bb<\/strong> se veut aussi l\u2019illustration d\u2019une production bas carbone et responsable.<\/p>\n<p class=\" wall-content\">Ainsi, l\u2019artiste C215 a d\u00fb composer avec un support ayant d\u00e9j\u00e0 vibr\u00e9 dans un environnement ext\u00e9rieur. La profondeur de champ, les nuances de gris, les \u00e9clats de peinture \u00e0 la bombe\u2026 Chaque d\u00e9tail a \u00e9t\u00e9 travaill\u00e9 pour <a href=\"https:\/\/www.toitdeparis.com\/product-page\/collaboration-exceptionnelle\" target=\"_blank\" rel=\"noopener\">les 30 exemplaires num\u00e9rot\u00e9s<\/a> par portrait et sign\u00e9s de la main du street-artiste.<\/p>\n<p class=\" wall-content\">Les figures de Victor Hugo, Arthur Rimbaud et Charles Baudelaire n\u2019ont pas \u00e9t\u00e9 d\u00e9sign\u00e9es au hasard. \u00ab\u2009Ce sont les ic\u00f4nes litt\u00e9raires du XIXe\u00a0si\u00e8cle, qui vivait sous Haussmann\u2009\u00bb, retrace Constance Fichet-Schulz. Un moyen de faire dialoguer le patrimoine, l\u2019art et la durabilit\u00e9.<\/p>\n<p class=\" wall-content\">Personnalisez votre actualit\u00e9 en ajoutant vos villes et m\u00e9dias en favori avec <a href=\"https:\/\/moncompte.actu.fr\" title=\"D\u00e9couvez Mon Actu\" rel=\"nofollow noopener\" data-trk=\"{&quot;cta&quot;:{&quot;action&quot;:&quot;https:\\\/\\\/moncompte.actu.fr&quot;,&quot;category&quot;:&quot;mon compte&quot;,&quot;from&quot;:&quot;article footer&quot;,&quot;name&quot;:&quot;Mon actu&quot;,&quot;type&quot;:&quot;cta&quot;}}\" target=\"_blank\">Mon Actu<\/a>.<\/p>\n","protected":false},"excerpt":{"rendered":"Par In\u00e8s Cussac Publi\u00e9 le 7 d\u00e9c. 2025 \u00e0 8h00 Le renouveau commence par un retour aux sources.&hellip;\n","protected":false},"author":2,"featured_media":583733,"comment_status":"","ping_status":"","sticky":false,"template":"","format":"standard","meta":{"footnotes":""},"categories":[1888],"tags":[1111,1928,11,1927,1477,1777,674,1011,27,12,1926,626,1925,2551,25,104,7189],"class_list":{"0":"post-583732","1":"post","2":"type-post","3":"status-publish","4":"format-standard","5":"has-post-thumbnail","7":"category-paris","8":"tag-actu","9":"tag-actu-paris","10":"tag-actualites","11":"tag-actualites-paris","12":"tag-artisanat","13":"tag-eu","14":"tag-europe","15":"tag-fr","16":"tag-france","17":"tag-news","18":"tag-news-paris","19":"tag-paris","20":"tag-paris-news","21":"tag-patrimoine","22":"tag-republique-francaise","23":"tag-societe","24":"tag-street-art"},"share_on_mastodon":{"url":"https:\/\/pubeurope.com\/@fr\/115677089268005564","error":""},"_links":{"self":[{"href":"https:\/\/www.europesays.com\/fr\/wp-json\/wp\/v2\/posts\/583732","targetHints":{"allow":["GET"]}}],"collection":[{"href":"https:\/\/www.europesays.com\/fr\/wp-json\/wp\/v2\/posts"}],"about":[{"href":"https:\/\/www.europesays.com\/fr\/wp-json\/wp\/v2\/types\/post"}],"author":[{"embeddable":true,"href":"https:\/\/www.europesays.com\/fr\/wp-json\/wp\/v2\/users\/2"}],"replies":[{"embeddable":true,"href":"https:\/\/www.europesays.com\/fr\/wp-json\/wp\/v2\/comments?post=583732"}],"version-history":[{"count":0,"href":"https:\/\/www.europesays.com\/fr\/wp-json\/wp\/v2\/posts\/583732\/revisions"}],"wp:featuredmedia":[{"embeddable":true,"href":"https:\/\/www.europesays.com\/fr\/wp-json\/wp\/v2\/media\/583733"}],"wp:attachment":[{"href":"https:\/\/www.europesays.com\/fr\/wp-json\/wp\/v2\/media?parent=583732"}],"wp:term":[{"taxonomy":"category","embeddable":true,"href":"https:\/\/www.europesays.com\/fr\/wp-json\/wp\/v2\/categories?post=583732"},{"taxonomy":"post_tag","embeddable":true,"href":"https:\/\/www.europesays.com\/fr\/wp-json\/wp\/v2\/tags?post=583732"}],"curies":[{"name":"wp","href":"https:\/\/api.w.org\/{rel}","templated":true}]}}