{"id":583740,"date":"2025-12-07T07:27:15","date_gmt":"2025-12-07T07:27:15","guid":{"rendered":"https:\/\/www.europesays.com\/fr\/583740\/"},"modified":"2025-12-07T07:27:15","modified_gmt":"2025-12-07T07:27:15","slug":"le-deal-impossible-qui-unit-poutine-trump-et-la-chine","status":"publish","type":"post","link":"https:\/\/www.europesays.com\/fr\/583740\/","title":{"rendered":"le deal impossible qui unit Poutine, Trump et la Chine"},"content":{"rendered":"<p>Au moment m\u00eame o\u00f9 <a class=\"Link\" href=\"https:\/\/www.lepoint.fr\/monde\/ukraine-zelensky-a-paris-witkoff-a-moscou-qu-attendre-des-nouvelles-negociations-01-12-2025-2604368_24.php\" title=\"\" data-gtm=\"click:capsule\" data-capsule=\"Lien\" target=\"_blank\" rel=\"noopener\">une d\u00e9l\u00e9gation am\u00e9ricaine se rendait \u00e0 Moscou pour pr\u00e9senter des propositions de paix \u00e0 Poutine<\/a>, le ministre chinois des Affaires \u00e9trang\u00e8res, Wang Yi, y arrivait. Nul n&rsquo;aura la na\u00efvet\u00e9, j&rsquo;esp\u00e8re, d&rsquo;y voir le hasard des agendas. Dans ce cas, il aurait \u00e9t\u00e9 ais\u00e9 d&rsquo;expliquer la n\u00e9cessit\u00e9 de reporter une visite que n&rsquo;imposait d&rsquo;ailleurs aucune urgence. Toujours est-il qu&rsquo;\u00c9tats-Unis, <a class=\"Link\" href=\"https:\/\/www.lepoint.fr\/tags\/russie\" data-gtm=\"click:capsule\" data-capsule=\"Lien\" target=\"_blank\" rel=\"noopener\">Russie<\/a> et Chine se retrouvaient repr\u00e9sent\u00e9s dans la m\u00eame ville au moment o\u00f9 s&rsquo;y discutait le sort de l&rsquo;Ukraine.\u00a0<\/p>\n<p>Que voulaient-ils y faire\u00a0? En tout cas, une chose est s\u00fbre\u00a0: l&rsquo;h\u00f4te russe refuse toute notion de compromis pour mettre un terme \u00e0 la guerre. Il s&rsquo;en tient \u00e0 ses objectifs initiaux, l&rsquo;annexion de quatre provinces et la vassalisation du reste. Il se pr\u00eate n\u00e9anmoins \u00e0 la m\u00e9diation am\u00e9ric&#8230;<\/p>\n<p>Toute l\u2019actualit\u00e9 \u00e0 1\u20ac le premier mois<\/p>\n<p><a href=\"https:\/\/abo.lepoint.fr\/?provenance=21EDI020098\" class=\"btn\" title=\"S&#039;abonner\" data-gtm=\"click:abo|display:abo\" data-campaign=\"paywall_maison\" target=\"_blank\" rel=\"noopener\">S&rsquo;abonner<\/a><\/p>\n<p>ou<\/p>\n","protected":false},"excerpt":{"rendered":"Au moment m\u00eame o\u00f9 une d\u00e9l\u00e9gation am\u00e9ricaine se rendait \u00e0 Moscou pour pr\u00e9senter des propositions de paix \u00e0&hellip;\n","protected":false},"author":2,"featured_media":583741,"comment_status":"","ping_status":"","sticky":false,"template":"","format":"standard","meta":{"footnotes":""},"categories":[1591],"tags":[11,75,1887,49211,12,1885,1886,132,220,135],"class_list":{"0":"post-583740","1":"post","2":"type-post","3":"status-publish","4":"format-standard","5":"has-post-thumbnail","7":"category-russie","8":"tag-actualites","9":"tag-donald-trump","10":"tag-federation-de-russie","11":"tag-la-chronique-de-gerard-araud","12":"tag-news","13":"tag-russia","14":"tag-russian-federation","15":"tag-russie","16":"tag-ukraine","17":"tag-vladimir-poutine"},"share_on_mastodon":{"url":"https:\/\/pubeurope.com\/@fr\/115677104942572329","error":""},"_links":{"self":[{"href":"https:\/\/www.europesays.com\/fr\/wp-json\/wp\/v2\/posts\/583740","targetHints":{"allow":["GET"]}}],"collection":[{"href":"https:\/\/www.europesays.com\/fr\/wp-json\/wp\/v2\/posts"}],"about":[{"href":"https:\/\/www.europesays.com\/fr\/wp-json\/wp\/v2\/types\/post"}],"author":[{"embeddable":true,"href":"https:\/\/www.europesays.com\/fr\/wp-json\/wp\/v2\/users\/2"}],"replies":[{"embeddable":true,"href":"https:\/\/www.europesays.com\/fr\/wp-json\/wp\/v2\/comments?post=583740"}],"version-history":[{"count":0,"href":"https:\/\/www.europesays.com\/fr\/wp-json\/wp\/v2\/posts\/583740\/revisions"}],"wp:featuredmedia":[{"embeddable":true,"href":"https:\/\/www.europesays.com\/fr\/wp-json\/wp\/v2\/media\/583741"}],"wp:attachment":[{"href":"https:\/\/www.europesays.com\/fr\/wp-json\/wp\/v2\/media?parent=583740"}],"wp:term":[{"taxonomy":"category","embeddable":true,"href":"https:\/\/www.europesays.com\/fr\/wp-json\/wp\/v2\/categories?post=583740"},{"taxonomy":"post_tag","embeddable":true,"href":"https:\/\/www.europesays.com\/fr\/wp-json\/wp\/v2\/tags?post=583740"}],"curies":[{"name":"wp","href":"https:\/\/api.w.org\/{rel}","templated":true}]}}