{"id":583748,"date":"2025-12-07T07:31:19","date_gmt":"2025-12-07T07:31:19","guid":{"rendered":"https:\/\/www.europesays.com\/fr\/583748\/"},"modified":"2025-12-07T07:31:19","modified_gmt":"2025-12-07T07:31:19","slug":"pourquoi-cette-visite-suscite-la-controverse-en-allemagne","status":"publish","type":"post","link":"https:\/\/www.europesays.com\/fr\/583748\/","title":{"rendered":"pourquoi cette visite suscite la controverse en Allemagne ?"},"content":{"rendered":"<p>C\u2019est un voyage controvers\u00e9 que va effectuer ce dimanche 7\u00a0d\u00e9cembre Friedrich Merz en Isra\u00ebl. Ce sera la premi\u00e8re rencontre officielle entre le premier ministre isra\u00e9lien et le nouveau chancelier, entr\u00e9 en fonction en mai. Repouss\u00e9e en raison de la guerre \u00e0 Gaza, cette visite a \u00e9t\u00e9 rendue possible par le cessez-le-feu du 11\u00a0octobre. <\/p>\n<p>Cet article est r\u00e9serv\u00e9 aux abonn\u00e9s<\/p>\n<p>\n                    Vous souhaitez lire la suite\u00a0? Abonnez-vous sans engagement \u00e0 notre offre num\u00e9rique\n                <\/p>\n<p>                <a href=\"https:\/\/www.la-croix.com\/abonnement\" class=\"default-paywall__subscribe-button\" data-tracking=\"cta_click\" data-tracking-action=\"voir la page abonnement\" data-tracking-category=\"abonnement\" target=\"_blank\" rel=\"noopener\">Je m&rsquo;abonne<\/a><\/p>\n","protected":false},"excerpt":{"rendered":"C\u2019est un voyage controvers\u00e9 que va effectuer ce dimanche 7\u00a0d\u00e9cembre Friedrich Merz en Isra\u00ebl. Ce sera la premi\u00e8re&hellip;\n","protected":false},"author":2,"featured_media":583749,"comment_status":"","ping_status":"","sticky":false,"template":"","format":"standard","meta":{"footnotes":""},"categories":[1587],"tags":[11,672,1804,1805,1803,1777,674,1801,12,1802],"class_list":{"0":"post-583748","1":"post","2":"type-post","3":"status-publish","4":"format-standard","5":"has-post-thumbnail","7":"category-allemagne","8":"tag-actualites","9":"tag-allemagne","10":"tag-bundesrepublik-deutschland","11":"tag-de","12":"tag-deutschland","13":"tag-eu","14":"tag-europe","15":"tag-germany","16":"tag-news","17":"tag-republique-federale-dallemagne"},"share_on_mastodon":{"url":"https:\/\/pubeurope.com\/@fr\/115677120732452514","error":""},"_links":{"self":[{"href":"https:\/\/www.europesays.com\/fr\/wp-json\/wp\/v2\/posts\/583748","targetHints":{"allow":["GET"]}}],"collection":[{"href":"https:\/\/www.europesays.com\/fr\/wp-json\/wp\/v2\/posts"}],"about":[{"href":"https:\/\/www.europesays.com\/fr\/wp-json\/wp\/v2\/types\/post"}],"author":[{"embeddable":true,"href":"https:\/\/www.europesays.com\/fr\/wp-json\/wp\/v2\/users\/2"}],"replies":[{"embeddable":true,"href":"https:\/\/www.europesays.com\/fr\/wp-json\/wp\/v2\/comments?post=583748"}],"version-history":[{"count":0,"href":"https:\/\/www.europesays.com\/fr\/wp-json\/wp\/v2\/posts\/583748\/revisions"}],"wp:featuredmedia":[{"embeddable":true,"href":"https:\/\/www.europesays.com\/fr\/wp-json\/wp\/v2\/media\/583749"}],"wp:attachment":[{"href":"https:\/\/www.europesays.com\/fr\/wp-json\/wp\/v2\/media?parent=583748"}],"wp:term":[{"taxonomy":"category","embeddable":true,"href":"https:\/\/www.europesays.com\/fr\/wp-json\/wp\/v2\/categories?post=583748"},{"taxonomy":"post_tag","embeddable":true,"href":"https:\/\/www.europesays.com\/fr\/wp-json\/wp\/v2\/tags?post=583748"}],"curies":[{"name":"wp","href":"https:\/\/api.w.org\/{rel}","templated":true}]}}