{"id":583756,"date":"2025-12-07T07:35:21","date_gmt":"2025-12-07T07:35:21","guid":{"rendered":"https:\/\/www.europesays.com\/fr\/583756\/"},"modified":"2025-12-07T07:35:21","modified_gmt":"2025-12-07T07:35:21","slug":"angelique-angarni-filopon-emue-pour-ses-adieux","status":"publish","type":"post","link":"https:\/\/www.europesays.com\/fr\/583756\/","title":{"rendered":"Ang\u00e9lique Angarni-Filopon, \u00e9mue pour ses adieux"},"content":{"rendered":"<p class=\"article-p mdl\">Passage oblig\u00e9 de la\u00a0<a class=\"link\" href=\"https:\/\/www.rtl.fr\/culture\/medias-people\/en-direct-miss-france-2026-suivez-la-ceremonie-decouvrez-les-portraits-et-la-gagnante-7900574884\" title=\"EN DIRECT - Miss France 2026 : les 5 finalistes du concours sont connues, suivez la c\u00e9r\u00e9monie\" target=\"_blank\" rel=\"noopener\">c\u00e9r\u00e9monie de Miss France<\/a>, la laur\u00e9ate de la pr\u00e9c\u00e9dente \u00e9dition,\u00a0<a class=\"link\" href=\"https:\/\/www.rtl.fr\/culture\/medias-people\/ravie-de-laisser-la-place-miss-france-2025-angelique-angarni-philoppon-fait-le-bilan-de-son-regne-et-adresse-un-message-a-la-future-laureate-7900574341\" title=\"&quot;Ravie de laisser la place&quot; : Miss France 2025, Ang\u00e9lique Angarni-Philoppon, fait le bilan de son r\u00e8gne et adresse un message \u00e0 la future laur\u00e9ate\" target=\"_blank\" rel=\"noopener\">Ang\u00e9lique Angarni-Filopon<\/a>, est venue rendre sa couronne. Miss France 2025, tr\u00e8s \u00e9mue comme lors de tous ses passages sur sc\u00e8ne au cours de la soir\u00e9e, a r\u00e9pondu \u00e0 quelques questions de Jean-Pierre Foucault.<\/p>\n<p class=\"article-p mdl\">Dans son discours, elle a dit esp\u00e9rer que le public sera \u00ab\u00a0<strong>un petit plus bienveillant<\/strong>\u00a0\u00bb avec celle qui lui succ\u00e8dera. Au micro de RTL, l&rsquo;ancienne Miss Martinique confiait il y a quelques jours avoir v\u00e9cu une ann\u00e9e difficile.<\/p>\n<p class=\"article-p mdl\">Son r\u00e8gne a \u00e9t\u00e9 jalonn\u00e9 par les commentaires haineux et racistes, et ce d\u00e8s son sacre. Couronn\u00e9e \u00e0 l&rsquo;\u00e2ge de 34 ans, elle est devenue la Miss France la plus \u00e2g\u00e9e de l&rsquo;histoire, suscitant de nombreuses critiques, sexistes et racistes, du fait \u00e9galement de son origine. \u00ab\u00a0N&rsquo;importe qui \u00e0 ma place aurait voulu tout abandonner\u00a0\u00bb, assurait Ang\u00e9lique Angarni-Filopon.<\/p>\n<p class=\"article-p mdl\">Sur RTL,\u00a0<a class=\"link\" href=\"https:\/\/www.rtl.fr\/culture\/medias-people\/miss-france-2026-sur-rtl-jean-pierre-foucault-lance-un-appel-a-la-bienveillance-7900574751\" title=\"Miss France 2026 : sur RTL, Jean-Pierre Foucault lance un appel \u00e0 la &quot;bienveillance&quot;\" target=\"_blank\" rel=\"noopener\">Jean-Pierre Foucault avait lui aussi appel\u00e9<\/a>\u00a0\u00e0 la \u00ab\u00a0bienveillance\u00a0\u00bb du grand public vis-\u00e0-vis des Miss engag\u00e9es dans ce concours.<\/p>\n<p>            Miss France 2025 participera \u00e0 \u00ab\u00a0Danse avec les Stars\u00a0\u00bb<\/p>\n<p class=\"article-p mdl\">\u00c0 l&rsquo;occasion de son passage sur la sc\u00e8ne du Z\u00e9nith d&rsquo;Amiens, Ang\u00e9lique Angarni-Filopon a \u00e9galement annonc\u00e9 qu&rsquo;elle participera \u00e0 la prochaine saison de Danse avec les Stars, notamment aux c\u00f4t\u00e9s de Laure Manaudou ou St\u00e9phane Bern.<\/p>\n<p class=\"article-p mdl\">Elle devient la onzi\u00e8me Miss France \u00e0 participer au programme et succ\u00e8de \u00e0 Eve Gilles, Miss France 2024, qui avait termin\u00e9 8e de la derni\u00e8re saison.<\/p>\n<p>    La r\u00e9daction vous recommande<\/p>\n<p class=\"s-newsletter__title\">\n                L\u2019actualit\u00e9 par la r\u00e9daction de RTL dans votre bo\u00eete mail.\n            <\/p>\n<p class=\"s-newsletter__subtitle\">\n                Gr\u00e2ce \u00e0 votre compte RTL abonnez-vous \u00e0 la newsletter RTL info pour suivre toute l&rsquo;actualit\u00e9 au quotidien\n            <\/p>\n<p>\n                                    Lire la suite\n                                <\/p>\n","protected":false},"excerpt":{"rendered":"Passage oblig\u00e9 de la\u00a0c\u00e9r\u00e9monie de Miss France, la laur\u00e9ate de la pr\u00e9c\u00e9dente \u00e9dition,\u00a0Ang\u00e9lique Angarni-Filopon, est venue rendre sa&hellip;\n","protected":false},"author":2,"featured_media":583757,"comment_status":"","ping_status":"","sticky":false,"template":"","format":"standard","meta":{"footnotes":""},"categories":[2],"tags":[11,2414,107,1011,27,3034,12,25,252],"class_list":{"0":"post-583756","1":"post","2":"type-post","3":"status-publish","4":"format-standard","5":"has-post-thumbnail","7":"category-actualites","8":"tag-actualites","9":"tag-fil-culture","10":"tag-fil-info","11":"tag-fr","12":"tag-france","13":"tag-miss-france","14":"tag-news","15":"tag-republique-francaise","16":"tag-television"},"share_on_mastodon":{"url":"https:\/\/pubeurope.com\/@fr\/115677136330919006","error":""},"_links":{"self":[{"href":"https:\/\/www.europesays.com\/fr\/wp-json\/wp\/v2\/posts\/583756","targetHints":{"allow":["GET"]}}],"collection":[{"href":"https:\/\/www.europesays.com\/fr\/wp-json\/wp\/v2\/posts"}],"about":[{"href":"https:\/\/www.europesays.com\/fr\/wp-json\/wp\/v2\/types\/post"}],"author":[{"embeddable":true,"href":"https:\/\/www.europesays.com\/fr\/wp-json\/wp\/v2\/users\/2"}],"replies":[{"embeddable":true,"href":"https:\/\/www.europesays.com\/fr\/wp-json\/wp\/v2\/comments?post=583756"}],"version-history":[{"count":0,"href":"https:\/\/www.europesays.com\/fr\/wp-json\/wp\/v2\/posts\/583756\/revisions"}],"wp:featuredmedia":[{"embeddable":true,"href":"https:\/\/www.europesays.com\/fr\/wp-json\/wp\/v2\/media\/583757"}],"wp:attachment":[{"href":"https:\/\/www.europesays.com\/fr\/wp-json\/wp\/v2\/media?parent=583756"}],"wp:term":[{"taxonomy":"category","embeddable":true,"href":"https:\/\/www.europesays.com\/fr\/wp-json\/wp\/v2\/categories?post=583756"},{"taxonomy":"post_tag","embeddable":true,"href":"https:\/\/www.europesays.com\/fr\/wp-json\/wp\/v2\/tags?post=583756"}],"curies":[{"name":"wp","href":"https:\/\/api.w.org\/{rel}","templated":true}]}}