{"id":583760,"date":"2025-12-07T07:40:15","date_gmt":"2025-12-07T07:40:15","guid":{"rendered":"https:\/\/www.europesays.com\/fr\/583760\/"},"modified":"2025-12-07T07:40:15","modified_gmt":"2025-12-07T07:40:15","slug":"pro-d2-ce-jeune-champion-de-france-de-top-14-avec-le-stade-toulousain-pourrait-rejoindre-le-su-agen-en-pret","status":"publish","type":"post","link":"https:\/\/www.europesays.com\/fr\/583760\/","title":{"rendered":"Pro D2\u00a0: ce jeune champion de France de Top 14 avec le Stade Toulousain pourrait rejoindre le SU Agen en pr\u00eat"},"content":{"rendered":"<p>\n                                                                    l&rsquo;essentiel<br \/>\n                                                                Le SUA esp\u00e8re finaliser l\u2019arriv\u00e9e d\u2019un jeune troisi\u00e8me ligne dans les prochains jours.\n                            <\/p>\n<p>\u00ab\u00a0On travaille sur un pr\u00eat. Ce n\u2019est pas fait. On va avancer dans le week-end, et en d\u00e9but de semaine prochaine.\u00a0\u00bb En conf\u00e9rence de presse d\u2019apr\u00e8s-match, apr\u00e8s le succ\u00e8s du SUA contre Provence Rugby, Mauricio Reggiardo a surpris son monde, indiquant l\u2019arriv\u00e9e prochaine d\u2019un troisi\u00e8me ligne dans son effectif.<\/p>\n<p>Il faut dire que les Agenais ne sont pas \u00e9pargn\u00e9s \u00e0 ce poste. Matthieu Bonnet, victime d\u2019une rupture des ligaments crois\u00e9s, en a fini avec sa saison. Le capitaine Arnaud Duputs, frein\u00e9 par deux commotions, reprendra \u00e0 la \u00ab\u00a0mi-f\u00e9vrier\u00a0\u00bb. Le Tongien Taniela Matakaiongo, bless\u00e9 au mollet, ne reviendra qu\u2019en f\u00e9vrier.<\/p>\n<p class=\"std-elt__inline\">\n        <strong>\u00c0 lire aussi :<\/strong><br \/>\n        <a href=\"https:\/\/www.ladepeche.fr\/2025\/12\/06\/pro-d2-cette-victoire-va-compter-pour-la-suite-les-premieres-reactions-apres-la-victoire-du-su-agen-contre-provence-rugby-13093858.php\" target=\"_blank\" rel=\"noopener\">Pro D2\u00a0: \u00ab\u00a0Cette victoire va compter pour la suite\u00a0\u00bb, les premi\u00e8res r\u00e9actions apr\u00e8s la victoire du SU Agen contre Provence Rugby<\/a>\n    <\/p>\n<p>Enfin, Julien Lebian est aussi sorti touch\u00e9 au coude. Si cela ne suscitait pas forc\u00e9ment d\u2019inqui\u00e9tude chez Mauricio Reggiardo, les solutions sont malgr\u00e9 tout peu nombreuses. Il ne reste que Tomasi Fineanganofo, Valentin Gayraud, Enzo Serieyssol et le jeune Mathys Alifanety au poste, m\u00eame si Denis Marchois ou Evan Olmstead peuvent d\u00e9panner.<\/p>\n<p>Alors, le SUA s\u2019est mis en qu\u00eate d\u2019un pr\u00eat. Il pourrait obtenir, ces prochains jours, l\u2019accord du Stade Toulousain pour la venue de Lomig Jouanny. \u00c2g\u00e9 de 21 ans et originaire de Fronton, ce troisi\u00e8me ligne aile (1,95\u00a0m, 95\u00a0kg) \u00e9tait pass\u00e9 par les \u00e9quipes de jeunes de Montauban, avant de rejoindre le club de Haute-Garonne en 2022.<\/p>\n<p class=\"std-elt__inline\">\n        <strong>\u00c0 lire aussi :<\/strong><br \/>\n        <a href=\"https:\/\/www.ladepeche.fr\/2025\/12\/05\/pro-d2-admirable-de-courage-le-su-agen-triomphe-de-provence-rugby-et-brise-sa-mauvaise-dynamique-avec-la-maniere-13093845.php\" target=\"_blank\" rel=\"noopener\">Pro D2\u00a0: admirable de courage, le SU Agen triomphe de Provence Rugby et brise sa mauvaise dynamique avec la mani\u00e8re<\/a>\n    <\/p>\n<p>Depuis, il s\u2019est forg\u00e9 un joli palmar\u00e8s.\u00a0Champion d\u2019Europe U20 \u00e0 VII en 2022, il a \u00e9galement \u00e9t\u00e9 champion de France Espoirs en\u00a02023 et\u00a02024. Lors de cette derni\u00e8re ann\u00e9e, il a aussi fait sa seule apparition en Top 14, lors d\u2019une rencontre \u00e0 Montpellier, o\u00f9 il \u00e9tait rempla\u00e7ant, et a donc \u00e9t\u00e9 consid\u00e9r\u00e9 comme champion de France.<\/p>\n<p>\u00ab\u00a0S\u2019agissant du pr\u00eat d\u2019un joueur du centre de formation, la d\u00e9cision n\u2019est pas que sportive. Il faut que la LNR valide que le double projet et les \u00e9tudes effectu\u00e9es par le joueur puissent \u00eatre toujours suivies dans la ville o\u00f9 le club accueil se trouve\u00a0\u00bb, explique une source proche du dossier. Le joueur conna\u00eet bien Agen pour y avoir\u00a0\u00e9volu\u00e9 avec les Espoirs du Stade il y a quelques semaines.<\/p>\n","protected":false},"excerpt":{"rendered":"l&rsquo;essentiel Le SUA esp\u00e8re finaliser l\u2019arriv\u00e9e d\u2019un jeune troisi\u00e8me ligne dans les prochains jours. \u00ab\u00a0On travaille sur un&hellip;\n","protected":false},"author":2,"featured_media":583761,"comment_status":"","ping_status":"","sticky":false,"template":"","format":"standard","meta":{"footnotes":""},"categories":[1416],"tags":[8837,1011,27,8838,479,1468,68796,517,60,59561],"class_list":{"0":"post-583760","1":"post","2":"type-post","3":"status-publish","4":"format-standard","5":"has-post-thumbnail","7":"category-rugby","8":"tag-agen","9":"tag-fr","10":"tag-france","11":"tag-lot-et-garonne","12":"tag-rugby","13":"tag-rugby-football","14":"tag-rugby-u00e0-xv","15":"tag-sport","16":"tag-sports","17":"tag-su-agen"},"share_on_mastodon":{"url":"https:\/\/pubeurope.com\/@fr\/115677156101971379","error":""},"_links":{"self":[{"href":"https:\/\/www.europesays.com\/fr\/wp-json\/wp\/v2\/posts\/583760","targetHints":{"allow":["GET"]}}],"collection":[{"href":"https:\/\/www.europesays.com\/fr\/wp-json\/wp\/v2\/posts"}],"about":[{"href":"https:\/\/www.europesays.com\/fr\/wp-json\/wp\/v2\/types\/post"}],"author":[{"embeddable":true,"href":"https:\/\/www.europesays.com\/fr\/wp-json\/wp\/v2\/users\/2"}],"replies":[{"embeddable":true,"href":"https:\/\/www.europesays.com\/fr\/wp-json\/wp\/v2\/comments?post=583760"}],"version-history":[{"count":0,"href":"https:\/\/www.europesays.com\/fr\/wp-json\/wp\/v2\/posts\/583760\/revisions"}],"wp:featuredmedia":[{"embeddable":true,"href":"https:\/\/www.europesays.com\/fr\/wp-json\/wp\/v2\/media\/583761"}],"wp:attachment":[{"href":"https:\/\/www.europesays.com\/fr\/wp-json\/wp\/v2\/media?parent=583760"}],"wp:term":[{"taxonomy":"category","embeddable":true,"href":"https:\/\/www.europesays.com\/fr\/wp-json\/wp\/v2\/categories?post=583760"},{"taxonomy":"post_tag","embeddable":true,"href":"https:\/\/www.europesays.com\/fr\/wp-json\/wp\/v2\/tags?post=583760"}],"curies":[{"name":"wp","href":"https:\/\/api.w.org\/{rel}","templated":true}]}}