{"id":583766,"date":"2025-12-07T07:46:12","date_gmt":"2025-12-07T07:46:12","guid":{"rendered":"https:\/\/www.europesays.com\/fr\/583766\/"},"modified":"2025-12-07T07:46:12","modified_gmt":"2025-12-07T07:46:12","slug":"saucisses-a-t-on-assiste-au-pire-match-de-la-saison-en-europe-lesviolets-com","status":"publish","type":"post","link":"https:\/\/www.europesays.com\/fr\/583766\/","title":{"rendered":"&quot;Saucisses&quot;, a-t-on assist\u00e9 au pire match de la saison en Europe ? &#8211; LesViolets.Com"},"content":{"rendered":"<ol>\n<li><a href=\"https:\/\/news.google.com\/rss\/articles\/CBMipwFBVV95cUxORHhZY1hMYVdQQWJfM0U3UkloTUl0WFhQZGt5eTlUQkhmZlNORHVHSlZXRUR5UmJ0N25Rd016bm40N0t5R2N3U2d2TkdGTDdyUzlvQjQ0dHNoQ3dDdnJOcXEyWW5OWm9nQjUwVzMxR3IzS0VFcXEzaTQwNkhLY2d0QWZrSW0zUFNyYnJMRVh5SmZPR2ZhRElkekd3dFdzcjB5RUJqWXo2cw?oc=5\" target=\"_blank\" rel=\"noopener\">\u00ab\u00a0Saucisses\u00a0\u00bb, a-t-on assist\u00e9 au pire match de la saison en Europe ?<\/a>&nbsp;&nbsp;LesViolets.Com<\/li>\n<li><a href=\"https:\/\/news.google.com\/rss\/articles\/CBMisgFBVV95cUxQNWhQOUdTZVVwRFItNkVjVFplNEJlS0Y1TmRnMEg1c0NkLV9wZ2M3M0hjNEN4dkdiMVRCUW5SdkpBNUZfODJhbTFPTENPUDZJMWJjTlVzLXFMSjREaVZhaXNUV3Y1SlZubFpPTWs5enZoZm85OGREaG5RdDhHa092dVp1UUJoVkxDal9MbnNxaGpnSG5fMExnYUt3ZU5lOUFiQ3FLQkpmT0E1bEZPeFkyclpB?oc=5\" target=\"_blank\" rel=\"noopener\">Suivez Toulouse &#8211; Strasbourg EN DIRECT, Ligue 1, 15e journ\u00e9e<\/a>&nbsp;&nbsp;Eurosport<\/li>\n<li><a href=\"https:\/\/news.google.com\/rss\/articles\/CBMiqgFBVV95cUxNWTNXdWh6QnJQZDF0akhYWGtRLTI1UGdSeFQ4MXBncEM5RWNuWW5HdlB3enpJUjhmVFNhdW5kT0Z2bVJScE0xSldDeV9MbEJkV3E5NjJHZFExS185S1ZwQkZPNnI3ZXBXVzk1QVdYLVNrSDRKZkJCOGhlWXdRamFtZC1QS0w4SDBhdWZyMTVtWU5GNTNzcVR3SXlZQ1Z3ZEFmU1dxUTU1Mm96dw?oc=5\" target=\"_blank\" rel=\"noopener\">Ligue 1. Mais o\u00f9 \u00e9tait pass\u00e9e l\u2019attaque du Racing Club de Strasbourg \u00e0 Toulouse ?<\/a>&nbsp;&nbsp;DNA &#8211; Les Derni\u00e8res Nouvelles d&rsquo;Alsace<\/li>\n<li><a href=\"https:\/\/news.google.com\/rss\/articles\/CBMitgFBVV95cUxNNEtDZ2laRlRXVHZ4V3cxYVNvNnVmcVlmS29USGJQdnBTNkJtQnVvWDExSWU4XzVGSkw4Q3lQMF9fNEJOeFN3dUhtUF9aSlNua2l4MW9XTi1TTGNYc1A2eTgxYmtyZ0JLbUhSdnlLQ1ZxNlhTRDhQYi1xdDJIVzhVVUxNVzR5MlQ3d1VNbTBRLU85NDdSWHRXTXhiM19tSVZoREtqMXZLanllQzM0NVdhQjNRckR4QQ?oc=5\" target=\"_blank\" rel=\"noopener\">TFC \u2013 Strasbourg : pourquoi Frank Magri a \u00e9t\u00e9 remplac\u00e9 d\u00e8s la mi-temps<\/a>&nbsp;&nbsp;ladepeche.fr<\/li>\n<li><a href=\"https:\/\/news.google.com\/rss\/articles\/CBMixgFBVV95cUxOWTdXdEdCTjJzaTdTWGVJZXoxcDd4a2oyMnhIQ3FLSngxYjBIVmFXT3NPeFgySjdTTEVVbzJ1N2JPMkpma25mUU16cHdBcEZUX19vN0puN3ZrSW5RMm9lN3FxNXhSeTdNTzBHM1hPVlJvemx1aExyZnFBa3dDTVItTFd3UU50Z254aWtsaUpPdEJzcXJwRm5ENFlUMDlJdGJ1U3dEcW0taGJOMHMyRmdDc3UwU3Q1SEg1WFVUVnNEVDctakhwZmfSAcQBQVVfeXFMTVpJWXFXNHE4dDBlbXFtRnN2UGZpSlJYY3MyUzREbjBJUEsza3owSmFqV1JNZy02TGRHdjRfaHk3RG5EZWZiUmo0ODVzcFFyTFV2Q1I1VWZ5aXV4N3pTVjlXTW9La3hGUm1jTi1fcFpFWEtBb1NkSHAtN0xtS1VLQTBMN1BMVUxyMFJ1N0lkcGI3QjZxdkxhV2o1VFFGRjNrNlRsUGJSUmtkWjBGVlhZVVBCdXBDSGtHSWcyQTBRUExQOWxBMg?oc=5\" target=\"_blank\" rel=\"noopener\">Ligue 1 (J15) : Toulouse domine Strasbourg dans un match fade : Sports &#8211; Orange<\/a>&nbsp;&nbsp;Sports &#8211; Orange<\/li>\n<\/ol>\n","protected":false},"excerpt":{"rendered":"\u00ab\u00a0Saucisses\u00a0\u00bb, a-t-on assist\u00e9 au pire match de la saison en Europe ?&nbsp;&nbsp;LesViolets.Com Suivez Toulouse &#8211; Strasbourg EN DIRECT,&hellip;\n","protected":false},"author":2,"featured_media":583767,"comment_status":"","ping_status":"","sticky":false,"template":"","format":"standard","meta":{"footnotes":""},"categories":[1410],"tags":[63,1011,27,60],"class_list":{"0":"post-583766","1":"post","2":"type-post","3":"status-publish","4":"format-standard","5":"has-post-thumbnail","7":"category-football","8":"tag-football","9":"tag-fr","10":"tag-france","11":"tag-sports"},"share_on_mastodon":{"url":"https:\/\/pubeurope.com\/@fr\/115677179749064595","error":""},"_links":{"self":[{"href":"https:\/\/www.europesays.com\/fr\/wp-json\/wp\/v2\/posts\/583766","targetHints":{"allow":["GET"]}}],"collection":[{"href":"https:\/\/www.europesays.com\/fr\/wp-json\/wp\/v2\/posts"}],"about":[{"href":"https:\/\/www.europesays.com\/fr\/wp-json\/wp\/v2\/types\/post"}],"author":[{"embeddable":true,"href":"https:\/\/www.europesays.com\/fr\/wp-json\/wp\/v2\/users\/2"}],"replies":[{"embeddable":true,"href":"https:\/\/www.europesays.com\/fr\/wp-json\/wp\/v2\/comments?post=583766"}],"version-history":[{"count":0,"href":"https:\/\/www.europesays.com\/fr\/wp-json\/wp\/v2\/posts\/583766\/revisions"}],"wp:featuredmedia":[{"embeddable":true,"href":"https:\/\/www.europesays.com\/fr\/wp-json\/wp\/v2\/media\/583767"}],"wp:attachment":[{"href":"https:\/\/www.europesays.com\/fr\/wp-json\/wp\/v2\/media?parent=583766"}],"wp:term":[{"taxonomy":"category","embeddable":true,"href":"https:\/\/www.europesays.com\/fr\/wp-json\/wp\/v2\/categories?post=583766"},{"taxonomy":"post_tag","embeddable":true,"href":"https:\/\/www.europesays.com\/fr\/wp-json\/wp\/v2\/tags?post=583766"}],"curies":[{"name":"wp","href":"https:\/\/api.w.org\/{rel}","templated":true}]}}